{"id":38980,"date":"2024-04-01T15:03:06","date_gmt":"2024-04-01T15:03:06","guid":{"rendered":"https:\/\/www.diarionoti7.com.mx\/?p=38980"},"modified":"2024-04-01T15:03:53","modified_gmt":"2024-04-01T15:03:53","slug":"mega-feria-de-servicios-infonavit-2024-canek-vazquez","status":"publish","type":"post","link":"https:\/\/www.diarionoti7.com.mx\/?p=38980","title":{"rendered":"Mega Feria de Servicios Infonavit 2024: Canek V\u00e1zquez"},"content":{"rendered":"\t\t<div data-elementor-type=\"wp-post\" data-elementor-id=\"38980\" class=\"elementor elementor-38980\">\n\t\t\t\t\t\t\t\t\t<section class=\"elementor-section elementor-top-section elementor-element elementor-element-c09b8f0 elementor-section-boxed elementor-section-height-default elementor-section-height-default\" data-id=\"c09b8f0\" data-element_type=\"section\">\n\t\t\t\t\t\t<div class=\"elementor-container elementor-column-gap-default\">\n\t\t\t\t\t<div class=\"elementor-column elementor-col-100 elementor-top-column elementor-element elementor-element-955a561\" data-id=\"955a561\" data-element_type=\"column\">\n\t\t\t<div class=\"elementor-widget-wrap elementor-element-populated\">\n\t\t\t\t\t\t\t\t<div class=\"elementor-element elementor-element-0ce869c elementor-widget elementor-widget-text-editor\" data-id=\"0ce869c\" data-element_type=\"widget\" data-widget_type=\"text-editor.default\">\n\t\t\t\t<div class=\"elementor-widget-container\">\n\t\t\t<style>\/*! elementor - v3.10.2 - 29-01-2023 *\/\n.elementor-widget-text-editor.elementor-drop-cap-view-stacked .elementor-drop-cap{background-color:#818a91;color:#fff}.elementor-widget-text-editor.elementor-drop-cap-view-framed .elementor-drop-cap{color:#818a91;border:3px solid;background-color:transparent}.elementor-widget-text-editor:not(.elementor-drop-cap-view-default) .elementor-drop-cap{margin-top:8px}.elementor-widget-text-editor:not(.elementor-drop-cap-view-default) .elementor-drop-cap-letter{width:1em;height:1em}.elementor-widget-text-editor .elementor-drop-cap{float:left;text-align:center;line-height:1;font-size:50px}.elementor-widget-text-editor .elementor-drop-cap-letter{display:inline-block}<\/style>\t\t\t\t<p><strong>&#8211;\u00a0 Se realizar\u00e1 el fin de semana del 6 y 7 de abril, de 9 am a 3 de la tarde<\/strong><\/p><p><strong>&#8211;\u00a0 Podr\u00e1n consultar oferta de vivienda, solicitar cr\u00e9ditos para vivienda o mejora, tramitaci\u00f3n de escrituras y m\u00e1s.<\/strong><\/p><p><strong>Pachuca, Hgo., 31 de marzo de 2024.-<\/strong> El delegado regional del Infonavit en Hidalgo, Canek V\u00e1zquez, anunci\u00f3 la realizaci\u00f3n de la Mega Feria de Servicios el pr\u00f3ximo fin de semana, 6 y 7 de abril, en el Polideportivo Carlos Mart\u00ednez Balmori, ubicado en la Ciudad del Conocimiento, Mineral de la Reforma.<\/p><p>\u201cLa segunda Mega Feria de Servicios del Infonavit en Hidalgo congregar\u00e1 en un \u00fanico espacio todas las atenciones que se ofrecen generalmente en el Centro de Servicios (CESI) de Pachuca y Tula, con el objetivo de acercarlas a un mayor n\u00famero de personas, anticipando una gran afluencia a este importante evento\u201d, agreg\u00f3.<\/p><p>Bajo el liderazgo del director general, Carlos Mart\u00ednez, se revel\u00f3 que se trata de un evento sin fines de lucro, que se organiza con el firme prop\u00f3sito de proporcionar atenci\u00f3n personalizada a las y los derechohabientes que, por diversas razones, no han podido resolver sus problemas, dudas y preguntas con el Instituto, debido en muchos casos a restricciones de tiempo laboral, representando una excelente alternativa al realizarse en fin de semana.<\/p><p>\u201cEl objetivo de la Mega Feria es concentrar en un solo lugar las atenciones que ofrece el Infonavit, permitiendo que las y los trabajadores puedan realizar tr\u00e1mites o recibir informaci\u00f3n sobre las \u00e1reas de Cartera, Cr\u00e9dito, Jur\u00eddico, Fiscalizaci\u00f3n e incluso asuntos t\u00e9cnicos, entre otros\u201d, indic\u00f3.<\/p><p>Entre los servicios disponibles para los asistentes se encuentran las pre calificaciones, solicitud de financiamiento para vivienda o mejora, tramitaci\u00f3n de escrituras e incluso iniciar el proceso de conversi\u00f3n de su cr\u00e9dito de veces salario m\u00ednimo a pesos.<\/p><p>Adem\u00e1s, se contar\u00e1 con la participaci\u00f3n de desarrolladoras, notarias, la C\u00e1mara Nacional de la Industria de la Vivienda (CANADEVI), un m\u00f3dulo del IMSS, as\u00ed como pl\u00e1ticas sobre \u201cMi Cuenta Infonavit\u201d y el programa \u201cResponsabilidad Compartida\u201d, brindando a quienes consideran utilizar su cr\u00e9dito mayores opciones en un mismo sitio.<\/p><p>La segunda Mega Feria tambi\u00e9n incluir\u00e1 la participaci\u00f3n de grupos art\u00edsticos y actividades completamente familiares para disfrutar de un fin de semana muy agradable.<\/p><p>Para finalizar, el delegado inform\u00f3 que el horario de servicio ser\u00e1 de 9:00 a.m. a 3:00 p.m. el s\u00e1bado 6 y domingo 7 de abril, asegurando que el servicio no cesar\u00e1 hasta que el \u00faltimo derechohabiente sea atendido.<\/p>\t\t\t\t\t\t<\/div>\n\t\t\t\t<\/div>\n\t\t\t\t\t<\/div>\n\t\t<\/div>\n\t\t\t\t\t\t\t<\/div>\n\t\t<\/section>\n\t\t\t\t\t\t\t<\/div>\n\t\t","protected":false},"excerpt":{"rendered":"<p>&#8211;\u00a0 Se realizar\u00e1 el fin de semana del 6 y 7 de abril, de 9 am a 3 de la tarde &#8211;\u00a0 Podr\u00e1n consultar oferta de vivienda, solicitar cr\u00e9ditos para vivienda o mejora, tramitaci\u00f3n de escrituras y m\u00e1s. Pachuca, Hgo., 31 de marzo de 2024.- El delegado regional del Infonavit en Hidalgo, Canek V\u00e1zquez, anunci\u00f3 [&hellip;]<\/p>\n","protected":false},"author":1,"featured_media":38982,"comment_status":"closed","ping_status":"closed","sticky":false,"template":"","format":"standard","meta":[],"categories":[6],"tags":[],"_links":{"self":[{"href":"https:\/\/www.diarionoti7.com.mx\/index.php?rest_route=\/wp\/v2\/posts\/38980"}],"collection":[{"href":"https:\/\/www.diarionoti7.com.mx\/index.php?rest_route=\/wp\/v2\/posts"}],"about":[{"href":"https:\/\/www.diarionoti7.com.mx\/index.php?rest_route=\/wp\/v2\/types\/post"}],"author":[{"embeddable":true,"href":"https:\/\/www.diarionoti7.com.mx\/index.php?rest_route=\/wp\/v2\/users\/1"}],"replies":[{"embeddable":true,"href":"https:\/\/www.diarionoti7.com.mx\/index.php?rest_route=%2Fwp%2Fv2%2Fcomments&post=38980"}],"version-history":[{"count":4,"href":"https:\/\/www.diarionoti7.com.mx\/index.php?rest_route=\/wp\/v2\/posts\/38980\/revisions"}],"predecessor-version":[{"id":38985,"href":"https:\/\/www.diarionoti7.com.mx\/index.php?rest_route=\/wp\/v2\/posts\/38980\/revisions\/38985"}],"wp:featuredmedia":[{"embeddable":true,"href":"https:\/\/www.diarionoti7.com.mx\/index.php?rest_route=\/wp\/v2\/media\/38982"}],"wp:attachment":[{"href":"https:\/\/www.diarionoti7.com.mx\/index.php?rest_route=%2Fwp%2Fv2%2Fmedia&parent=38980"}],"wp:term":[{"taxonomy":"category","embeddable":true,"href":"https:\/\/www.diarionoti7.com.mx\/index.php?rest_route=%2Fwp%2Fv2%2Fcategories&post=38980"},{"taxonomy":"post_tag","embeddable":true,"href":"https:\/\/www.diarionoti7.com.mx\/index.php?rest_route=%2Fwp%2Fv2%2Ftags&post=38980"}],"curies":[{"name":"wp","href":"https:\/\/api.w.org\/{rel}","templated":true}]}}