{"id":38974,"date":"2024-04-01T15:02:06","date_gmt":"2024-04-01T15:02:06","guid":{"rendered":"https:\/\/www.diarionoti7.com.mx\/?p=38974"},"modified":"2024-04-01T15:03:03","modified_gmt":"2024-04-01T15:03:03","slug":"reformas-laborales-solo-para-una-minoria-de-mexico-concanaco-servytur-mexico","status":"publish","type":"post","link":"https:\/\/www.diarionoti7.com.mx\/?p=38974","title":{"rendered":"Reformas Laborales, Solo Para Una Minor\u00eda de M\u00e9xico: CONCANACO SERVYTUR M\u00e9xico"},"content":{"rendered":"\t\t<div data-elementor-type=\"wp-post\" data-elementor-id=\"38974\" class=\"elementor elementor-38974\">\n\t\t\t\t\t\t\t\t\t<section class=\"elementor-section elementor-top-section elementor-element elementor-element-c09b8f0 elementor-section-boxed elementor-section-height-default elementor-section-height-default\" data-id=\"c09b8f0\" data-element_type=\"section\">\n\t\t\t\t\t\t<div class=\"elementor-container elementor-column-gap-default\">\n\t\t\t\t\t<div class=\"elementor-column elementor-col-100 elementor-top-column elementor-element elementor-element-955a561\" data-id=\"955a561\" data-element_type=\"column\">\n\t\t\t<div class=\"elementor-widget-wrap elementor-element-populated\">\n\t\t\t\t\t\t\t\t<div class=\"elementor-element elementor-element-0ce869c elementor-widget elementor-widget-text-editor\" data-id=\"0ce869c\" data-element_type=\"widget\" data-widget_type=\"text-editor.default\">\n\t\t\t\t<div class=\"elementor-widget-container\">\n\t\t\t<style>\/*! elementor - v3.10.2 - 29-01-2023 *\/\n.elementor-widget-text-editor.elementor-drop-cap-view-stacked .elementor-drop-cap{background-color:#818a91;color:#fff}.elementor-widget-text-editor.elementor-drop-cap-view-framed .elementor-drop-cap{color:#818a91;border:3px solid;background-color:transparent}.elementor-widget-text-editor:not(.elementor-drop-cap-view-default) .elementor-drop-cap{margin-top:8px}.elementor-widget-text-editor:not(.elementor-drop-cap-view-default) .elementor-drop-cap-letter{width:1em;height:1em}.elementor-widget-text-editor .elementor-drop-cap{float:left;text-align:center;line-height:1;font-size:50px}.elementor-widget-text-editor .elementor-drop-cap-letter{display:inline-block}<\/style>\t\t\t\t<p><strong>Ciudad de M\u00e9xico, 31 de marzo de 2024.-<\/strong>Las medidas aprobadas dejan desprotegida a la mayor\u00eda de los mexicanos que trabaja en condiciones precarias y sin garant\u00edas, m\u00e1s a\u00fan cuando los j\u00f3venes son los m\u00e1s perjudicados; el 72 por ciento de los j\u00f3venes mexicanos ocupados menores de 24 a\u00f1os labora en la informalidad<strong>.<\/strong><\/p><p>Los esfuerzos del gobierno y los legisladores para impulsar reformas laborales que beneficien a los trabajadores \u00fanicamente permean en una minor\u00eda de la fuerza laboral, pues la mayor\u00eda opera en la informalidad y no puede acceder a ning\u00fan derecho, se\u00f1al\u00f3 el presidente de la Confederaci\u00f3n de C\u00e1maras Nacionales de Comercio, Servicios y Turismo de los Estados Unidos Mexicanos (CONCANACO SERVYTUR M\u00e9xico), Octavio de la Torre de St\u00e9ffano.<\/p><p>Seg\u00fan datos del Instituto Nacional de Estad\u00edstica y Geograf\u00eda (INEGI), hasta el cuarto trimestre de 2023, el 54.8 por ciento de la poblaci\u00f3n ocupada en nuestro pa\u00eds opera en la informalidad, lo que equivale a m\u00e1s de 32.5 millones de personas que quedan al margen de las reformas y leyes laborales aprobadas por el gobierno.<\/p><p>Es evidente que las medidas impulsadas por el sector formal empresarial, el gobierno y los trabajadores, as\u00ed como las reformas legislativas, benefician \u00fanicamente al 45.2 por ciento de la fuerza laboral, dejando desprotegida a la mayor\u00eda que trabaja en condiciones precarias y sin garant\u00edas.<\/p><p>J\u00d3VENES, LOS M\u00c1S PERJUDICADOS POR LA INFORMALIDAD<\/p><p>El 72 por ciento de los j\u00f3venes mexicanos ocupados menores de 24 a\u00f1os labora en la informalidad, una lacra que, adem\u00e1s de impedirles su acceso a beneficios como salud, seguridad social, pensiones y vivienda, lastra su futuro.<\/p><p>\u201cResulta alarmante que, a pesar de los esfuerzos por promover la formalizaci\u00f3n laboral, la informalidad contin\u00fae siendo un problema estructural en M\u00e9xico, representando m\u00e1s de la mitad, la mayor\u00eda, de la econom\u00eda nacional\u201d, advirti\u00f3 el Dr. De la Torre. \u201cEsta realidad no solo genera pobreza en millones de trabajadores y sus familias, sino que tambi\u00e9n limita el crecimiento y desarrollo del pa\u00eds al privar a una gran parte de la poblaci\u00f3n de las oportunidades m\u00e1s b\u00e1sicas\u201d.<\/p><p>La CONCANACO SERVYTUR M\u00e9xico exhorta as\u00ed al Congreso de la Uni\u00f3n a que enfoque sus esfuerzos en garantizar el crecimiento y desarrollo de la poblaci\u00f3n que s\u00ed cumple con las normativas laborales, evitando la sobrerregulaci\u00f3n que ahoga a los negocios familiares y empresariales. Al mismo tiempo, se deben implementar normativas efectivas que contribuyan a reducir la informalidad y brinden oportunidades reales de crecimiento a todos los mexicanos.<\/p><p>El organismo c\u00fapula, que por ley representa a m\u00e1s de 4.8 millones de negocios familiares en nuestro pa\u00eds, reafirma su compromiso de trabajar en conjunto con el gobierno, el sector empresarial y los trabajadores para combatir la informalidad, el mercado gris y la sobrerregulaci\u00f3n, con el objetivo de impulsar el crecimiento econ\u00f3mico y el desarrollo social de M\u00e9xico.<\/p>\t\t\t\t\t\t<\/div>\n\t\t\t\t<\/div>\n\t\t\t\t\t<\/div>\n\t\t<\/div>\n\t\t\t\t\t\t\t<\/div>\n\t\t<\/section>\n\t\t\t\t\t\t\t<\/div>\n\t\t","protected":false},"excerpt":{"rendered":"<p>Ciudad de M\u00e9xico, 31 de marzo de 2024.-Las medidas aprobadas dejan desprotegida a la mayor\u00eda de los mexicanos que trabaja en condiciones precarias y sin garant\u00edas, m\u00e1s a\u00fan cuando los j\u00f3venes son los m\u00e1s perjudicados; el 72 por ciento de los j\u00f3venes mexicanos ocupados menores de 24 a\u00f1os labora en la informalidad. Los esfuerzos del [&hellip;]<\/p>\n","protected":false},"author":1,"featured_media":38976,"comment_status":"closed","ping_status":"closed","sticky":false,"template":"","format":"standard","meta":[],"categories":[6],"tags":[],"_links":{"self":[{"href":"https:\/\/www.diarionoti7.com.mx\/index.php?rest_route=\/wp\/v2\/posts\/38974"}],"collection":[{"href":"https:\/\/www.diarionoti7.com.mx\/index.php?rest_route=\/wp\/v2\/posts"}],"about":[{"href":"https:\/\/www.diarionoti7.com.mx\/index.php?rest_route=\/wp\/v2\/types\/post"}],"author":[{"embeddable":true,"href":"https:\/\/www.diarionoti7.com.mx\/index.php?rest_route=\/wp\/v2\/users\/1"}],"replies":[{"embeddable":true,"href":"https:\/\/www.diarionoti7.com.mx\/index.php?rest_route=%2Fwp%2Fv2%2Fcomments&post=38974"}],"version-history":[{"count":4,"href":"https:\/\/www.diarionoti7.com.mx\/index.php?rest_route=\/wp\/v2\/posts\/38974\/revisions"}],"predecessor-version":[{"id":38979,"href":"https:\/\/www.diarionoti7.com.mx\/index.php?rest_route=\/wp\/v2\/posts\/38974\/revisions\/38979"}],"wp:featuredmedia":[{"embeddable":true,"href":"https:\/\/www.diarionoti7.com.mx\/index.php?rest_route=\/wp\/v2\/media\/38976"}],"wp:attachment":[{"href":"https:\/\/www.diarionoti7.com.mx\/index.php?rest_route=%2Fwp%2Fv2%2Fmedia&parent=38974"}],"wp:term":[{"taxonomy":"category","embeddable":true,"href":"https:\/\/www.diarionoti7.com.mx\/index.php?rest_route=%2Fwp%2Fv2%2Fcategories&post=38974"},{"taxonomy":"post_tag","embeddable":true,"href":"https:\/\/www.diarionoti7.com.mx\/index.php?rest_route=%2Fwp%2Fv2%2Ftags&post=38974"}],"curies":[{"name":"wp","href":"https:\/\/api.w.org\/{rel}","templated":true}]}}