{"id":38931,"date":"2024-03-31T17:09:22","date_gmt":"2024-03-31T17:09:22","guid":{"rendered":"https:\/\/www.diarionoti7.com.mx\/?p=38931"},"modified":"2024-03-31T17:10:53","modified_gmt":"2024-03-31T17:10:53","slug":"claudia-sheinbaum-continuara-sumando-voluntades-en-puebla-y-morelos","status":"publish","type":"post","link":"https:\/\/www.diarionoti7.com.mx\/?p=38931","title":{"rendered":"Claudia Sheinbaum continuar\u00e1 sumando voluntades en Puebla y Morelos"},"content":{"rendered":"\t\t<div data-elementor-type=\"wp-post\" data-elementor-id=\"38931\" class=\"elementor elementor-38931\">\n\t\t\t\t\t\t\t\t\t<section class=\"elementor-section elementor-top-section elementor-element elementor-element-c09b8f0 elementor-section-boxed elementor-section-height-default elementor-section-height-default\" data-id=\"c09b8f0\" data-element_type=\"section\">\n\t\t\t\t\t\t<div class=\"elementor-container elementor-column-gap-default\">\n\t\t\t\t\t<div class=\"elementor-column elementor-col-100 elementor-top-column elementor-element elementor-element-955a561\" data-id=\"955a561\" data-element_type=\"column\">\n\t\t\t<div class=\"elementor-widget-wrap elementor-element-populated\">\n\t\t\t\t\t\t\t\t<div class=\"elementor-element elementor-element-0ce869c elementor-widget elementor-widget-text-editor\" data-id=\"0ce869c\" data-element_type=\"widget\" data-widget_type=\"text-editor.default\">\n\t\t\t\t<div class=\"elementor-widget-container\">\n\t\t\t<style>\/*! elementor - v3.10.2 - 29-01-2023 *\/\n.elementor-widget-text-editor.elementor-drop-cap-view-stacked .elementor-drop-cap{background-color:#818a91;color:#fff}.elementor-widget-text-editor.elementor-drop-cap-view-framed .elementor-drop-cap{color:#818a91;border:3px solid;background-color:transparent}.elementor-widget-text-editor:not(.elementor-drop-cap-view-default) .elementor-drop-cap{margin-top:8px}.elementor-widget-text-editor:not(.elementor-drop-cap-view-default) .elementor-drop-cap-letter{width:1em;height:1em}.elementor-widget-text-editor .elementor-drop-cap{float:left;text-align:center;line-height:1;font-size:50px}.elementor-widget-text-editor .elementor-drop-cap-letter{display:inline-block}<\/style>\t\t\t\t<p><strong>-Tras reunirse con miles de personas de Puerto Escondido, Santa Mar\u00eda Huatulco, Tlacolula de Matamoros y Miahuatl\u00e1n de Porfirio D\u00edaz en Oaxaca, Claudia Sheinbaum continuar\u00e1 sumando voluntades en Puebla y Morelos<\/strong><\/p><p><strong>30 de marzo de 2024.-<\/strong> Luego de reunirse con 54 mil personas en cuatro municipios de Oaxaca, Claudia Sheinbaum visitar\u00e1 Puebla y Morelos con la finalidad de fortalecer los cimientos de la 4T en estos estados durante el arranque de campa\u00f1a como candidatos a la gubernatura de Alejandro Armenta Mier y Margarita Gonz\u00e1lez Saravia.<\/p><p>Ser\u00e1 este domingo 31 de marzo, cuando Claudia Sheinbaum contin\u00fae con su recorrido por toda la Rep\u00fablica Mexicana como parte de su campa\u00f1a rumbo a la Presidencia, en la que ya ha visitado 21 estados.<\/p><p>En Puebla, a las 11:00 horas en la Plaza de la Constituci\u00f3n, Claudia Sheinbaum acompa\u00f1ar\u00e1 a Alejandro Armenta Mier en el comienzo de su campa\u00f1a como candidato a la gubernatura del estado.<\/p><p>Posteriormente en Cuernavaca en la Plaza de Armas a las 17:00 horas, Claudia Sheinbaum y Margarita Gonz\u00e1lez Saravia dar\u00e1n banderazo de salida a la campa\u00f1a por la gubernatura de Morelos.<\/p><p>Claudia Sheinbaum est\u00e1 en su quinta semana de campa\u00f1a como candidata de la coalici\u00f3n \u201cSigamos Haciendo Historia\u201d, en la que ha sido testigo de la emoci\u00f3n por la continuidad de la 4T.<\/p>\t\t\t\t\t\t<\/div>\n\t\t\t\t<\/div>\n\t\t\t\t\t<\/div>\n\t\t<\/div>\n\t\t\t\t\t\t\t<\/div>\n\t\t<\/section>\n\t\t\t\t\t\t\t<\/div>\n\t\t","protected":false},"excerpt":{"rendered":"<p>-Tras reunirse con miles de personas de Puerto Escondido, Santa Mar\u00eda Huatulco, Tlacolula de Matamoros y Miahuatl\u00e1n de Porfirio D\u00edaz en Oaxaca, Claudia Sheinbaum continuar\u00e1 sumando voluntades en Puebla y Morelos 30 de marzo de 2024.- Luego de reunirse con 54 mil personas en cuatro municipios de Oaxaca, Claudia Sheinbaum visitar\u00e1 Puebla y Morelos con [&hellip;]<\/p>\n","protected":false},"author":1,"featured_media":38933,"comment_status":"closed","ping_status":"closed","sticky":false,"template":"","format":"standard","meta":[],"categories":[7],"tags":[],"_links":{"self":[{"href":"https:\/\/www.diarionoti7.com.mx\/index.php?rest_route=\/wp\/v2\/posts\/38931"}],"collection":[{"href":"https:\/\/www.diarionoti7.com.mx\/index.php?rest_route=\/wp\/v2\/posts"}],"about":[{"href":"https:\/\/www.diarionoti7.com.mx\/index.php?rest_route=\/wp\/v2\/types\/post"}],"author":[{"embeddable":true,"href":"https:\/\/www.diarionoti7.com.mx\/index.php?rest_route=\/wp\/v2\/users\/1"}],"replies":[{"embeddable":true,"href":"https:\/\/www.diarionoti7.com.mx\/index.php?rest_route=%2Fwp%2Fv2%2Fcomments&post=38931"}],"version-history":[{"count":4,"href":"https:\/\/www.diarionoti7.com.mx\/index.php?rest_route=\/wp\/v2\/posts\/38931\/revisions"}],"predecessor-version":[{"id":38936,"href":"https:\/\/www.diarionoti7.com.mx\/index.php?rest_route=\/wp\/v2\/posts\/38931\/revisions\/38936"}],"wp:featuredmedia":[{"embeddable":true,"href":"https:\/\/www.diarionoti7.com.mx\/index.php?rest_route=\/wp\/v2\/media\/38933"}],"wp:attachment":[{"href":"https:\/\/www.diarionoti7.com.mx\/index.php?rest_route=%2Fwp%2Fv2%2Fmedia&parent=38931"}],"wp:term":[{"taxonomy":"category","embeddable":true,"href":"https:\/\/www.diarionoti7.com.mx\/index.php?rest_route=%2Fwp%2Fv2%2Fcategories&post=38931"},{"taxonomy":"post_tag","embeddable":true,"href":"https:\/\/www.diarionoti7.com.mx\/index.php?rest_route=%2Fwp%2Fv2%2Ftags&post=38931"}],"curies":[{"name":"wp","href":"https:\/\/api.w.org\/{rel}","templated":true}]}}