{"id":38900,"date":"2024-03-31T17:00:27","date_gmt":"2024-03-31T17:00:27","guid":{"rendered":"https:\/\/www.diarionoti7.com.mx\/?p=38900"},"modified":"2024-03-31T17:02:33","modified_gmt":"2024-03-31T17:02:33","slug":"luis-miguel-escudero-hernandez-fue-reelecto-presidente-de-la-camara-nacional-de-comercio-servytur-pachuca-para-el-2024-2025","status":"publish","type":"post","link":"https:\/\/www.diarionoti7.com.mx\/?p=38900","title":{"rendered":"Luis Miguel Escudero Hern\u00e1ndez Fue Reelecto Presidente de La C\u00e1mara Nacional de Comercio SERVYTUR-Pachuca para el 2024-2025"},"content":{"rendered":"\t\t<div data-elementor-type=\"wp-post\" data-elementor-id=\"38900\" class=\"elementor elementor-38900\">\n\t\t\t\t\t\t\t\t\t<section class=\"elementor-section elementor-top-section elementor-element elementor-element-c09b8f0 elementor-section-boxed elementor-section-height-default elementor-section-height-default\" data-id=\"c09b8f0\" data-element_type=\"section\">\n\t\t\t\t\t\t<div class=\"elementor-container elementor-column-gap-default\">\n\t\t\t\t\t<div class=\"elementor-column elementor-col-100 elementor-top-column elementor-element elementor-element-955a561\" data-id=\"955a561\" data-element_type=\"column\">\n\t\t\t<div class=\"elementor-widget-wrap elementor-element-populated\">\n\t\t\t\t\t\t\t\t<div class=\"elementor-element elementor-element-0ce869c elementor-widget elementor-widget-text-editor\" data-id=\"0ce869c\" data-element_type=\"widget\" data-widget_type=\"text-editor.default\">\n\t\t\t\t<div class=\"elementor-widget-container\">\n\t\t\t<style>\/*! elementor - v3.10.2 - 29-01-2023 *\/\n.elementor-widget-text-editor.elementor-drop-cap-view-stacked .elementor-drop-cap{background-color:#818a91;color:#fff}.elementor-widget-text-editor.elementor-drop-cap-view-framed .elementor-drop-cap{color:#818a91;border:3px solid;background-color:transparent}.elementor-widget-text-editor:not(.elementor-drop-cap-view-default) .elementor-drop-cap{margin-top:8px}.elementor-widget-text-editor:not(.elementor-drop-cap-view-default) .elementor-drop-cap-letter{width:1em;height:1em}.elementor-widget-text-editor .elementor-drop-cap{float:left;text-align:center;line-height:1;font-size:50px}.elementor-widget-text-editor .elementor-drop-cap-letter{display:inline-block}<\/style>\t\t\t\t<p><strong>Pachuca, Hgo., 30 de marzo 2023.- <\/strong>La\u00a0C\u00e1mara Nacional de Comercio SERVYTUR-Pachuca\u00a0celebr\u00f3 su\u00a0Asamblea n\u00famero 86,\u00a0durante la cual se llev\u00f3 a cabo del\u00a0proceso de elecci\u00f3n del presidente para el 2024-2025\u00a0y fue\u00a0reelecto Luis Miguel Escudero Hern\u00e1ndez.<\/p><p>De acuerdo con informaci\u00f3n emitida por el organismo,\u00a0Luis Miguel Escudero Hern\u00e1ndez ha demostrado un compromiso\u00a0con el\u00a0desarrollo econ\u00f3mico y comercial de Pachuca,\u00a0por ello dar\u00e1\u00a0continuidad al trabajo\u00a0de la C\u00e1mara de Comercio con visi\u00f3n, dedicaci\u00f3n y experiencia.<\/p><p>En un comunicado se precis\u00f3 que su reelecci\u00f3n es testimonio del\u00a0respaldo y la confianza depositada en su liderazgo\u00a0por parte de los miembros de la c\u00e1mara y la comunidad empresarial de la regi\u00f3n.<\/p><p>La\u00a0Asamblea 86 fue un espacio de di\u00e1logo constructivo\u00a0donde se abordaron diversos temas de inter\u00e9s para el sector empresarial,\u00a0se presentaron informes de gesti\u00f3n y se delinearon las estrategias a seguir\u00a0para fortalecer el papel de la c\u00e1mara en el impulso del comercio local y el crecimiento econ\u00f3mico de la regi\u00f3n.<\/p><p>En este sentido,\u00a0Luis Miguel Escudero expres\u00f3 su agradecimiento por la confianza depositada en \u00e9l\u00a0y\u00a0reafirm\u00f3 su compromiso de trabajar\u00a0en beneficio de todos los empresarios y emprendedores de Pachuca.<\/p><p>La C\u00e1mara de Comercio de Pachuca reafirma su compromiso de seguir como un pilar fundamental en el desarrollo econ\u00f3mico y empresarial de la regi\u00f3n.<\/p>\t\t\t\t\t\t<\/div>\n\t\t\t\t<\/div>\n\t\t\t\t\t<\/div>\n\t\t<\/div>\n\t\t\t\t\t\t\t<\/div>\n\t\t<\/section>\n\t\t\t\t\t\t\t<\/div>\n\t\t","protected":false},"excerpt":{"rendered":"<p>Pachuca, Hgo., 30 de marzo 2023.- La\u00a0C\u00e1mara Nacional de Comercio SERVYTUR-Pachuca\u00a0celebr\u00f3 su\u00a0Asamblea n\u00famero 86,\u00a0durante la cual se llev\u00f3 a cabo del\u00a0proceso de elecci\u00f3n del presidente para el 2024-2025\u00a0y fue\u00a0reelecto Luis Miguel Escudero Hern\u00e1ndez. De acuerdo con informaci\u00f3n emitida por el organismo,\u00a0Luis Miguel Escudero Hern\u00e1ndez ha demostrado un compromiso\u00a0con el\u00a0desarrollo econ\u00f3mico y comercial de Pachuca,\u00a0por ello [&hellip;]<\/p>\n","protected":false},"author":1,"featured_media":38903,"comment_status":"closed","ping_status":"closed","sticky":false,"template":"","format":"standard","meta":[],"categories":[6],"tags":[],"_links":{"self":[{"href":"https:\/\/www.diarionoti7.com.mx\/index.php?rest_route=\/wp\/v2\/posts\/38900"}],"collection":[{"href":"https:\/\/www.diarionoti7.com.mx\/index.php?rest_route=\/wp\/v2\/posts"}],"about":[{"href":"https:\/\/www.diarionoti7.com.mx\/index.php?rest_route=\/wp\/v2\/types\/post"}],"author":[{"embeddable":true,"href":"https:\/\/www.diarionoti7.com.mx\/index.php?rest_route=\/wp\/v2\/users\/1"}],"replies":[{"embeddable":true,"href":"https:\/\/www.diarionoti7.com.mx\/index.php?rest_route=%2Fwp%2Fv2%2Fcomments&post=38900"}],"version-history":[{"count":4,"href":"https:\/\/www.diarionoti7.com.mx\/index.php?rest_route=\/wp\/v2\/posts\/38900\/revisions"}],"predecessor-version":[{"id":38906,"href":"https:\/\/www.diarionoti7.com.mx\/index.php?rest_route=\/wp\/v2\/posts\/38900\/revisions\/38906"}],"wp:featuredmedia":[{"embeddable":true,"href":"https:\/\/www.diarionoti7.com.mx\/index.php?rest_route=\/wp\/v2\/media\/38903"}],"wp:attachment":[{"href":"https:\/\/www.diarionoti7.com.mx\/index.php?rest_route=%2Fwp%2Fv2%2Fmedia&parent=38900"}],"wp:term":[{"taxonomy":"category","embeddable":true,"href":"https:\/\/www.diarionoti7.com.mx\/index.php?rest_route=%2Fwp%2Fv2%2Fcategories&post=38900"},{"taxonomy":"post_tag","embeddable":true,"href":"https:\/\/www.diarionoti7.com.mx\/index.php?rest_route=%2Fwp%2Fv2%2Ftags&post=38900"}],"curies":[{"name":"wp","href":"https:\/\/api.w.org\/{rel}","templated":true}]}}