{"id":38639,"date":"2024-03-27T18:21:39","date_gmt":"2024-03-27T18:21:39","guid":{"rendered":"https:\/\/www.diarionoti7.com.mx\/?p=38639"},"modified":"2024-03-27T18:23:26","modified_gmt":"2024-03-27T18:23:26","slug":"no-vamos-a-dejar-solo-a-oaxaca-vamos-a-poner-nuestro-corazon-y-nuestro-empeno-claudia-sheinbaum-desde-tlacolula-de-matamoros","status":"publish","type":"post","link":"https:\/\/www.diarionoti7.com.mx\/?p=38639","title":{"rendered":"No Vamos a Dejar Solo a Oaxaca, Vamos a Poner Nuestro Coraz\u00f3n y Nuestro Empe\u00f1o: Claudia Sheinbaum Desde Tlacolula de Matamoros"},"content":{"rendered":"\t\t<div data-elementor-type=\"wp-post\" data-elementor-id=\"38639\" class=\"elementor elementor-38639\">\n\t\t\t\t\t\t\t\t\t<section class=\"elementor-section elementor-top-section elementor-element elementor-element-c09b8f0 elementor-section-boxed elementor-section-height-default elementor-section-height-default\" data-id=\"c09b8f0\" data-element_type=\"section\">\n\t\t\t\t\t\t<div class=\"elementor-container elementor-column-gap-default\">\n\t\t\t\t\t<div class=\"elementor-column elementor-col-100 elementor-top-column elementor-element elementor-element-955a561\" data-id=\"955a561\" data-element_type=\"column\">\n\t\t\t<div class=\"elementor-widget-wrap elementor-element-populated\">\n\t\t\t\t\t\t\t\t<div class=\"elementor-element elementor-element-0ce869c elementor-widget elementor-widget-text-editor\" data-id=\"0ce869c\" data-element_type=\"widget\" data-widget_type=\"text-editor.default\">\n\t\t\t\t<div class=\"elementor-widget-container\">\n\t\t\t<style>\/*! elementor - v3.10.2 - 29-01-2023 *\/\n.elementor-widget-text-editor.elementor-drop-cap-view-stacked .elementor-drop-cap{background-color:#818a91;color:#fff}.elementor-widget-text-editor.elementor-drop-cap-view-framed .elementor-drop-cap{color:#818a91;border:3px solid;background-color:transparent}.elementor-widget-text-editor:not(.elementor-drop-cap-view-default) .elementor-drop-cap{margin-top:8px}.elementor-widget-text-editor:not(.elementor-drop-cap-view-default) .elementor-drop-cap-letter{width:1em;height:1em}.elementor-widget-text-editor .elementor-drop-cap{float:left;text-align:center;line-height:1;font-size:50px}.elementor-widget-text-editor .elementor-drop-cap-letter{display:inline-block}<\/style>\t\t\t\t<p><strong>-&#8221;Vamos a seguir reconociendo a Oaxaca, fue el estado que m\u00e1s creci\u00f3 econ\u00f3micamente de todo el pa\u00eds\u2019\u2019, celebr\u00f3<\/strong><\/p><p><strong>-\u2019\u2019Cuando lleguemos al gobierno, vamos a seguir gobernando poniendo al pueblo siempre por delante\u2019\u2019, puntualiz\u00f3<\/strong><\/p><p><strong>Tlacolula de Matamoros, Oaxaca, a 26 de marzo del 2024.-<\/strong> \u2019\u2019Vengo a comprometerme a que no solo no vamos a dejar solo a Oaxaca, sino que vamos a poner todo nuestro coraz\u00f3n y nuestro empe\u00f1o para ayudar a las oaxaque\u00f1as y los oaxaque\u00f1os de las distintas regiones de este maravilloso estado\u2019\u2019, puntualiz\u00f3 Claudia Sheinbaum Pardo, candidata a la Presidencia de M\u00e9xico por la Coalici\u00f3n \u201cSigamos Haciendo Historia\u201d (Morena-PT-PVEM), al garantizar que durante su gobierno Oaxaca seguir\u00e1 siendo un estado con mucho crecimiento y bienestar.<\/p><p>\u2019\u2019Vamos a hacer equipo con el gobernador Salom\u00f3n Jara, a \u00e9l le va a tocar gobernar todav\u00eda cuatro a\u00f1os desde que llegue y vamos a apoyar para seguir sacando a Oaxaca adelante\u2019\u2019, agreg\u00f3.<\/p><p>En este mismo sentido, Claudia Sheinbaum expres\u00f3 que durante su sexenio se impulsar\u00e1n obras de infraestructura que consoliden el movimiento de la 4T en el estado, para que nunca m\u00e1s vuelva el olvido en el que se ten\u00eda a la zona sureste del pa\u00eds con los gobiernos neoliberales.<\/p><p>\u2019\u2019Hist\u00f3ricamente Oaxaca era el estado olvidado, ahora el Presidente reconoci\u00f3 al pueblo de Oaxaca y a los pueblos de Oaxaca. Vamos a seguir reconociendo a Oaxaca, fue el estado que m\u00e1s creci\u00f3 econ\u00f3micamente de todo el pa\u00eds\u2019\u2019, celebr\u00f3.<\/p><p>Al respecto, Claudia Sheinbaum explic\u00f3 los proyectos que formar\u00e1n parte del segundo piso de la 4T en Oaxaca, los cuales estar\u00e1n concentrados en la construcci\u00f3n de caminos para favorecer la conectividad del estado, la consolidaci\u00f3n de seis polos de desarrollo; garantizar el abastecimiento del agua, as\u00ed como la construcci\u00f3n de plantas para el manejo de residuos s\u00f3lidos, entre otros.<\/p><p>\u2019\u2019Vamos a continuar los caminos artesanales, ya no solo a las cabeceras, sino tambi\u00e9n a las Agencias que son muy importantes para fortalecer los caminos, caminos rurales, que no son solo los artesanales, su mantenimiento, su rehabilitaci\u00f3n que es muy importante&#8221;, coment\u00f3.<\/p><p>\u2019\u2019Vamos a hacer la carretera de Tuxtepec a Oaxaca, ya est\u00e1 la de Oaxaca a Puerto Escondido, ahora hay que comunicar a Veracruz, la del Istmo tambi\u00e9n. Sobre la costa tenemos que garantizar la de Puerto Escondido-Salina Cruz hasta el l\u00edmite con Guerrero y de Guerrero hasta Zihuatanejo, pr\u00e1cticamente hasta Michoac\u00e1n\u2019\u2019, agreg\u00f3.<\/p><p>Ante los habitantes de Tlacolula de Matamoros, Oaxaca, manifest\u00f3 que, a su llegada a la Presidencia, la 4T seguir\u00e1 teniendo como prioridad al pueblo. \u2019\u2019Cuando lleguemos al gobierno, vamos a seguir gobernando poniendo al pueblo siempre por delante\u2019\u2019.<\/p><p>Por lo anterior, present\u00f3 algunas de las acciones que realizar\u00e1 a nivel nacional para continuar velando por el bienestar de todas y todos a trav\u00e9s de programas como una pensi\u00f3n para mujeres de 60 a 64 a\u00f1os, una beca universal para los ni\u00f1os y ni\u00f1as de preescolar a primaria; la construcci\u00f3n de m\u00e1s de 500 mil viviendas, as\u00ed como de m\u00e1s preparatorias y universidades y mucho m\u00e1s con lo que se lograr\u00e1 seguir apostando por el desarrollo de todo el pa\u00eds.<\/p><p>Por su parte, el coordinador de alianza, Manuel Velasco, destac\u00f3 que Claudia Sheinbaum es la \u00fanica candidata que ha centrado su campa\u00f1a en propuestas a favor del pueblo de todo M\u00e9xico. \u2019\u2019Es un honor estar con una mujer transformadora, con una mujer de lucha, con una mujer que al igual que el Licenciado Andr\u00e9s Manuel L\u00f3pez Obrador ha hecho entrega total de su vida para luchar por las causas de la gente, una mujer que lleva a Oaxaca en su mente y en su coraz\u00f3n\u2019\u2019.<\/p><p>En Tlacolula de Matamoros, Claudia Sheinbaum estuvo acompa\u00f1ada de los candidatos al Senado de la 4T, Antonino Morales Toledo; Luisa Cortes Garc\u00eda; Laura Estrada Mauro; Benjam\u00edn Robles Montoya; los candidatos a diputados, Benjam\u00edn Robles Montoya; Naty Poob Jim\u00e9nez, as\u00ed como Juan Hugo De La Rosa, coordinador de la Tercera Circunscripci\u00f3n y Benjam\u00edn Viveros Montalvo, presidente del Comit\u00e9 Estatal de Morena.<\/p>\t\t\t\t\t\t<\/div>\n\t\t\t\t<\/div>\n\t\t\t\t\t<\/div>\n\t\t<\/div>\n\t\t\t\t\t\t\t<\/div>\n\t\t<\/section>\n\t\t\t\t\t\t\t<\/div>\n\t\t","protected":false},"excerpt":{"rendered":"<p>-&#8221;Vamos a seguir reconociendo a Oaxaca, fue el estado que m\u00e1s creci\u00f3 econ\u00f3micamente de todo el pa\u00eds\u2019\u2019, celebr\u00f3 -\u2019\u2019Cuando lleguemos al gobierno, vamos a seguir gobernando poniendo al pueblo siempre por delante\u2019\u2019, puntualiz\u00f3 Tlacolula de Matamoros, Oaxaca, a 26 de marzo del 2024.- \u2019\u2019Vengo a comprometerme a que no solo no vamos a dejar solo [&hellip;]<\/p>\n","protected":false},"author":1,"featured_media":38641,"comment_status":"closed","ping_status":"closed","sticky":false,"template":"","format":"standard","meta":[],"categories":[7],"tags":[],"_links":{"self":[{"href":"https:\/\/www.diarionoti7.com.mx\/index.php?rest_route=\/wp\/v2\/posts\/38639"}],"collection":[{"href":"https:\/\/www.diarionoti7.com.mx\/index.php?rest_route=\/wp\/v2\/posts"}],"about":[{"href":"https:\/\/www.diarionoti7.com.mx\/index.php?rest_route=\/wp\/v2\/types\/post"}],"author":[{"embeddable":true,"href":"https:\/\/www.diarionoti7.com.mx\/index.php?rest_route=\/wp\/v2\/users\/1"}],"replies":[{"embeddable":true,"href":"https:\/\/www.diarionoti7.com.mx\/index.php?rest_route=%2Fwp%2Fv2%2Fcomments&post=38639"}],"version-history":[{"count":4,"href":"https:\/\/www.diarionoti7.com.mx\/index.php?rest_route=\/wp\/v2\/posts\/38639\/revisions"}],"predecessor-version":[{"id":38644,"href":"https:\/\/www.diarionoti7.com.mx\/index.php?rest_route=\/wp\/v2\/posts\/38639\/revisions\/38644"}],"wp:featuredmedia":[{"embeddable":true,"href":"https:\/\/www.diarionoti7.com.mx\/index.php?rest_route=\/wp\/v2\/media\/38641"}],"wp:attachment":[{"href":"https:\/\/www.diarionoti7.com.mx\/index.php?rest_route=%2Fwp%2Fv2%2Fmedia&parent=38639"}],"wp:term":[{"taxonomy":"category","embeddable":true,"href":"https:\/\/www.diarionoti7.com.mx\/index.php?rest_route=%2Fwp%2Fv2%2Fcategories&post=38639"},{"taxonomy":"post_tag","embeddable":true,"href":"https:\/\/www.diarionoti7.com.mx\/index.php?rest_route=%2Fwp%2Fv2%2Ftags&post=38639"}],"curies":[{"name":"wp","href":"https:\/\/api.w.org\/{rel}","templated":true}]}}