{"id":3863,"date":"2023-03-12T18:15:26","date_gmt":"2023-03-12T18:15:26","guid":{"rendered":"https:\/\/www.diarionoti7.com.mx\/?p=3863"},"modified":"2023-03-12T18:16:09","modified_gmt":"2023-03-12T18:16:09","slug":"se-se-da-un-presunto-acoso-sexual-en-el-ejecutivo-estatal-invito-a-que-la-queja-no-se-quede-en-un-grito-menchaca","status":"publish","type":"post","link":"https:\/\/www.diarionoti7.com.mx\/?p=3863","title":{"rendered":"Se se da un  Presunto Acoso Sexual, en el  Ejecutivo Estatal \u201cInvit\u00f3 A Que La Queja No Se Quede En Un Grito\u201d: Menchaca"},"content":{"rendered":"\t\t<div data-elementor-type=\"wp-post\" data-elementor-id=\"3863\" class=\"elementor elementor-3863\">\n\t\t\t\t\t\t\t\t\t<section class=\"elementor-section elementor-top-section elementor-element elementor-element-51c23a4c elementor-section-boxed elementor-section-height-default elementor-section-height-default\" data-id=\"51c23a4c\" data-element_type=\"section\">\n\t\t\t\t\t\t<div class=\"elementor-container elementor-column-gap-default\">\n\t\t\t\t\t<div class=\"elementor-column elementor-col-100 elementor-top-column elementor-element elementor-element-7d2e0b6e\" data-id=\"7d2e0b6e\" data-element_type=\"column\">\n\t\t\t<div class=\"elementor-widget-wrap elementor-element-populated\">\n\t\t\t\t\t\t\t\t<div class=\"elementor-element elementor-element-2f2290cd elementor-widget elementor-widget-text-editor\" data-id=\"2f2290cd\" data-element_type=\"widget\" data-widget_type=\"text-editor.default\">\n\t\t\t\t<div class=\"elementor-widget-container\">\n\t\t\t<style>\/*! elementor - v3.10.2 - 29-01-2023 *\/\n.elementor-widget-text-editor.elementor-drop-cap-view-stacked .elementor-drop-cap{background-color:#818a91;color:#fff}.elementor-widget-text-editor.elementor-drop-cap-view-framed .elementor-drop-cap{color:#818a91;border:3px solid;background-color:transparent}.elementor-widget-text-editor:not(.elementor-drop-cap-view-default) .elementor-drop-cap{margin-top:8px}.elementor-widget-text-editor:not(.elementor-drop-cap-view-default) .elementor-drop-cap-letter{width:1em;height:1em}.elementor-widget-text-editor .elementor-drop-cap{float:left;text-align:center;line-height:1;font-size:50px}.elementor-widget-text-editor .elementor-drop-cap-letter{display:inline-block}<\/style>\t\t\t\t<p>\u00a0<strong>Pachuca, Hgo. 11 de marzo 2023.- <\/strong>Cualquier mujer trabajadora del gobierno estatal que se sienta agraviada, \u201ctenga la seguridad de que tendr\u00e1 el respaldo del gobierno del estado para poder tener una respuesta y justicia con lo que marca la Ley. Que no se quede en algo desde el anonimato\u201d, se\u00f1al\u00f3 el gobernador del estado, Julio Menchaca Salazar.<\/p><p>Lo anterior al ser cuestionado\u00a0 en entrevista por medios de comunicaci\u00f3n\u00a0 en relaci\u00f3n a\u00a0 los se\u00f1alamientos manifiestos durante la marcha del 8M hacia funcionarios de la administraci\u00f3n p\u00fablica estatal, como ejemplo en un caso del DIF Hidalgo, por presunto acoso sexual, el Ejecutivo estatal \u201cinvit\u00f3 a que la queja no se quede en un grito\u201d.<\/p><p>Remarco el mandatario que si alguna persona se siente acosada, acuda a denunciar. \u201cLes aseguro, estamos teniendo una mano muy firme en todo lo que implica la procuraci\u00f3n y el poder judicial est\u00e1 tendiendo una mano muy firme en la impartici\u00f3n de justicia\u201d.<\/p><p>Destac\u00f3 que \u201cLas puertas de la Procuradur\u00eda est\u00e1n abiertas. Tenemos un encargado del despacho muy en\u00e9rgico y no tiene consideraci\u00f3n con nadie, entonces si alguien se siente agraviado que no quede en eso\u201d.<\/p><p>Tambi\u00e9n dijo no compartir la destrucci\u00f3n de instalaciones que tuvo lugar durante la manifestaci\u00f3n del pasado mi\u00e9rcoles ocho de marzo, con motivo del D\u00eda Internacional de la Mujer.<\/p><p>Luego argument\u00f3 \u201cHe acompa\u00f1ado al activismo durante muchos a\u00f1os, varias de las activistas muy reconocidas forman parte del gabinete y desde la trinchera como probono cuando estuve en un ejercicio profesional acompa\u00f1\u00e9 muchas causas feministas\u201d.<\/p><p>Record\u00f3 cuando fue propuesto para encabezar la Comisi\u00f3n Estatal de Derechos Humanos del Estado de Hidalgo (CDHEH), fue entonces que puntualiz\u00f3 conocer sobre este tema como persona, como abogado y ahora titular del Ejecutivo estatal.<\/p><p>Por lo anterior,\u00a0 acepta \u00a0la manifestaci\u00f3n como en las marchas para expresar una inconformidad, \u201cpero no creo en el desorden, ni en el destrozo\u201d.<\/p><p>\u201c Mi respeto a todas las manifestaciones, pero debe tomarse en cuenta que el patrimonio cultural pertenece a toda la poblaci\u00f3n hidalguense, de tal forma que una situaci\u00f3n con da\u00f1os afecta a todos.<\/p><p>Incisti\u00f3 que \u201cSi destruir, si romper, si pintarrajear solucionara algo, de verdad que yo ser\u00eda el primero en hacerlo\u201d.<\/p><p>Adem\u00e1s, acalar\u00f3 \u00a0que las trabajadoras de gobierno estatal no fueron obligadas a sumarse a la marcha, pero en caso contrario las invit\u00f3 a denunciar.<\/p>\t\t\t\t\t\t<\/div>\n\t\t\t\t<\/div>\n\t\t\t\t\t<\/div>\n\t\t<\/div>\n\t\t\t\t\t\t\t<\/div>\n\t\t<\/section>\n\t\t\t\t\t\t\t<\/div>\n\t\t","protected":false},"excerpt":{"rendered":"<p>\u00a0Pachuca, Hgo. 11 de marzo 2023.- Cualquier mujer trabajadora del gobierno estatal que se sienta agraviada, \u201ctenga la seguridad de que tendr\u00e1 el respaldo del gobierno del estado para poder tener una respuesta y justicia con lo que marca la Ley. Que no se quede en algo desde el anonimato\u201d, se\u00f1al\u00f3 el gobernador del estado, [&hellip;]<\/p>\n","protected":false},"author":1,"featured_media":3865,"comment_status":"closed","ping_status":"closed","sticky":false,"template":"","format":"standard","meta":[],"categories":[7],"tags":[],"_links":{"self":[{"href":"https:\/\/www.diarionoti7.com.mx\/index.php?rest_route=\/wp\/v2\/posts\/3863"}],"collection":[{"href":"https:\/\/www.diarionoti7.com.mx\/index.php?rest_route=\/wp\/v2\/posts"}],"about":[{"href":"https:\/\/www.diarionoti7.com.mx\/index.php?rest_route=\/wp\/v2\/types\/post"}],"author":[{"embeddable":true,"href":"https:\/\/www.diarionoti7.com.mx\/index.php?rest_route=\/wp\/v2\/users\/1"}],"replies":[{"embeddable":true,"href":"https:\/\/www.diarionoti7.com.mx\/index.php?rest_route=%2Fwp%2Fv2%2Fcomments&post=3863"}],"version-history":[{"count":4,"href":"https:\/\/www.diarionoti7.com.mx\/index.php?rest_route=\/wp\/v2\/posts\/3863\/revisions"}],"predecessor-version":[{"id":3868,"href":"https:\/\/www.diarionoti7.com.mx\/index.php?rest_route=\/wp\/v2\/posts\/3863\/revisions\/3868"}],"wp:featuredmedia":[{"embeddable":true,"href":"https:\/\/www.diarionoti7.com.mx\/index.php?rest_route=\/wp\/v2\/media\/3865"}],"wp:attachment":[{"href":"https:\/\/www.diarionoti7.com.mx\/index.php?rest_route=%2Fwp%2Fv2%2Fmedia&parent=3863"}],"wp:term":[{"taxonomy":"category","embeddable":true,"href":"https:\/\/www.diarionoti7.com.mx\/index.php?rest_route=%2Fwp%2Fv2%2Fcategories&post=3863"},{"taxonomy":"post_tag","embeddable":true,"href":"https:\/\/www.diarionoti7.com.mx\/index.php?rest_route=%2Fwp%2Fv2%2Ftags&post=3863"}],"curies":[{"name":"wp","href":"https:\/\/api.w.org\/{rel}","templated":true}]}}