{"id":38615,"date":"2024-03-27T18:12:01","date_gmt":"2024-03-27T18:12:01","guid":{"rendered":"https:\/\/www.diarionoti7.com.mx\/?p=38615"},"modified":"2024-03-27T18:14:44","modified_gmt":"2024-03-27T18:14:44","slug":"damian-sosa-comprometido-con-la-educacion-de-calidad","status":"publish","type":"post","link":"https:\/\/www.diarionoti7.com.mx\/?p=38615","title":{"rendered":"Dami\u00e1n Sosa Comprometido Con La Educaci\u00f3n de Calidad"},"content":{"rendered":"\t\t<div data-elementor-type=\"wp-post\" data-elementor-id=\"38615\" class=\"elementor elementor-38615\">\n\t\t\t\t\t\t\t\t\t<section class=\"elementor-section elementor-top-section elementor-element elementor-element-c09b8f0 elementor-section-boxed elementor-section-height-default elementor-section-height-default\" data-id=\"c09b8f0\" data-element_type=\"section\">\n\t\t\t\t\t\t<div class=\"elementor-container elementor-column-gap-default\">\n\t\t\t\t\t<div class=\"elementor-column elementor-col-100 elementor-top-column elementor-element elementor-element-955a561\" data-id=\"955a561\" data-element_type=\"column\">\n\t\t\t<div class=\"elementor-widget-wrap elementor-element-populated\">\n\t\t\t\t\t\t\t\t<div class=\"elementor-element elementor-element-0ce869c elementor-widget elementor-widget-text-editor\" data-id=\"0ce869c\" data-element_type=\"widget\" data-widget_type=\"text-editor.default\">\n\t\t\t\t<div class=\"elementor-widget-container\">\n\t\t\t<style>\/*! elementor - v3.10.2 - 29-01-2023 *\/\n.elementor-widget-text-editor.elementor-drop-cap-view-stacked .elementor-drop-cap{background-color:#818a91;color:#fff}.elementor-widget-text-editor.elementor-drop-cap-view-framed .elementor-drop-cap{color:#818a91;border:3px solid;background-color:transparent}.elementor-widget-text-editor:not(.elementor-drop-cap-view-default) .elementor-drop-cap{margin-top:8px}.elementor-widget-text-editor:not(.elementor-drop-cap-view-default) .elementor-drop-cap-letter{width:1em;height:1em}.elementor-widget-text-editor .elementor-drop-cap{float:left;text-align:center;line-height:1;font-size:50px}.elementor-widget-text-editor .elementor-drop-cap-letter{display:inline-block}<\/style>\t\t\t\t<p><strong>Pachuca, Hgo.-<\/strong> \u201cDesde el Senado, buscar\u00e9 apoyar a los j\u00f3venes quienes son el futuro de nuestro pa\u00eds, por lo que gestionar\u00e9 el aumento de la cobertura de becas y apoyos para que puedan estudiar la universidad\u201d, resalt\u00f3 Dami\u00e1n Sosa Castel\u00e1n, candidato a Senador de Hidalgo por el Partido del Trabajo (PT).<\/p><p>En su recorrido por el estado, el abanderado del partido de la estrella reconoci\u00f3 que la principal preocupaci\u00f3n de los j\u00f3venes es tener mayor oportunidad para seguir prepar\u00e1ndose profesionalmente, as\u00ed como la falta de empleo y que \u00e9ste sea bien remunerado.<\/p><p>Al respecto, Dami\u00e1n Sosa dio a conocer que su plan de trabajo contempla gestionar el aumento de la cobertura de becas y apoyos con el objetivo de garantizar que los j\u00f3venes tengan acceso a la formaci\u00f3n acad\u00e9mica<\/p><p>\u201cLa educaci\u00f3n es la palanca de desarrollo para el estado y para el pa\u00eds, hoy vemos a madres y padres de familia que no cuentan con el recurso suficiente para apoyar a sus hijos en su formaci\u00f3n profesional, ya que en algunos casos salen de su ciudad de origen, incrementando los gastos para el hospedaje, alimentaci\u00f3n y traslados\u201d.<\/p><p>El candidato a senador resalt\u00f3 que continuar\u00e1 cercano a la poblaci\u00f3n, como lo ha hecho desde hace m\u00e1s de 20 a\u00f1os, \u201cpodemos hacerlo, con trabajo; mi compromiso es con nuestros j\u00f3venes para que se integren y cuenten con un espacio educativo de calidad, en igualdad de oportunidades que permita construir un mejor futuro para las presentes y pr\u00f3ximas generaciones alineados a los principios de la cuarta transformaci\u00f3n\u201d.<\/p>\t\t\t\t\t\t<\/div>\n\t\t\t\t<\/div>\n\t\t\t\t\t<\/div>\n\t\t<\/div>\n\t\t\t\t\t\t\t<\/div>\n\t\t<\/section>\n\t\t\t\t\t\t\t<\/div>\n\t\t","protected":false},"excerpt":{"rendered":"<p>Pachuca, Hgo.- \u201cDesde el Senado, buscar\u00e9 apoyar a los j\u00f3venes quienes son el futuro de nuestro pa\u00eds, por lo que gestionar\u00e9 el aumento de la cobertura de becas y apoyos para que puedan estudiar la universidad\u201d, resalt\u00f3 Dami\u00e1n Sosa Castel\u00e1n, candidato a Senador de Hidalgo por el Partido del Trabajo (PT). En su recorrido por [&hellip;]<\/p>\n","protected":false},"author":1,"featured_media":38617,"comment_status":"closed","ping_status":"closed","sticky":false,"template":"","format":"standard","meta":[],"categories":[3],"tags":[],"_links":{"self":[{"href":"https:\/\/www.diarionoti7.com.mx\/index.php?rest_route=\/wp\/v2\/posts\/38615"}],"collection":[{"href":"https:\/\/www.diarionoti7.com.mx\/index.php?rest_route=\/wp\/v2\/posts"}],"about":[{"href":"https:\/\/www.diarionoti7.com.mx\/index.php?rest_route=\/wp\/v2\/types\/post"}],"author":[{"embeddable":true,"href":"https:\/\/www.diarionoti7.com.mx\/index.php?rest_route=\/wp\/v2\/users\/1"}],"replies":[{"embeddable":true,"href":"https:\/\/www.diarionoti7.com.mx\/index.php?rest_route=%2Fwp%2Fv2%2Fcomments&post=38615"}],"version-history":[{"count":4,"href":"https:\/\/www.diarionoti7.com.mx\/index.php?rest_route=\/wp\/v2\/posts\/38615\/revisions"}],"predecessor-version":[{"id":38620,"href":"https:\/\/www.diarionoti7.com.mx\/index.php?rest_route=\/wp\/v2\/posts\/38615\/revisions\/38620"}],"wp:featuredmedia":[{"embeddable":true,"href":"https:\/\/www.diarionoti7.com.mx\/index.php?rest_route=\/wp\/v2\/media\/38617"}],"wp:attachment":[{"href":"https:\/\/www.diarionoti7.com.mx\/index.php?rest_route=%2Fwp%2Fv2%2Fmedia&parent=38615"}],"wp:term":[{"taxonomy":"category","embeddable":true,"href":"https:\/\/www.diarionoti7.com.mx\/index.php?rest_route=%2Fwp%2Fv2%2Fcategories&post=38615"},{"taxonomy":"post_tag","embeddable":true,"href":"https:\/\/www.diarionoti7.com.mx\/index.php?rest_route=%2Fwp%2Fv2%2Ftags&post=38615"}],"curies":[{"name":"wp","href":"https:\/\/api.w.org\/{rel}","templated":true}]}}