{"id":38602,"date":"2024-03-27T18:09:15","date_gmt":"2024-03-27T18:09:15","guid":{"rendered":"https:\/\/www.diarionoti7.com.mx\/?p=38602"},"modified":"2024-04-03T15:34:22","modified_gmt":"2024-04-03T15:34:22","slug":"tenemos-el-deber-de-apoyarnos-dice-andrade-a-familias-de-huautla","status":"publish","type":"post","link":"https:\/\/www.diarionoti7.com.mx\/?p=38602","title":{"rendered":"\u201cTenemos el Deber de Apoyarnos\u201d, Dice Andrade a Familias de Huautla"},"content":{"rendered":"\t\t<div data-elementor-type=\"wp-post\" data-elementor-id=\"38602\" class=\"elementor elementor-38602\">\n\t\t\t\t\t\t\t\t\t<section class=\"elementor-section elementor-top-section elementor-element elementor-element-c09b8f0 elementor-section-boxed elementor-section-height-default elementor-section-height-default\" data-id=\"c09b8f0\" data-element_type=\"section\">\n\t\t\t\t\t\t<div class=\"elementor-container elementor-column-gap-default\">\n\t\t\t\t\t<div class=\"elementor-column elementor-col-100 elementor-top-column elementor-element elementor-element-955a561\" data-id=\"955a561\" data-element_type=\"column\">\n\t\t\t<div class=\"elementor-widget-wrap elementor-element-populated\">\n\t\t\t\t\t\t\t\t<div class=\"elementor-element elementor-element-0ce869c elementor-widget elementor-widget-text-editor\" data-id=\"0ce869c\" data-element_type=\"widget\" data-widget_type=\"text-editor.default\">\n\t\t\t\t<div class=\"elementor-widget-container\">\n\t\t\t<style>\/*! elementor - v3.10.2 - 29-01-2023 *\/\n.elementor-widget-text-editor.elementor-drop-cap-view-stacked .elementor-drop-cap{background-color:#818a91;color:#fff}.elementor-widget-text-editor.elementor-drop-cap-view-framed .elementor-drop-cap{color:#818a91;border:3px solid;background-color:transparent}.elementor-widget-text-editor:not(.elementor-drop-cap-view-default) .elementor-drop-cap{margin-top:8px}.elementor-widget-text-editor:not(.elementor-drop-cap-view-default) .elementor-drop-cap-letter{width:1em;height:1em}.elementor-widget-text-editor .elementor-drop-cap{float:left;text-align:center;line-height:1;font-size:50px}.elementor-widget-text-editor .elementor-drop-cap-letter{display:inline-block}<\/style>\t\t\t\t<p><strong>-En sus recorridos por el distrito federal I, el candidato de Morena invit\u00f3 a los pobladores a fortalecer el proyecto de la Cuarta Transformaci\u00f3n<\/strong><\/p><p><strong>Huautla, Hgo., 2 de abril de 2024.-<\/strong>La aceptaci\u00f3n del pueblo hacia el proyecto de Morena es palpable y as\u00ed se demuestra en la respuesta que obtiene de colonias y comunidades, mencion\u00f3 Daniel Andrade Zurutuza, candidato a diputado federal por el distrito I con cabecera en Huejutla de Reyes.<\/p><p>&#8220;Nosotros, quienes somos de aqu\u00ed y que siempre hemos estado aqu\u00ed, que nunca negamos nuestros or\u00edgenes y estamos al pendiente de las necesidades que hay en nuestra tierra, tenemos el deber de apoyarnos, de ser solidarios y de fortalecer proyectos como el que hoy tiene a nuestro pa\u00eds en una Transformaci\u00f3n que va encaminada a forjar un mejor futuro para todos y todas\u201d.<\/p><p>El aspirante visit\u00f3 Huautla, uno de los municipios ubicados en las partes altas de la regi\u00f3n, para llevar el mensaje de esperanza a las familias e invitarlas a que el pr\u00f3ximo 2 de junio voten por los candidatos y candidatas de Morena en un \u201ccinco de cinco\u201d: alcald\u00edas, diputaciones locales y federales, senadur\u00edas, as\u00ed como la presidencia de M\u00e9xico.<\/p><p>Andrade asegur\u00f3 que su principal motor en estos m\u00e1s de 30 d\u00edas de recorrido por las diversas localidades que conforman el distrito es el cari\u00f1o de los hombres y mujeres que le manifiestan su respaldo y que en muchos casos le recuerdan con gran estima.<\/p><p>\u201cVamos en esta elecci\u00f3n a demostrar la fuerza del pueblo y votar por Morena, la esperanza de Hidalgo y de toda la Sierra y Huasteca&#8221;, afirma<\/p><p>Con el compromiso de representar a Morena en este proceso electoral, afirm\u00f3 que, en compa\u00f1\u00eda de su suplente, David Hern\u00e1ndez, en quien reconoce a un hombre aliado de la Transformaci\u00f3n, seguir\u00e1 recorriendo los municipios con la invitaci\u00f3n para respaldar a Claudia Sheinbaum y el resto de abanderados para garantizar que no haya obst\u00e1culos en la construcci\u00f3n del segundo piso de la 4T.<\/p>\t\t\t\t\t\t<\/div>\n\t\t\t\t<\/div>\n\t\t\t\t\t<\/div>\n\t\t<\/div>\n\t\t\t\t\t\t\t<\/div>\n\t\t<\/section>\n\t\t\t\t\t\t\t<\/div>\n\t\t","protected":false},"excerpt":{"rendered":"<p>-En sus recorridos por el distrito federal I, el candidato de Morena invit\u00f3 a los pobladores a fortalecer el proyecto de la Cuarta Transformaci\u00f3n Huautla, Hgo., 2 de abril de 2024.-La aceptaci\u00f3n del pueblo hacia el proyecto de Morena es palpable y as\u00ed se demuestra en la respuesta que obtiene de colonias y comunidades, mencion\u00f3 [&hellip;]<\/p>\n","protected":false},"author":1,"featured_media":39126,"comment_status":"closed","ping_status":"closed","sticky":false,"template":"","format":"standard","meta":[],"categories":[9],"tags":[],"_links":{"self":[{"href":"https:\/\/www.diarionoti7.com.mx\/index.php?rest_route=\/wp\/v2\/posts\/38602"}],"collection":[{"href":"https:\/\/www.diarionoti7.com.mx\/index.php?rest_route=\/wp\/v2\/posts"}],"about":[{"href":"https:\/\/www.diarionoti7.com.mx\/index.php?rest_route=\/wp\/v2\/types\/post"}],"author":[{"embeddable":true,"href":"https:\/\/www.diarionoti7.com.mx\/index.php?rest_route=\/wp\/v2\/users\/1"}],"replies":[{"embeddable":true,"href":"https:\/\/www.diarionoti7.com.mx\/index.php?rest_route=%2Fwp%2Fv2%2Fcomments&post=38602"}],"version-history":[{"count":4,"href":"https:\/\/www.diarionoti7.com.mx\/index.php?rest_route=\/wp\/v2\/posts\/38602\/revisions"}],"predecessor-version":[{"id":39129,"href":"https:\/\/www.diarionoti7.com.mx\/index.php?rest_route=\/wp\/v2\/posts\/38602\/revisions\/39129"}],"wp:featuredmedia":[{"embeddable":true,"href":"https:\/\/www.diarionoti7.com.mx\/index.php?rest_route=\/wp\/v2\/media\/39126"}],"wp:attachment":[{"href":"https:\/\/www.diarionoti7.com.mx\/index.php?rest_route=%2Fwp%2Fv2%2Fmedia&parent=38602"}],"wp:term":[{"taxonomy":"category","embeddable":true,"href":"https:\/\/www.diarionoti7.com.mx\/index.php?rest_route=%2Fwp%2Fv2%2Fcategories&post=38602"},{"taxonomy":"post_tag","embeddable":true,"href":"https:\/\/www.diarionoti7.com.mx\/index.php?rest_route=%2Fwp%2Fv2%2Ftags&post=38602"}],"curies":[{"name":"wp","href":"https:\/\/api.w.org\/{rel}","templated":true}]}}