{"id":3851,"date":"2023-03-12T18:12:15","date_gmt":"2023-03-12T18:12:15","guid":{"rendered":"https:\/\/www.diarionoti7.com.mx\/?p=3851"},"modified":"2023-03-12T18:13:21","modified_gmt":"2023-03-12T18:13:21","slug":"centro-de-las-artes-inicia-talleres-libres-con-concierto-de-bienvenida","status":"publish","type":"post","link":"https:\/\/www.diarionoti7.com.mx\/?p=3851","title":{"rendered":"Centro de las Artes inicia talleres libres con Concierto de Bienvenida"},"content":{"rendered":"\t\t<div data-elementor-type=\"wp-post\" data-elementor-id=\"3851\" class=\"elementor elementor-3851\">\n\t\t\t\t\t\t\t\t\t<section class=\"elementor-section elementor-top-section elementor-element elementor-element-51c23a4c elementor-section-boxed elementor-section-height-default elementor-section-height-default\" data-id=\"51c23a4c\" data-element_type=\"section\">\n\t\t\t\t\t\t<div class=\"elementor-container elementor-column-gap-default\">\n\t\t\t\t\t<div class=\"elementor-column elementor-col-100 elementor-top-column elementor-element elementor-element-7d2e0b6e\" data-id=\"7d2e0b6e\" data-element_type=\"column\">\n\t\t\t<div class=\"elementor-widget-wrap elementor-element-populated\">\n\t\t\t\t\t\t\t\t<div class=\"elementor-element elementor-element-2f2290cd elementor-widget elementor-widget-text-editor\" data-id=\"2f2290cd\" data-element_type=\"widget\" data-widget_type=\"text-editor.default\">\n\t\t\t\t<div class=\"elementor-widget-container\">\n\t\t\t<style>\/*! elementor - v3.10.2 - 29-01-2023 *\/\n.elementor-widget-text-editor.elementor-drop-cap-view-stacked .elementor-drop-cap{background-color:#818a91;color:#fff}.elementor-widget-text-editor.elementor-drop-cap-view-framed .elementor-drop-cap{color:#818a91;border:3px solid;background-color:transparent}.elementor-widget-text-editor:not(.elementor-drop-cap-view-default) .elementor-drop-cap{margin-top:8px}.elementor-widget-text-editor:not(.elementor-drop-cap-view-default) .elementor-drop-cap-letter{width:1em;height:1em}.elementor-widget-text-editor .elementor-drop-cap{float:left;text-align:center;line-height:1;font-size:50px}.elementor-widget-text-editor .elementor-drop-cap-letter{display:inline-block}<\/style>\t\t\t\t<p><strong>*La presentaci\u00f3n musical fue realizada por docentes, en la sala Abundio Mart\u00ednez, para inaugurar el Ciclo Febrero &#8211; Junio 2023<\/strong><\/p><p><strong>PACHUCA DE SOTO. \u2013<\/strong> La Secretar\u00eda de Cultura, a trav\u00e9s del Cecultah y del Centro de las Artes de Hidalgo, llev\u00f3 a cabo el Concierto de Bienvenida del Ciclo Febrero &#8211; Junio 2023 para las y los alumnos de los talleres libres de las \u00e1reas de danza, teatro, m\u00fasica, artes visuales y literatura.<\/p><p>En su mensaje, Tania Er\u00e9ndira Meza Escorza, secretaria de Cultura, agradeci\u00f3 por la confianza depositada al ingresar a las actividades y enfatiz\u00f3 en que la dependencia estatal logr\u00f3 concretar cada uno de los talleres propuestos.<\/p><p>\u201cA las ni\u00f1as, ni\u00f1os y adolescentes les damos la m\u00e1s cordial bienvenida y les pedimos que nos hagan saber cualquier situaci\u00f3n que ocurra en nuestro Centro que no sea de su agrado, con mucho gusto les vamos a auxiliar porque vamos a escuchar siempre sus voces\u201d, asegur\u00f3 Meza Escorza.<\/p><p>El concierto fue realizado por los docentes Marco Antonio Porras Villalobos, Sandra Roc\u00edo Jim\u00e9nez Ram\u00edrez y Jes\u00fas Castro L\u00f3pez, en la sala Abundio Mart\u00ednez; el programa incluy\u00f3 las piezas <em>Preludio y fuga No. 24, en Si menor<\/em>, de Johann Sebastian Bach; <em>Gavota<\/em>, de Manuel Mar\u00eda Ponce; <em>Nocturno en mi menor opus 72 <\/em>, de Fryderyk Franciszek Chopin; <em>Duo de las flores<\/em>, de Cl\u00e9ment Philibert L\u00e9o Delibes y <em>Por una cabeza<\/em>, de\u00a0\u00a0\u00a0\u00a0\u00a0\u00a0\u00a0\u00a0\u00a0\u00a0\u00a0\u00a0\u00a0\u00a0\u00a0\u00a0\u00a0\u00a0\u00a0\u00a0\u00a0\u00a0\u00a0\u00a0\u00a0\u00a0\u00a0\u00a0\u00a0\u00a0\u00a0\u00a0\u00a0\u00a0\u00a0\u00a0\u00a0\u00a0\u00a0\u00a0\u00a0\u00a0\u00a0\u00a0\u00a0\u00a0\u00a0\u00a0\u00a0\u00a0\u00a0\u00a0\u00a0\u00a0\u00a0\u00a0\u00a0\u00a0\u00a0\u00a0\u00a0\u00a0\u00a0 Carlos Gardel, por mencionar algunas.<\/p><p>Finalmente, la declaratoria oficial de inicio de los talleres libres estuvo a cargo de Diana Rangel Z\u00fa\u00f1iga, directora del Consejo Estatal para la Cultura y las Artes de Hidalgo (Cecultah), en presencia de la titular de Cultura de Hidalgo, Tania Meza.<\/p><p>Con ello, tambi\u00e9n fueron inaugurados los talleres en los ocho Centros Culturales Regionales, ubicados en Emiliano Zapata, Huejutla, Huichapan, Ixmiquilpan, Mineral del Monte, Tepeapulco, Zacualtip\u00e1n y Zimap\u00e1n.<\/p>\t\t\t\t\t\t<\/div>\n\t\t\t\t<\/div>\n\t\t\t\t\t<\/div>\n\t\t<\/div>\n\t\t\t\t\t\t\t<\/div>\n\t\t<\/section>\n\t\t\t\t\t\t\t<\/div>\n\t\t","protected":false},"excerpt":{"rendered":"<p>*La presentaci\u00f3n musical fue realizada por docentes, en la sala Abundio Mart\u00ednez, para inaugurar el Ciclo Febrero &#8211; Junio 2023 PACHUCA DE SOTO. \u2013 La Secretar\u00eda de Cultura, a trav\u00e9s del Cecultah y del Centro de las Artes de Hidalgo, llev\u00f3 a cabo el Concierto de Bienvenida del Ciclo Febrero &#8211; Junio 2023 para las [&hellip;]<\/p>\n","protected":false},"author":1,"featured_media":3853,"comment_status":"closed","ping_status":"closed","sticky":false,"template":"","format":"standard","meta":[],"categories":[7],"tags":[],"_links":{"self":[{"href":"https:\/\/www.diarionoti7.com.mx\/index.php?rest_route=\/wp\/v2\/posts\/3851"}],"collection":[{"href":"https:\/\/www.diarionoti7.com.mx\/index.php?rest_route=\/wp\/v2\/posts"}],"about":[{"href":"https:\/\/www.diarionoti7.com.mx\/index.php?rest_route=\/wp\/v2\/types\/post"}],"author":[{"embeddable":true,"href":"https:\/\/www.diarionoti7.com.mx\/index.php?rest_route=\/wp\/v2\/users\/1"}],"replies":[{"embeddable":true,"href":"https:\/\/www.diarionoti7.com.mx\/index.php?rest_route=%2Fwp%2Fv2%2Fcomments&post=3851"}],"version-history":[{"count":4,"href":"https:\/\/www.diarionoti7.com.mx\/index.php?rest_route=\/wp\/v2\/posts\/3851\/revisions"}],"predecessor-version":[{"id":3856,"href":"https:\/\/www.diarionoti7.com.mx\/index.php?rest_route=\/wp\/v2\/posts\/3851\/revisions\/3856"}],"wp:featuredmedia":[{"embeddable":true,"href":"https:\/\/www.diarionoti7.com.mx\/index.php?rest_route=\/wp\/v2\/media\/3853"}],"wp:attachment":[{"href":"https:\/\/www.diarionoti7.com.mx\/index.php?rest_route=%2Fwp%2Fv2%2Fmedia&parent=3851"}],"wp:term":[{"taxonomy":"category","embeddable":true,"href":"https:\/\/www.diarionoti7.com.mx\/index.php?rest_route=%2Fwp%2Fv2%2Fcategories&post=3851"},{"taxonomy":"post_tag","embeddable":true,"href":"https:\/\/www.diarionoti7.com.mx\/index.php?rest_route=%2Fwp%2Fv2%2Ftags&post=3851"}],"curies":[{"name":"wp","href":"https:\/\/api.w.org\/{rel}","templated":true}]}}