{"id":3845,"date":"2023-03-12T18:11:24","date_gmt":"2023-03-12T18:11:24","guid":{"rendered":"https:\/\/www.diarionoti7.com.mx\/?p=3845"},"modified":"2023-03-12T18:13:55","modified_gmt":"2023-03-12T18:13:55","slug":"hemos-asignado-claves-de-docentes-jubilados-a-sus-hijos-said-vargas-saenz","status":"publish","type":"post","link":"https:\/\/www.diarionoti7.com.mx\/?p=3845","title":{"rendered":"Hemos Asignado Claves de Docentes Jubilados a sus Hijos:  Said Vargas S\u00e1enz"},"content":{"rendered":"\t\t<div data-elementor-type=\"wp-post\" data-elementor-id=\"3845\" class=\"elementor elementor-3845\">\n\t\t\t\t\t\t\t\t\t<section class=\"elementor-section elementor-top-section elementor-element elementor-element-51c23a4c elementor-section-boxed elementor-section-height-default elementor-section-height-default\" data-id=\"51c23a4c\" data-element_type=\"section\">\n\t\t\t\t\t\t<div class=\"elementor-container elementor-column-gap-default\">\n\t\t\t\t\t<div class=\"elementor-column elementor-col-100 elementor-top-column elementor-element elementor-element-7d2e0b6e\" data-id=\"7d2e0b6e\" data-element_type=\"column\">\n\t\t\t<div class=\"elementor-widget-wrap elementor-element-populated\">\n\t\t\t\t\t\t\t\t<div class=\"elementor-element elementor-element-2f2290cd elementor-widget elementor-widget-text-editor\" data-id=\"2f2290cd\" data-element_type=\"widget\" data-widget_type=\"text-editor.default\">\n\t\t\t\t<div class=\"elementor-widget-container\">\n\t\t\t<style>\/*! elementor - v3.10.2 - 29-01-2023 *\/\n.elementor-widget-text-editor.elementor-drop-cap-view-stacked .elementor-drop-cap{background-color:#818a91;color:#fff}.elementor-widget-text-editor.elementor-drop-cap-view-framed .elementor-drop-cap{color:#818a91;border:3px solid;background-color:transparent}.elementor-widget-text-editor:not(.elementor-drop-cap-view-default) .elementor-drop-cap{margin-top:8px}.elementor-widget-text-editor:not(.elementor-drop-cap-view-default) .elementor-drop-cap-letter{width:1em;height:1em}.elementor-widget-text-editor .elementor-drop-cap{float:left;text-align:center;line-height:1;font-size:50px}.elementor-widget-text-editor .elementor-drop-cap-letter{display:inline-block}<\/style>\t\t\t\t<p><strong>Pachuca, Hgo. 11 de marzo 2023.-<\/strong>\u00a0Con el objetivo de abatir el rezago de consultas causada por la contingencia Sanitaria, el Instituto Mexicano del Seguro Social (IMSS) en Hidalgo suma acciones durante la 5\u00aa Jornada Nacional de Continuidad de Servicios.<\/p><p>\u00a0Del 10 al 12 de marzo, el IMSS en el estado, de manera simult\u00e1nea se otorgar\u00e1 consultas de Primer y Segundo Nivel de Atenci\u00f3n m\u00e9dica, de Medicina Familiar y la de las especialidades de Anestesiolog\u00eda, Medicina Interna, Traumatolog\u00eda y Ortopedia, Ginecolog\u00eda y Medicina Obst\u00e9trica.<\/p><p>\u00a0Asimismo, se realizaran Auxiliares de Diagn\u00f3stico como lo son Ultrasonido, Radiodiagn\u00f3stico, Tomograf\u00edas, Endoscopia G\u00e1strica y electrocardiogramas.<\/p><p>\u00a0Durante esta Jornada participa el Hospital General de Zona con Medicina Familiar\u00a0 (HGZ\/MF) No. 1, en Pachuca; el HGZ\/MF No. 5, en Tula de Allende; el HGZ\/MF No. 6, en Tepeji del R\u00edo; el HGZ\/MF No. 8, en Cd. Sahag\u00fan; el HZG No. 36 y No. 2 en Pachuca y Tulancingo respectivamente, as\u00ed como el Hospital General de Subzona No. 33 en Tizayuca.<\/p><p>\u00a0Las atenciones se desarrollaron bajo un estricto protocolo de seguridad e higiene, para protecci\u00f3n tanto de la derechohabiencia como del personal institucional.<\/p>\t\t\t\t\t\t<\/div>\n\t\t\t\t<\/div>\n\t\t\t\t\t<\/div>\n\t\t<\/div>\n\t\t\t\t\t\t\t<\/div>\n\t\t<\/section>\n\t\t\t\t\t\t\t<\/div>\n\t\t","protected":false},"excerpt":{"rendered":"<p>Pachuca, Hgo. 11 de marzo 2023.-\u00a0Con el objetivo de abatir el rezago de consultas causada por la contingencia Sanitaria, el Instituto Mexicano del Seguro Social (IMSS) en Hidalgo suma acciones durante la 5\u00aa Jornada Nacional de Continuidad de Servicios. \u00a0Del 10 al 12 de marzo, el IMSS en el estado, de manera simult\u00e1nea se otorgar\u00e1 [&hellip;]<\/p>\n","protected":false},"author":1,"featured_media":3841,"comment_status":"closed","ping_status":"closed","sticky":false,"template":"","format":"standard","meta":[],"categories":[7],"tags":[],"_links":{"self":[{"href":"https:\/\/www.diarionoti7.com.mx\/index.php?rest_route=\/wp\/v2\/posts\/3845"}],"collection":[{"href":"https:\/\/www.diarionoti7.com.mx\/index.php?rest_route=\/wp\/v2\/posts"}],"about":[{"href":"https:\/\/www.diarionoti7.com.mx\/index.php?rest_route=\/wp\/v2\/types\/post"}],"author":[{"embeddable":true,"href":"https:\/\/www.diarionoti7.com.mx\/index.php?rest_route=\/wp\/v2\/users\/1"}],"replies":[{"embeddable":true,"href":"https:\/\/www.diarionoti7.com.mx\/index.php?rest_route=%2Fwp%2Fv2%2Fcomments&post=3845"}],"version-history":[{"count":1,"href":"https:\/\/www.diarionoti7.com.mx\/index.php?rest_route=\/wp\/v2\/posts\/3845\/revisions"}],"predecessor-version":[{"id":3846,"href":"https:\/\/www.diarionoti7.com.mx\/index.php?rest_route=\/wp\/v2\/posts\/3845\/revisions\/3846"}],"wp:featuredmedia":[{"embeddable":true,"href":"https:\/\/www.diarionoti7.com.mx\/index.php?rest_route=\/wp\/v2\/media\/3841"}],"wp:attachment":[{"href":"https:\/\/www.diarionoti7.com.mx\/index.php?rest_route=%2Fwp%2Fv2%2Fmedia&parent=3845"}],"wp:term":[{"taxonomy":"category","embeddable":true,"href":"https:\/\/www.diarionoti7.com.mx\/index.php?rest_route=%2Fwp%2Fv2%2Fcategories&post=3845"},{"taxonomy":"post_tag","embeddable":true,"href":"https:\/\/www.diarionoti7.com.mx\/index.php?rest_route=%2Fwp%2Fv2%2Ftags&post=3845"}],"curies":[{"name":"wp","href":"https:\/\/api.w.org\/{rel}","templated":true}]}}