{"id":3833,"date":"2023-03-11T19:16:18","date_gmt":"2023-03-11T19:16:18","guid":{"rendered":"https:\/\/www.diarionoti7.com.mx\/?p=3833"},"modified":"2023-03-11T19:17:00","modified_gmt":"2023-03-11T19:17:00","slug":"refrenda-julio-menchaca-su-compromiso-con-las-mujeres-del-snte","status":"publish","type":"post","link":"https:\/\/www.diarionoti7.com.mx\/?p=3833","title":{"rendered":"Refrenda Julio Menchaca su compromiso con las mujeres del SNTE"},"content":{"rendered":"\t\t<div data-elementor-type=\"wp-post\" data-elementor-id=\"3833\" class=\"elementor elementor-3833\">\n\t\t\t\t\t\t\t\t\t<section class=\"elementor-section elementor-top-section elementor-element elementor-element-51c23a4c elementor-section-boxed elementor-section-height-default elementor-section-height-default\" data-id=\"51c23a4c\" data-element_type=\"section\">\n\t\t\t\t\t\t<div class=\"elementor-container elementor-column-gap-default\">\n\t\t\t\t\t<div class=\"elementor-column elementor-col-100 elementor-top-column elementor-element elementor-element-7d2e0b6e\" data-id=\"7d2e0b6e\" data-element_type=\"column\">\n\t\t\t<div class=\"elementor-widget-wrap elementor-element-populated\">\n\t\t\t\t\t\t\t\t<div class=\"elementor-element elementor-element-2f2290cd elementor-widget elementor-widget-text-editor\" data-id=\"2f2290cd\" data-element_type=\"widget\" data-widget_type=\"text-editor.default\">\n\t\t\t\t<div class=\"elementor-widget-container\">\n\t\t\t<style>\/*! elementor - v3.10.2 - 29-01-2023 *\/\n.elementor-widget-text-editor.elementor-drop-cap-view-stacked .elementor-drop-cap{background-color:#818a91;color:#fff}.elementor-widget-text-editor.elementor-drop-cap-view-framed .elementor-drop-cap{color:#818a91;border:3px solid;background-color:transparent}.elementor-widget-text-editor:not(.elementor-drop-cap-view-default) .elementor-drop-cap{margin-top:8px}.elementor-widget-text-editor:not(.elementor-drop-cap-view-default) .elementor-drop-cap-letter{width:1em;height:1em}.elementor-widget-text-editor .elementor-drop-cap{float:left;text-align:center;line-height:1;font-size:50px}.elementor-widget-text-editor .elementor-drop-cap-letter{display:inline-block}<\/style>\t\t\t\t<p><strong>*Lejos de discursos, se deben impulsar acciones que trasciendan en favor de la paridad de g\u00e9nero\u201d: Menchaca Salazar<\/strong><\/p><p><strong>*<\/strong> <strong>La conmemoraci\u00f3n de la lucha feminista se encamina a la construcci\u00f3n de una sociedad justa e igualitaria, reconozco el empe\u00f1o de las docentes, \u201cDe ellas aprendemos la dedicaci\u00f3n, el esfuerzo y la vocaci\u00f3n de servicio\u201d: Edda Vite<\/strong><\/p><p><strong>*\u201cVamos a caminar de la mano de nuestro gobernador para que este estado se convierta en un lugar de excelencia en materia educativa\u201d Said Vargas S\u00e1enz.<\/strong><\/p><p><strong>Pachuca, Hgo. 10 de marzo de 2023.-<\/strong>El gobernador de Hidalgo, Julio Menchaca Salazar, asisti\u00f3 a la conmemoraci\u00f3n del D\u00eda Internacional de la Mujer, encuentro organizado por la Secci\u00f3n 15 del Sindicato Nacional de Trabajadores de la Educaci\u00f3n (SNTE) y en el que se dieron cita cientos de maestras provenientes de todas las regiones de la entidad.<\/p><p>En su intervenci\u00f3n el mandatario estatal afirm\u00f3 que lejos de discursos, se deben impulsar acciones que trasciendan en favor de la paridad de g\u00e9nero, por lo que se\u00f1al\u00f3 que su gobierno se encuentra comprometido a fortalecer las iniciativas que sirvan para reducir la brecha de desigualdad y las expresiones de violencia hacia las mujeres.<\/p><p>Respecto a las estrategias focalizadas en materia educativa, Menchaca Salazar record\u00f3 que el 42.8 por ciento del presupuesto de Hidalgo est\u00e1 destinado a la educaci\u00f3n, y que estos recursos ser\u00e1n utilizados para brindar mejores condiciones de vida para las y los hidalguenses, puntualiz\u00f3 que la tarea que desarrollan quienes integran al sector educativo, son motivo de orgullo y satisfacci\u00f3n para la ciudadan\u00eda.<\/p><p>Subray\u00f3 que, para erradicar la violencia de g\u00e9nero, su gobierno impuls\u00f3 el primer gabinete paritario, la creaci\u00f3n de la Polic\u00eda Violeta, la aplicaci\u00f3n m\u00f3vil \u201cNo m\u00e1s violencia\u201d, entre otras acciones que permiten construir un estado potencia, en donde las mujeres cuenten con organismos capaces de dar soluciones a cada una de sus necesidades.<\/p><p>En su mensaje la presidenta del Patronato del Sistema DIF Hidalgo, Edda Vite Ramos, expres\u00f3 que la conmemoraci\u00f3n de la lucha feminista se encamina a la construcci\u00f3n de una sociedad justa e igualitaria, por lo que celebr\u00f3 el empe\u00f1o de las docentes, quienes dedican gran parte de sus vidas a la formaci\u00f3n de nuevas generaciones: \u201cDe ellas aprendemos la dedicaci\u00f3n, el esfuerzo y la vocaci\u00f3n de servicio\u201d.<\/p><p>Vite Ramos exhort\u00f3 a las asistentes a seguir trabajando por las ni\u00f1as, adolescentes y mujeres, que, por desgracia, son mayoritariamente violentada en sus hogares, situaci\u00f3n que se atiende con solidaridad que debe existir dentro y fuera de las aulas.<\/p><p>Said Vargas S\u00e1enz, secretario general de la Secci\u00f3n 15 del SNTE, reconoci\u00f3 que el gobernador Menchaca Salazar se ha convertido en un aliado permanente de las trabajadoras de la educaci\u00f3n en Hidalgo: \u201cVamos a caminar de la mano de nuestro gobernador para que este estado se convierta en un lugar de excelencia en materia educativa\u201d, recalc\u00f3.<\/p><p>\u201cLes debemos las mismas oportunidades de participaci\u00f3n, mejores condiciones de educaci\u00f3n y desde la Secci\u00f3n 15 asumimos esta deuda, refrendamos nuestro compromiso con las ni\u00f1as, adolescentes, mujeres para terminar con el acoso, la discriminaci\u00f3n y cualquier acci\u00f3n que vulnere sus derechos\u201d, precis\u00f3 el dirigente sindical.<\/p><p>Denise Mel\u00e9ndez Cuevas, secretaria de Equidad de G\u00e9nero y Derechos Humanos de la Secci\u00f3n 15 del SNTE, aludi\u00f3 que este tipo de encuentros permite evaluar los avances que impulsen los derechos de todas las agremiadas de este sindicato, destac\u00f3 que el cambio se dar\u00e1 de la mano del di\u00e1logo colectivo: \u201cAgradezco a nombre de las mujeres trabajadoras de la educaci\u00f3n, las acciones que nos permiten ser visibles, \u00a1Por un sindicato igualitario, primero las mujeres!<\/p>\t\t\t\t\t\t<\/div>\n\t\t\t\t<\/div>\n\t\t\t\t\t<\/div>\n\t\t<\/div>\n\t\t\t\t\t\t\t<\/div>\n\t\t<\/section>\n\t\t\t\t\t\t\t<\/div>\n\t\t","protected":false},"excerpt":{"rendered":"<p>*Lejos de discursos, se deben impulsar acciones que trasciendan en favor de la paridad de g\u00e9nero\u201d: Menchaca Salazar * La conmemoraci\u00f3n de la lucha feminista se encamina a la construcci\u00f3n de una sociedad justa e igualitaria, reconozco el empe\u00f1o de las docentes, \u201cDe ellas aprendemos la dedicaci\u00f3n, el esfuerzo y la vocaci\u00f3n de servicio\u201d: Edda [&hellip;]<\/p>\n","protected":false},"author":1,"featured_media":3835,"comment_status":"closed","ping_status":"closed","sticky":false,"template":"","format":"standard","meta":[],"categories":[7],"tags":[],"_links":{"self":[{"href":"https:\/\/www.diarionoti7.com.mx\/index.php?rest_route=\/wp\/v2\/posts\/3833"}],"collection":[{"href":"https:\/\/www.diarionoti7.com.mx\/index.php?rest_route=\/wp\/v2\/posts"}],"about":[{"href":"https:\/\/www.diarionoti7.com.mx\/index.php?rest_route=\/wp\/v2\/types\/post"}],"author":[{"embeddable":true,"href":"https:\/\/www.diarionoti7.com.mx\/index.php?rest_route=\/wp\/v2\/users\/1"}],"replies":[{"embeddable":true,"href":"https:\/\/www.diarionoti7.com.mx\/index.php?rest_route=%2Fwp%2Fv2%2Fcomments&post=3833"}],"version-history":[{"count":4,"href":"https:\/\/www.diarionoti7.com.mx\/index.php?rest_route=\/wp\/v2\/posts\/3833\/revisions"}],"predecessor-version":[{"id":3838,"href":"https:\/\/www.diarionoti7.com.mx\/index.php?rest_route=\/wp\/v2\/posts\/3833\/revisions\/3838"}],"wp:featuredmedia":[{"embeddable":true,"href":"https:\/\/www.diarionoti7.com.mx\/index.php?rest_route=\/wp\/v2\/media\/3835"}],"wp:attachment":[{"href":"https:\/\/www.diarionoti7.com.mx\/index.php?rest_route=%2Fwp%2Fv2%2Fmedia&parent=3833"}],"wp:term":[{"taxonomy":"category","embeddable":true,"href":"https:\/\/www.diarionoti7.com.mx\/index.php?rest_route=%2Fwp%2Fv2%2Fcategories&post=3833"},{"taxonomy":"post_tag","embeddable":true,"href":"https:\/\/www.diarionoti7.com.mx\/index.php?rest_route=%2Fwp%2Fv2%2Ftags&post=3833"}],"curies":[{"name":"wp","href":"https:\/\/api.w.org\/{rel}","templated":true}]}}