{"id":3821,"date":"2023-03-11T19:14:17","date_gmt":"2023-03-11T19:14:17","guid":{"rendered":"https:\/\/www.diarionoti7.com.mx\/?p=3821"},"modified":"2023-03-11T19:14:54","modified_gmt":"2023-03-11T19:14:54","slug":"contraloria-trabaja-dos-auditorias-en-conjunto-con-la-secretaria-de-la-funcion-publica-y-la-auditoria-superior-de-la-federacion","status":"publish","type":"post","link":"https:\/\/www.diarionoti7.com.mx\/?p=3821","title":{"rendered":"Contralor\u00eda Trabaja Dos Auditor\u00edas en Conjunto con la Secretar\u00eda de la Funci\u00f3n P\u00fablica y la Auditor\u00eda Superior de la Federaci\u00f3n"},"content":{"rendered":"\t\t<div data-elementor-type=\"wp-post\" data-elementor-id=\"3821\" class=\"elementor elementor-3821\">\n\t\t\t\t\t\t\t\t\t<section class=\"elementor-section elementor-top-section elementor-element elementor-element-51c23a4c elementor-section-boxed elementor-section-height-default elementor-section-height-default\" data-id=\"51c23a4c\" data-element_type=\"section\">\n\t\t\t\t\t\t<div class=\"elementor-container elementor-column-gap-default\">\n\t\t\t\t\t<div class=\"elementor-column elementor-col-100 elementor-top-column elementor-element elementor-element-7d2e0b6e\" data-id=\"7d2e0b6e\" data-element_type=\"column\">\n\t\t\t<div class=\"elementor-widget-wrap elementor-element-populated\">\n\t\t\t\t\t\t\t\t<div class=\"elementor-element elementor-element-2f2290cd elementor-widget elementor-widget-text-editor\" data-id=\"2f2290cd\" data-element_type=\"widget\" data-widget_type=\"text-editor.default\">\n\t\t\t\t<div class=\"elementor-widget-container\">\n\t\t\t<style>\/*! elementor - v3.10.2 - 29-01-2023 *\/\n.elementor-widget-text-editor.elementor-drop-cap-view-stacked .elementor-drop-cap{background-color:#818a91;color:#fff}.elementor-widget-text-editor.elementor-drop-cap-view-framed .elementor-drop-cap{color:#818a91;border:3px solid;background-color:transparent}.elementor-widget-text-editor:not(.elementor-drop-cap-view-default) .elementor-drop-cap{margin-top:8px}.elementor-widget-text-editor:not(.elementor-drop-cap-view-default) .elementor-drop-cap-letter{width:1em;height:1em}.elementor-widget-text-editor .elementor-drop-cap{float:left;text-align:center;line-height:1;font-size:50px}.elementor-widget-text-editor .elementor-drop-cap-letter{display:inline-block}<\/style>\t\t\t\t<p><strong>* Concertadas en el Programa Anual de Fiscalizaci\u00f3n 2023<\/strong><\/p><p><strong>Pachuca, Hgo. 10 de marzo de 2023.-<\/strong>La Direcci\u00f3n de Auditor\u00edas Especiales, dentro de sus actividades de fiscalizaci\u00f3n comenz\u00f3 con los trabajos de dos auditor\u00edas en conjunto con el personal de la Secretar\u00eda de Contralor\u00eda encabezada por su titular \u00c1lvaro Bardales Ram\u00edrez y la Secretar\u00eda de la Funci\u00f3n P\u00fablica, concertadas en el Programa Anual de Fiscalizaci\u00f3n 2023, con la revisi\u00f3n de la documentaci\u00f3n comprobatoria proporcionada por la Secretar\u00eda de Finanzas P\u00fablicas, los Servicios de Salud de Hidalgo, el Colegio de Bachilleres del Estado de Hidalgo (COBAEH), Colegio de Estudios Cient\u00edficos y Tecnol\u00f3gicos del Estado de Hidalgo (CECyTEH), Instituto de Capacitaci\u00f3n para el Trabajo del Estado de Hidalgo (Icathi) y Telebachillerato.<\/p><p>Lo anterior con base en los siguientes programas: Atenci\u00f3n a la Salud y Medicamentos Gratuitos para la Poblaci\u00f3n sin Seguridad Social Laboral (U013), 2022 y Recursos de los Subsidios para Organismos Descentralizados Estatales\/Educaci\u00f3n Media Superior (U006), 2022.<\/p><p>En la mesa de trabajo desarrollada, se inform\u00f3 sobre los detalles a los representantes de dichos organismos, para entregar la documentaci\u00f3n comprobatoria faltante, as\u00ed como con los requerimientos de informaci\u00f3n inicial.<\/p><p>Dicha informaci\u00f3n deber\u00e1 estar certificada con la finalidad de disminuir el riesgo de observaciones por parte de la Secretar\u00eda de la Funci\u00f3n P\u00fablica y continuar con la revisi\u00f3n de los recursos federales ejercidos por el Gobierno del Estado de Hidalgo.<\/p><p>Asimismo, se han realizado reuniones de trabajo con los Servicios de Salud de Hidalgo, para revisar los avances en la integraci\u00f3n de la informaci\u00f3n sobre el seguimiento de los resultados de los programas FASSA y U013 de la Cuenta<\/p><p>P\u00fablica 2021, emitidos por la Auditor\u00eda Superior de la Federaci\u00f3n, de la tercera etapa publicada el pasado 20 de febrero de 2023, para atender en tiempo y forma ante el \u00d3rgano Superior de Fiscalizaci\u00f3n dentro de los pr\u00f3ximos 30 d\u00edas h\u00e1biles.<\/p><p>Se han atendido 7 requerimientos preliminares de informaci\u00f3n emitidos por la Auditor\u00eda Superior de la Federaci\u00f3n, para la fiscalizaci\u00f3n de la Cuenta P\u00fablica 2022, esto con el prop\u00f3sito de aclarar dudas y acordar los t\u00e9rminos para presentar la informaci\u00f3n requerida por la Auditor\u00eda Superior de la Federaci\u00f3n para la auditor\u00eda del Fondo de Aportaciones para la Seguridad P\u00fablica (FASP) 2022.<\/p><p>De igual forma, se llev\u00f3 a cabo una reuni\u00f3n virtual con el Secretariado Ejecutivo del Consejo Estatal de Seguridad P\u00fablica, la Secretar\u00eda de Finanzas P\u00fablicas, la Secretar\u00eda de Seguridad P\u00fablica, la Secretar\u00eda de Obras P\u00fablicas y Ordenamiento Territorial, el Tribunal Superior de Justicia y la Procuradur\u00eda General de Justicia.<\/p><p>Misma que estuvo dentro de las actividades complementarias, en colaboraci\u00f3n con la Universidad Digital del Estado de Hidalgo, con la integraci\u00f3n y dise\u00f1o del m\u00f3dulo 4 denominado \u201cAuditor\u00eda Gubernamental de la Academia de la Transformaci\u00f3n\u201d, proyecto que ha sido construido y verificado bajo las instrucciones del gobernador Julio Menchaca Salazar.<\/p><p>Adem\u00e1s, se ha participado de manera activa en el proyecto de capacitaci\u00f3n en el tema \u201cFiscalizaci\u00f3n efectiva para servidores p\u00fablicos del Gobierno del Estado\u201d, a trav\u00e9s del dise\u00f1o y exposici\u00f3n de material cuyo contenido involucra las actividades de esta Secretar\u00eda de Contralor\u00eda emitidas en los programas FASSA y U013 y se revisan los avances en la entrega de informaci\u00f3n con representantes, para ver faltantes del programa U006 Subsidios para la Educaci\u00f3n Media Superior.<\/p><p>Para dar atenci\u00f3n a la etapa de planeaci\u00f3n de la auditor\u00eda al Fondo de Aportaciones para la Seguridad P\u00fablica (FASP), se llev\u00f3 a cabo reuni\u00f3n virtual con los ejecutores del Secretariado Ejecutivo del Consejo Estatal de Seguridad P\u00fablica, la Secretar\u00eda de Finanzas P\u00fablicas, la Secretar\u00eda de Seguridad P\u00fablica, la Secretar\u00eda de Obras P\u00fablicas y Ordenamiento Territorial, el Tribunal Superior de Justicia y la PGJ, para aclarar dudas del requerimiento para la fiscalizaci\u00f3n de la Cuenta P\u00fablica 2022.<\/p><p>\u00a0<\/p>\t\t\t\t\t\t<\/div>\n\t\t\t\t<\/div>\n\t\t\t\t\t<\/div>\n\t\t<\/div>\n\t\t\t\t\t\t\t<\/div>\n\t\t<\/section>\n\t\t\t\t\t\t\t<\/div>\n\t\t","protected":false},"excerpt":{"rendered":"<p>* Concertadas en el Programa Anual de Fiscalizaci\u00f3n 2023 Pachuca, Hgo. 10 de marzo de 2023.-La Direcci\u00f3n de Auditor\u00edas Especiales, dentro de sus actividades de fiscalizaci\u00f3n comenz\u00f3 con los trabajos de dos auditor\u00edas en conjunto con el personal de la Secretar\u00eda de Contralor\u00eda encabezada por su titular \u00c1lvaro Bardales Ram\u00edrez y la Secretar\u00eda de la [&hellip;]<\/p>\n","protected":false},"author":1,"featured_media":3823,"comment_status":"closed","ping_status":"closed","sticky":false,"template":"","format":"standard","meta":[],"categories":[7],"tags":[],"_links":{"self":[{"href":"https:\/\/www.diarionoti7.com.mx\/index.php?rest_route=\/wp\/v2\/posts\/3821"}],"collection":[{"href":"https:\/\/www.diarionoti7.com.mx\/index.php?rest_route=\/wp\/v2\/posts"}],"about":[{"href":"https:\/\/www.diarionoti7.com.mx\/index.php?rest_route=\/wp\/v2\/types\/post"}],"author":[{"embeddable":true,"href":"https:\/\/www.diarionoti7.com.mx\/index.php?rest_route=\/wp\/v2\/users\/1"}],"replies":[{"embeddable":true,"href":"https:\/\/www.diarionoti7.com.mx\/index.php?rest_route=%2Fwp%2Fv2%2Fcomments&post=3821"}],"version-history":[{"count":4,"href":"https:\/\/www.diarionoti7.com.mx\/index.php?rest_route=\/wp\/v2\/posts\/3821\/revisions"}],"predecessor-version":[{"id":3826,"href":"https:\/\/www.diarionoti7.com.mx\/index.php?rest_route=\/wp\/v2\/posts\/3821\/revisions\/3826"}],"wp:featuredmedia":[{"embeddable":true,"href":"https:\/\/www.diarionoti7.com.mx\/index.php?rest_route=\/wp\/v2\/media\/3823"}],"wp:attachment":[{"href":"https:\/\/www.diarionoti7.com.mx\/index.php?rest_route=%2Fwp%2Fv2%2Fmedia&parent=3821"}],"wp:term":[{"taxonomy":"category","embeddable":true,"href":"https:\/\/www.diarionoti7.com.mx\/index.php?rest_route=%2Fwp%2Fv2%2Fcategories&post=3821"},{"taxonomy":"post_tag","embeddable":true,"href":"https:\/\/www.diarionoti7.com.mx\/index.php?rest_route=%2Fwp%2Fv2%2Ftags&post=3821"}],"curies":[{"name":"wp","href":"https:\/\/api.w.org\/{rel}","templated":true}]}}