{"id":38204,"date":"2024-03-22T17:44:12","date_gmt":"2024-03-22T17:44:12","guid":{"rendered":"https:\/\/www.diarionoti7.com.mx\/?p=38204"},"modified":"2024-03-22T17:45:10","modified_gmt":"2024-03-22T17:45:10","slug":"mas-de-80-tulancinguenses-beneficiados-en-las-ultimas-seis-jornadas-medicas-salud-a-tu-alcance","status":"publish","type":"post","link":"https:\/\/www.diarionoti7.com.mx\/?p=38204","title":{"rendered":"M\u00e1s de 80 Tulancinguenses Beneficiados en Las \u00daltimas Seis Jornadas M\u00e9dicas Salud A Tu Alcance"},"content":{"rendered":"\t\t<div data-elementor-type=\"wp-post\" data-elementor-id=\"38204\" class=\"elementor elementor-38204\">\n\t\t\t\t\t\t\t\t\t<section class=\"elementor-section elementor-top-section elementor-element elementor-element-c09b8f0 elementor-section-boxed elementor-section-height-default elementor-section-height-default\" data-id=\"c09b8f0\" data-element_type=\"section\">\n\t\t\t\t\t\t<div class=\"elementor-container elementor-column-gap-default\">\n\t\t\t\t\t<div class=\"elementor-column elementor-col-100 elementor-top-column elementor-element elementor-element-955a561\" data-id=\"955a561\" data-element_type=\"column\">\n\t\t\t<div class=\"elementor-widget-wrap elementor-element-populated\">\n\t\t\t\t\t\t\t\t<div class=\"elementor-element elementor-element-0ce869c elementor-widget elementor-widget-text-editor\" data-id=\"0ce869c\" data-element_type=\"widget\" data-widget_type=\"text-editor.default\">\n\t\t\t\t<div class=\"elementor-widget-container\">\n\t\t\t<style>\/*! elementor - v3.10.2 - 29-01-2023 *\/\n.elementor-widget-text-editor.elementor-drop-cap-view-stacked .elementor-drop-cap{background-color:#818a91;color:#fff}.elementor-widget-text-editor.elementor-drop-cap-view-framed .elementor-drop-cap{color:#818a91;border:3px solid;background-color:transparent}.elementor-widget-text-editor:not(.elementor-drop-cap-view-default) .elementor-drop-cap{margin-top:8px}.elementor-widget-text-editor:not(.elementor-drop-cap-view-default) .elementor-drop-cap-letter{width:1em;height:1em}.elementor-widget-text-editor .elementor-drop-cap{float:left;text-align:center;line-height:1;font-size:50px}.elementor-widget-text-editor .elementor-drop-cap-letter{display:inline-block}<\/style>\t\t\t\t<p><strong>Tujlancingo, Hgo. 21 de marzo de 2024.-<\/strong>San Juan El Banco; Rojo G\u00f3mez; Lomas de Napateco; Ahuehuetitla; Ojo de agua y Viveros de la Loma, son los puntos m\u00e1s recientes de realizaci\u00f3n de las jornadas m\u00e9dicas Salud a Tu Alcance en las cuales se ha beneficiado a m\u00e1s de 80 Tulancinguenses.<\/p><p>Estas jornadas siguen recorriendo al municipio y entre lo m\u00e1s detectado como padecimientos y afecciones, son las enfermedades cr\u00f3nicas no transmisibles, principalmente, diabetes, hipertensi\u00f3n, as\u00ed como insuficiencia renal, en fase inicial y algunas otras como: colon irritable y gastritis.<\/p><p>En estas jornadas m\u00e9dicas, se pone al alcance de la ciudadan\u00eda un paquete de cuatro servicios gratuitos (consulta m\u00e9dica general; nutrici\u00f3n, educaci\u00f3n en diabetes y psicolog\u00eda).<\/p><p>En consulta m\u00e9dica general se abarca, medici\u00f3n de presi\u00f3n arterial, detecci\u00f3n de glucosa capilar y en valoraci\u00f3n nutricional, se hace medici\u00f3n de peso y talla para detectar sobrepeso, obesidad o peso bajo.<\/p><p>Pr\u00f3ximamente, las jornadas m\u00e9dicas tienen como puntos confirmados el 25 de marzo en Ampliaci\u00f3n Vicente Guerrero, as\u00ed el 1 de abril en Huitititla, adem\u00e1s del 8 de abril en Ejido Mimila.<\/p><p>En esos lugares se atender\u00e1 con un horario de 10:00 de la ma\u00f1ana a 2:00 de la tarde, con atenci\u00f3n por turno de llegada.<\/p><p>En caso de detectar alg\u00fan padecimiento que requiera de manejo especializado se refiere al paciente a la unidad m\u00e9dica correspondiente.<\/p><p>Tambi\u00e9n, es de resaltar el apoyo de la Unidad B\u00e1sica de Rehabilitaci\u00f3n para llevar hasta los domicilios servicio de fisioterapia a personas postradas y para ello se requiere de valoraci\u00f3n previa a trav\u00e9s de consulta.<\/p><p>As\u00ed mismo participa el Centro de Cultura Emocional de la Familia CCEF dependiente del Sistema DIF con atenci\u00f3n psicol\u00f3gica a personas que requieran de apoyo para el manejo de emociones y salud mental.<\/p><p>Para que m\u00e1s colonias puedan solicitar estas jornadas el tel\u00e9fono para inclusi\u00f3n de lugares en la agenda es 7751867269 o de manera presencial en planta baja de presidencia municipal.<\/p>\t\t\t\t\t\t<\/div>\n\t\t\t\t<\/div>\n\t\t\t\t\t<\/div>\n\t\t<\/div>\n\t\t\t\t\t\t\t<\/div>\n\t\t<\/section>\n\t\t\t\t\t\t\t<\/div>\n\t\t","protected":false},"excerpt":{"rendered":"<p>Tujlancingo, Hgo. 21 de marzo de 2024.-San Juan El Banco; Rojo G\u00f3mez; Lomas de Napateco; Ahuehuetitla; Ojo de agua y Viveros de la Loma, son los puntos m\u00e1s recientes de realizaci\u00f3n de las jornadas m\u00e9dicas Salud a Tu Alcance en las cuales se ha beneficiado a m\u00e1s de 80 Tulancinguenses. Estas jornadas siguen recorriendo al [&hellip;]<\/p>\n","protected":false},"author":1,"featured_media":38206,"comment_status":"closed","ping_status":"closed","sticky":false,"template":"","format":"standard","meta":[],"categories":[9],"tags":[],"_links":{"self":[{"href":"https:\/\/www.diarionoti7.com.mx\/index.php?rest_route=\/wp\/v2\/posts\/38204"}],"collection":[{"href":"https:\/\/www.diarionoti7.com.mx\/index.php?rest_route=\/wp\/v2\/posts"}],"about":[{"href":"https:\/\/www.diarionoti7.com.mx\/index.php?rest_route=\/wp\/v2\/types\/post"}],"author":[{"embeddable":true,"href":"https:\/\/www.diarionoti7.com.mx\/index.php?rest_route=\/wp\/v2\/users\/1"}],"replies":[{"embeddable":true,"href":"https:\/\/www.diarionoti7.com.mx\/index.php?rest_route=%2Fwp%2Fv2%2Fcomments&post=38204"}],"version-history":[{"count":4,"href":"https:\/\/www.diarionoti7.com.mx\/index.php?rest_route=\/wp\/v2\/posts\/38204\/revisions"}],"predecessor-version":[{"id":38209,"href":"https:\/\/www.diarionoti7.com.mx\/index.php?rest_route=\/wp\/v2\/posts\/38204\/revisions\/38209"}],"wp:featuredmedia":[{"embeddable":true,"href":"https:\/\/www.diarionoti7.com.mx\/index.php?rest_route=\/wp\/v2\/media\/38206"}],"wp:attachment":[{"href":"https:\/\/www.diarionoti7.com.mx\/index.php?rest_route=%2Fwp%2Fv2%2Fmedia&parent=38204"}],"wp:term":[{"taxonomy":"category","embeddable":true,"href":"https:\/\/www.diarionoti7.com.mx\/index.php?rest_route=%2Fwp%2Fv2%2Fcategories&post=38204"},{"taxonomy":"post_tag","embeddable":true,"href":"https:\/\/www.diarionoti7.com.mx\/index.php?rest_route=%2Fwp%2Fv2%2Ftags&post=38204"}],"curies":[{"name":"wp","href":"https:\/\/api.w.org\/{rel}","templated":true}]}}