{"id":38165,"date":"2024-03-21T18:20:27","date_gmt":"2024-03-21T18:20:27","guid":{"rendered":"https:\/\/www.diarionoti7.com.mx\/?p=38165"},"modified":"2024-03-21T18:22:02","modified_gmt":"2024-03-21T18:22:02","slug":"inicia-colecta-nacional-2024-de-la-cruz-roja-mexicana","status":"publish","type":"post","link":"https:\/\/www.diarionoti7.com.mx\/?p=38165","title":{"rendered":"Inicia Colecta Nacional 2024 de la Cruz Roja Mexicana"},"content":{"rendered":"\t\t<div data-elementor-type=\"wp-post\" data-elementor-id=\"38165\" class=\"elementor elementor-38165\">\n\t\t\t\t\t\t\t\t\t<section class=\"elementor-section elementor-top-section elementor-element elementor-element-c09b8f0 elementor-section-boxed elementor-section-height-default elementor-section-height-default\" data-id=\"c09b8f0\" data-element_type=\"section\">\n\t\t\t\t\t\t<div class=\"elementor-container elementor-column-gap-default\">\n\t\t\t\t\t<div class=\"elementor-column elementor-col-100 elementor-top-column elementor-element elementor-element-955a561\" data-id=\"955a561\" data-element_type=\"column\">\n\t\t\t<div class=\"elementor-widget-wrap elementor-element-populated\">\n\t\t\t\t\t\t\t\t<div class=\"elementor-element elementor-element-0ce869c elementor-widget elementor-widget-text-editor\" data-id=\"0ce869c\" data-element_type=\"widget\" data-widget_type=\"text-editor.default\">\n\t\t\t\t<div class=\"elementor-widget-container\">\n\t\t\t<style>\/*! elementor - v3.10.2 - 29-01-2023 *\/\n.elementor-widget-text-editor.elementor-drop-cap-view-stacked .elementor-drop-cap{background-color:#818a91;color:#fff}.elementor-widget-text-editor.elementor-drop-cap-view-framed .elementor-drop-cap{color:#818a91;border:3px solid;background-color:transparent}.elementor-widget-text-editor:not(.elementor-drop-cap-view-default) .elementor-drop-cap{margin-top:8px}.elementor-widget-text-editor:not(.elementor-drop-cap-view-default) .elementor-drop-cap-letter{width:1em;height:1em}.elementor-widget-text-editor .elementor-drop-cap{float:left;text-align:center;line-height:1;font-size:50px}.elementor-widget-text-editor .elementor-drop-cap-letter{display:inline-block}<\/style>\t\t\t\t<p><strong>Pachuca, Hgo., a 20 de marzo de 2024.-<\/strong>El titular del Poder Ejecutivo en Hidalgo asisti\u00f3 como invitado de honor al arranque de la Colecta Nacional 2024 de la Cruz Roja Mexicana, espacio en el que reconoci\u00f3 el tiempo, la capacidad y la empat\u00eda mostrada por los socorristas \u201chacia el dolor de quienes requieren del apoyo en casos de emergencia\u201d.<\/p><p>\u201cReconocemos el esfuerzo de las mujeres y los hombres que integran a la Cruz Roja Mexicana, pues ejemplifica la organizaci\u00f3n de lo que es trascender; dar esa ayuda y esa atenci\u00f3n en el momento que m\u00e1s se necesita\u201d, declar\u00f3 el mandatario estatal.<\/p><p>El director nacional de Delegaciones de la Cruz Roja Mexicana, enfatiz\u00f3 que, tras la pandemia, esta instituci\u00f3n redobla esfuerzos a nivel nacional a fin de renovar y fortalecer a cada delegaci\u00f3n local, pues en cada una de estas, se hacen frente a distintos retos bajo los preceptos del humanismo y la solidaridad.<\/p><p>En ese sentido, se llev\u00f3 a cabo la entrega de reconocimientos a las y los brigadistas que atendieron la emergencia provocada por el hurac\u00e1n Otis en Guerrero, acto en el que se galardon\u00f3 a Alan Orozco L\u00f3pez, Jair Carbajal Romero, Emilio de Jes\u00fas G\u00f3mez S\u00e1nchez, Cristian Austria D\u00edaz, Alberto Lucio Valdez, Esteban Lucio Canales.<\/p><p>A ellas y ellos se sumaron Felicitas Bautista Hern\u00e1ndez, Fernando Cano Mendoza, Luis Pedraza Moreno, Fernando S\u00e1nchez Mayorga, Sergio Aguilar, Fabiola Hern\u00e1ndez Rodr\u00edguez, Gustavo Santill\u00e1n Alfaro, Fernanda Ortiz Ortiz y Karla \u00c1lvarez Rodr\u00edguez.<\/p><p>Durante el evento, la representaci\u00f3n de la sede nacional de la Cruz Roja Mexicana realiz\u00f3 la entrega simb\u00f3lica de dos ambulancias a los municipios de Tizayuca y Tulancingo de Bravo.<\/p><p>En su intervenci\u00f3n, la coordinadora local de Socorros de Pachuca, record\u00f3 que tanto ella como sus compa\u00f1eros llegaron a la ciudad de Acapulco 48 horas despu\u00e9s de que Otis toc\u00f3 tierra; ya en el sitio, \u201cencontraron un escenario de devastaci\u00f3n que les impuls\u00f3 a atender con esperanza y unidad a quienes lo hab\u00edan perdido todo\u201d.<\/p><p>\u201cGracias por la confianza que depositan en esta instituci\u00f3n, todo el apoyo que enviaron fue entregado a la poblaci\u00f3n que as\u00ed lo necesitaba\u201d, dijo la brigadista.<\/p><p>Durante su mensaje el delegado de la Cruz Roja Mexicana en Hidalgo, destac\u00f3 que esta organizaci\u00f3n ha logrado mantener vigente su cat\u00e1logo de servicios gracias a la solidaridad de quienes aportan su confianza en cada una de las alcanc\u00edas.<\/p><p>Finalmente, exhort\u00f3 a las y los presentes a seguir contribuyendo pues explic\u00f3 que en momentos cruciales como la pandemia por Covid-19, las y los socorristas de la Cruz Roja han hecho presencia para abonar a las tareas de b\u00fasqueda, rescate, servicios de salud y dispersi\u00f3n de medicamentos.<\/p>\t\t\t\t\t\t<\/div>\n\t\t\t\t<\/div>\n\t\t\t\t\t<\/div>\n\t\t<\/div>\n\t\t\t\t\t\t\t<\/div>\n\t\t<\/section>\n\t\t\t\t<section class=\"elementor-section elementor-top-section elementor-element elementor-element-c5ef6b9 elementor-section-boxed elementor-section-height-default elementor-section-height-default\" data-id=\"c5ef6b9\" data-element_type=\"section\">\n\t\t\t\t\t\t<div class=\"elementor-container elementor-column-gap-default\">\n\t\t\t\t\t<div class=\"elementor-column elementor-col-100 elementor-top-column elementor-element elementor-element-dcfc145\" data-id=\"dcfc145\" data-element_type=\"column\">\n\t\t\t<div class=\"elementor-widget-wrap elementor-element-populated\">\n\t\t\t\t\t\t\t\t<div class=\"elementor-element elementor-element-3de398f elementor-aspect-ratio-169 elementor-widget elementor-widget-video\" data-id=\"3de398f\" data-element_type=\"widget\" data-settings=\"{&quot;youtube_url&quot;:&quot;https:\\\/\\\/youtu.be\\\/dlVkH2zjL4I&quot;,&quot;video_type&quot;:&quot;youtube&quot;,&quot;controls&quot;:&quot;yes&quot;,&quot;aspect_ratio&quot;:&quot;169&quot;}\" data-widget_type=\"video.default\">\n\t\t\t\t<div class=\"elementor-widget-container\">\n\t\t\t<style>\/*! elementor - v3.10.2 - 29-01-2023 *\/\n.elementor-widget-video .elementor-widget-container{overflow:hidden;transform:translateZ(0)}.elementor-widget-video .elementor-open-inline .elementor-custom-embed-image-overlay{position:absolute;top:0;left:0;width:100%;height:100%;background-size:cover;background-position:50%}.elementor-widget-video .elementor-custom-embed-image-overlay{cursor:pointer;text-align:center}.elementor-widget-video .elementor-custom-embed-image-overlay:hover .elementor-custom-embed-play i{opacity:1}.elementor-widget-video .elementor-custom-embed-image-overlay img{display:block;width:100%}.elementor-widget-video .e-hosted-video .elementor-video{-o-object-fit:cover;object-fit:cover}.e-con-inner>.elementor-widget-video,.e-con>.elementor-widget-video{width:var(--container-widget-width);--flex-grow:var(--container-widget-flex-grow)}<\/style>\t\t<div class=\"elementor-wrapper elementor-fit-aspect-ratio elementor-open-inline\">\n\t\t\t<div class=\"elementor-video\"><\/div>\t\t<\/div>\n\t\t\t\t<\/div>\n\t\t\t\t<\/div>\n\t\t\t\t\t<\/div>\n\t\t<\/div>\n\t\t\t\t\t\t\t<\/div>\n\t\t<\/section>\n\t\t\t\t\t\t\t<\/div>\n\t\t","protected":false},"excerpt":{"rendered":"<p>Pachuca, Hgo., a 20 de marzo de 2024.-El titular del Poder Ejecutivo en Hidalgo asisti\u00f3 como invitado de honor al arranque de la Colecta Nacional 2024 de la Cruz Roja Mexicana, espacio en el que reconoci\u00f3 el tiempo, la capacidad y la empat\u00eda mostrada por los socorristas \u201chacia el dolor de quienes requieren del apoyo [&hellip;]<\/p>\n","protected":false},"author":1,"featured_media":38167,"comment_status":"closed","ping_status":"closed","sticky":false,"template":"","format":"standard","meta":[],"categories":[7],"tags":[],"_links":{"self":[{"href":"https:\/\/www.diarionoti7.com.mx\/index.php?rest_route=\/wp\/v2\/posts\/38165"}],"collection":[{"href":"https:\/\/www.diarionoti7.com.mx\/index.php?rest_route=\/wp\/v2\/posts"}],"about":[{"href":"https:\/\/www.diarionoti7.com.mx\/index.php?rest_route=\/wp\/v2\/types\/post"}],"author":[{"embeddable":true,"href":"https:\/\/www.diarionoti7.com.mx\/index.php?rest_route=\/wp\/v2\/users\/1"}],"replies":[{"embeddable":true,"href":"https:\/\/www.diarionoti7.com.mx\/index.php?rest_route=%2Fwp%2Fv2%2Fcomments&post=38165"}],"version-history":[{"count":4,"href":"https:\/\/www.diarionoti7.com.mx\/index.php?rest_route=\/wp\/v2\/posts\/38165\/revisions"}],"predecessor-version":[{"id":38170,"href":"https:\/\/www.diarionoti7.com.mx\/index.php?rest_route=\/wp\/v2\/posts\/38165\/revisions\/38170"}],"wp:featuredmedia":[{"embeddable":true,"href":"https:\/\/www.diarionoti7.com.mx\/index.php?rest_route=\/wp\/v2\/media\/38167"}],"wp:attachment":[{"href":"https:\/\/www.diarionoti7.com.mx\/index.php?rest_route=%2Fwp%2Fv2%2Fmedia&parent=38165"}],"wp:term":[{"taxonomy":"category","embeddable":true,"href":"https:\/\/www.diarionoti7.com.mx\/index.php?rest_route=%2Fwp%2Fv2%2Fcategories&post=38165"},{"taxonomy":"post_tag","embeddable":true,"href":"https:\/\/www.diarionoti7.com.mx\/index.php?rest_route=%2Fwp%2Fv2%2Ftags&post=38165"}],"curies":[{"name":"wp","href":"https:\/\/api.w.org\/{rel}","templated":true}]}}