{"id":3779,"date":"2023-03-11T19:07:16","date_gmt":"2023-03-11T19:07:16","guid":{"rendered":"https:\/\/www.diarionoti7.com.mx\/?p=3779"},"modified":"2023-03-11T19:07:56","modified_gmt":"2023-03-11T19:07:56","slug":"seph-reporta-235-hechos-de-violencia-en-escuelas-desde-septiembre","status":"publish","type":"post","link":"https:\/\/www.diarionoti7.com.mx\/?p=3779","title":{"rendered":"SEPH  Reporta  235  Hechos  de Violencia en Escuelas Desde Septiembre"},"content":{"rendered":"\t\t<div data-elementor-type=\"wp-post\" data-elementor-id=\"3779\" class=\"elementor elementor-3779\">\n\t\t\t\t\t\t\t\t\t<section class=\"elementor-section elementor-top-section elementor-element elementor-element-51c23a4c elementor-section-boxed elementor-section-height-default elementor-section-height-default\" data-id=\"51c23a4c\" data-element_type=\"section\">\n\t\t\t\t\t\t<div class=\"elementor-container elementor-column-gap-default\">\n\t\t\t\t\t<div class=\"elementor-column elementor-col-100 elementor-top-column elementor-element elementor-element-7d2e0b6e\" data-id=\"7d2e0b6e\" data-element_type=\"column\">\n\t\t\t<div class=\"elementor-widget-wrap elementor-element-populated\">\n\t\t\t\t\t\t\t\t<div class=\"elementor-element elementor-element-2f2290cd elementor-widget elementor-widget-text-editor\" data-id=\"2f2290cd\" data-element_type=\"widget\" data-widget_type=\"text-editor.default\">\n\t\t\t\t<div class=\"elementor-widget-container\">\n\t\t\t<style>\/*! elementor - v3.10.2 - 29-01-2023 *\/\n.elementor-widget-text-editor.elementor-drop-cap-view-stacked .elementor-drop-cap{background-color:#818a91;color:#fff}.elementor-widget-text-editor.elementor-drop-cap-view-framed .elementor-drop-cap{color:#818a91;border:3px solid;background-color:transparent}.elementor-widget-text-editor:not(.elementor-drop-cap-view-default) .elementor-drop-cap{margin-top:8px}.elementor-widget-text-editor:not(.elementor-drop-cap-view-default) .elementor-drop-cap-letter{width:1em;height:1em}.elementor-widget-text-editor .elementor-drop-cap{float:left;text-align:center;line-height:1;font-size:50px}.elementor-widget-text-editor .elementor-drop-cap-letter{display:inline-block}<\/style>\t\t\t\t<p><strong>Pachuca, Hgo. 10 de marzo 2023.- <\/strong>La\u00a0<a href=\"https:\/\/twitter.com\/SEPHidalgo?s=20\">Secretar\u00eda de Educaci\u00f3n P\u00fablica de Hidalgo (SEPH)<\/a>\u00a0acumula un total de 235 reportes de violencia en escuelas de educaci\u00f3n b\u00e1sica, de los cuales 51 son de tipo sexual y 80 de violencia f\u00edsica, inform\u00f3 el titular \u00a0Natividad Castrej\u00f3n Valdez.<\/p><p>Destaco que las cifras corresponden\u00a0 del mes de \u00a0septiembre a febrero del 2023\u00a0 y por lo que ya \u00a0se iniciaron expedientes en el \u00e1rea jur\u00eddica,\u00a0 adem\u00e1s\u00a0han reportado 43 situaciones de violencia psicol\u00f3gica, 24 de violencia verbal, 16 casos de tipo cibern\u00e9tica.<\/p><p>En el marco de \u00a0la conmemoraci\u00f3n del\u00a0D\u00eda Internacional de la Mujer\u00a0 del Sindicato Nacional de Trabajadores de la Educaci\u00f3n (SNTE) Secci\u00f3n 15,\u00a0Natividad Castrej\u00f3n\u00a0asegur\u00f3 que la SEPH cuenta con el \u201cProtocolo Cero\u201d que establece la actuaci\u00f3n tanto de directivos como de profesores sobre este tipo de casos.<\/p><p>Asi mimso, asgur\u00f3 que \u00a0se imparten talleres en las diferentes regiones de la entidad para que tanto profesores como estudiantes informen estos hechos, pues reconoci\u00f3 que es principalmente en la zona otom\u00ed-tepehua donde no se tiene el mayor n\u00famero de reportes pero esto se debe a que la violencia esta normalizada.<\/p><p>Preciso el funcionario que \u201cDonde m\u00e1s reportes se tienen es en la zona metropolitana, no porque solo pase aqu\u00ed, pero hay regiones donde esta normalizada y ni siquiera la reportan, ah\u00ed se tiene que trabajar con los padres y docentes y \u00a0se dan entre alumnos como entre profesores a alumnos, siendo en este \u00faltimo caso que se procede a suspender del puesto al docente.<\/p><p>Sin embargo, aclaro que los casos de violencia sexual o f\u00edsica no necesariamente ocurren al interior de las instituciones educativas, pero es aqu\u00ed donde se detecta una posible situaci\u00f3n y debe activarse el protocolo que en algunos casos se llevan hasta el Ministerio P\u00fablico.<\/p>\t\t\t\t\t\t<\/div>\n\t\t\t\t<\/div>\n\t\t\t\t\t<\/div>\n\t\t<\/div>\n\t\t\t\t\t\t\t<\/div>\n\t\t<\/section>\n\t\t\t\t\t\t\t<\/div>\n\t\t","protected":false},"excerpt":{"rendered":"<p>Pachuca, Hgo. 10 de marzo 2023.- La\u00a0Secretar\u00eda de Educaci\u00f3n P\u00fablica de Hidalgo (SEPH)\u00a0acumula un total de 235 reportes de violencia en escuelas de educaci\u00f3n b\u00e1sica, de los cuales 51 son de tipo sexual y 80 de violencia f\u00edsica, inform\u00f3 el titular \u00a0Natividad Castrej\u00f3n Valdez. Destaco que las cifras corresponden\u00a0 del mes de \u00a0septiembre a febrero [&hellip;]<\/p>\n","protected":false},"author":1,"featured_media":3782,"comment_status":"closed","ping_status":"closed","sticky":false,"template":"","format":"standard","meta":[],"categories":[4],"tags":[],"_links":{"self":[{"href":"https:\/\/www.diarionoti7.com.mx\/index.php?rest_route=\/wp\/v2\/posts\/3779"}],"collection":[{"href":"https:\/\/www.diarionoti7.com.mx\/index.php?rest_route=\/wp\/v2\/posts"}],"about":[{"href":"https:\/\/www.diarionoti7.com.mx\/index.php?rest_route=\/wp\/v2\/types\/post"}],"author":[{"embeddable":true,"href":"https:\/\/www.diarionoti7.com.mx\/index.php?rest_route=\/wp\/v2\/users\/1"}],"replies":[{"embeddable":true,"href":"https:\/\/www.diarionoti7.com.mx\/index.php?rest_route=%2Fwp%2Fv2%2Fcomments&post=3779"}],"version-history":[{"count":4,"href":"https:\/\/www.diarionoti7.com.mx\/index.php?rest_route=\/wp\/v2\/posts\/3779\/revisions"}],"predecessor-version":[{"id":3785,"href":"https:\/\/www.diarionoti7.com.mx\/index.php?rest_route=\/wp\/v2\/posts\/3779\/revisions\/3785"}],"wp:featuredmedia":[{"embeddable":true,"href":"https:\/\/www.diarionoti7.com.mx\/index.php?rest_route=\/wp\/v2\/media\/3782"}],"wp:attachment":[{"href":"https:\/\/www.diarionoti7.com.mx\/index.php?rest_route=%2Fwp%2Fv2%2Fmedia&parent=3779"}],"wp:term":[{"taxonomy":"category","embeddable":true,"href":"https:\/\/www.diarionoti7.com.mx\/index.php?rest_route=%2Fwp%2Fv2%2Fcategories&post=3779"},{"taxonomy":"post_tag","embeddable":true,"href":"https:\/\/www.diarionoti7.com.mx\/index.php?rest_route=%2Fwp%2Fv2%2Ftags&post=3779"}],"curies":[{"name":"wp","href":"https:\/\/api.w.org\/{rel}","templated":true}]}}