{"id":3755,"date":"2023-03-10T16:55:54","date_gmt":"2023-03-10T16:55:54","guid":{"rendered":"https:\/\/www.diarionoti7.com.mx\/?p=3755"},"modified":"2023-03-10T16:56:36","modified_gmt":"2023-03-10T16:56:36","slug":"menchaca-supervisa-hospital-36-del-imss","status":"publish","type":"post","link":"https:\/\/www.diarionoti7.com.mx\/?p=3755","title":{"rendered":"Menchaca Supervisa Hospital 36 del IMSS"},"content":{"rendered":"\t\t<div data-elementor-type=\"wp-post\" data-elementor-id=\"3755\" class=\"elementor elementor-3755\">\n\t\t\t\t\t\t\t\t\t<section class=\"elementor-section elementor-top-section elementor-element elementor-element-51c23a4c elementor-section-boxed elementor-section-height-default elementor-section-height-default\" data-id=\"51c23a4c\" data-element_type=\"section\">\n\t\t\t\t\t\t<div class=\"elementor-container elementor-column-gap-default\">\n\t\t\t\t\t<div class=\"elementor-column elementor-col-100 elementor-top-column elementor-element elementor-element-7d2e0b6e\" data-id=\"7d2e0b6e\" data-element_type=\"column\">\n\t\t\t<div class=\"elementor-widget-wrap elementor-element-populated\">\n\t\t\t\t\t\t\t\t<div class=\"elementor-element elementor-element-2f2290cd elementor-widget elementor-widget-text-editor\" data-id=\"2f2290cd\" data-element_type=\"widget\" data-widget_type=\"text-editor.default\">\n\t\t\t\t<div class=\"elementor-widget-container\">\n\t\t\t<style>\/*! elementor - v3.10.2 - 29-01-2023 *\/\n.elementor-widget-text-editor.elementor-drop-cap-view-stacked .elementor-drop-cap{background-color:#818a91;color:#fff}.elementor-widget-text-editor.elementor-drop-cap-view-framed .elementor-drop-cap{color:#818a91;border:3px solid;background-color:transparent}.elementor-widget-text-editor:not(.elementor-drop-cap-view-default) .elementor-drop-cap{margin-top:8px}.elementor-widget-text-editor:not(.elementor-drop-cap-view-default) .elementor-drop-cap-letter{width:1em;height:1em}.elementor-widget-text-editor .elementor-drop-cap{float:left;text-align:center;line-height:1;font-size:50px}.elementor-widget-text-editor .elementor-drop-cap-letter{display:inline-block}<\/style>\t\t\t\t<p><strong>Pachuca, Hgo. 9 de marzo 2023.- <\/strong>El gobernador de Hidalgo,\u00a0Julio Menchaca Salazar,\u00a0supervis\u00f3 las instalaciones del\u00a0Hospital General de Zona N\u00fam. 36\u00a0en compa\u00f1\u00eda del titular de la Secretar\u00eda de Salud del Gobierno de M\u00e9xico,\u00a0Jorge Alcocer Varela; el director general del Instituto Mexicano del Seguro Social (IMSS),\u00a0Zo\u00e9 Robledo Aburto\u00a0y la secretaria de Salud estatal,\u00a0Zorayda Robles Barrera.<\/p><p>El mandatario estatal a su paso por la\u00a0sala de resonancia magn\u00e9tica, en la que se puso en marcha un nuevo equipo de \u00faltima tecnolog\u00eda, que mejorar\u00e1 la atenci\u00f3n a derechohabientes de esta instituci\u00f3n dijo: \u201cReconocemos a\u00a0miles de mujeres y hombres\u00a0que han ofrendado su vida al servicio m\u00e9dico, quienes pusieron en riesgo su integridad para salvaguardar la\u00a0vida de millones de personas\u00a0durante la pandemia\u201d,<\/p><p>Destac\u00f3 que la instalaci\u00f3n de este equipo permitir\u00e1 ampliar los diagn\u00f3sticos del personal de salud, quienes a partir de ahora ofrecer\u00e1n mejores tratamientos para las y los pacientes que antes ten\u00edan que viajar hasta la\u00a0Ciudad de M\u00e9xico\u00a0para realizarse estudios neurol\u00f3gicos,\u00a0m\u00fasculo &#8211; esquel\u00e9ticos o de columna.<\/p><p>Durante este recorrido, Menchaca Salazar visit\u00f3 cada uno de los niveles que integran \u00a0al nosocomio, que al d\u00eda de hoy, cuenta con\u00a0170 camas para dar atenci\u00f3n en las 40 \u00e1reas de especialidad\u00a0de las 48 que se tienen proyectadas para garantizar el derecho a la salud de las y los hidalguenses.<\/p><p>Adem\u00e1s, constat\u00f3 las condiciones en las que se encuentran la Unidad de Cuidados Intensivos, Imagenolog\u00eda, Tococirug\u00eda, Ginecolog\u00eda y Obstetricia, Lactario, las salas de\u00a0Ludoterapia, de Trabajo de preparto y parto, Trabajo Social, Hospitalizaci\u00f3n Pedi\u00e1trica, el\u00a0Centro de Referencia Estatal para la Atenci\u00f3n del Ni\u00f1o y la Ni\u00f1a con C\u00e1ncer, as\u00ed como las \u00e1reas de Enfermer\u00eda.<\/p><p>Jorge Alcocer Varela, secretario de salud del gobierno federal dijo \u00a0\u201cVenimos a cumplir con el encargo del\u00a0Presidente Andr\u00e9s Manuel L\u00f3pez Obrador\u00a0para construir un sistema de salud universal, accesible y gratuito\u201d, al tiempo que record\u00f3 que este sector se encuentra en un proceso de federalizaci\u00f3n a trav\u00e9s del\u00a0IMSS-Bienestar\u00a0a fin de atender las necesidades de salud de las personas que no cuentan con seguridad social.<\/p>\t\t\t\t\t\t<\/div>\n\t\t\t\t<\/div>\n\t\t\t\t\t<\/div>\n\t\t<\/div>\n\t\t\t\t\t\t\t<\/div>\n\t\t<\/section>\n\t\t\t\t\t\t\t<\/div>\n\t\t","protected":false},"excerpt":{"rendered":"<p>Pachuca, Hgo. 9 de marzo 2023.- El gobernador de Hidalgo,\u00a0Julio Menchaca Salazar,\u00a0supervis\u00f3 las instalaciones del\u00a0Hospital General de Zona N\u00fam. 36\u00a0en compa\u00f1\u00eda del titular de la Secretar\u00eda de Salud del Gobierno de M\u00e9xico,\u00a0Jorge Alcocer Varela; el director general del Instituto Mexicano del Seguro Social (IMSS),\u00a0Zo\u00e9 Robledo Aburto\u00a0y la secretaria de Salud estatal,\u00a0Zorayda Robles Barrera. El mandatario [&hellip;]<\/p>\n","protected":false},"author":1,"featured_media":3757,"comment_status":"closed","ping_status":"closed","sticky":false,"template":"","format":"standard","meta":[],"categories":[7],"tags":[],"_links":{"self":[{"href":"https:\/\/www.diarionoti7.com.mx\/index.php?rest_route=\/wp\/v2\/posts\/3755"}],"collection":[{"href":"https:\/\/www.diarionoti7.com.mx\/index.php?rest_route=\/wp\/v2\/posts"}],"about":[{"href":"https:\/\/www.diarionoti7.com.mx\/index.php?rest_route=\/wp\/v2\/types\/post"}],"author":[{"embeddable":true,"href":"https:\/\/www.diarionoti7.com.mx\/index.php?rest_route=\/wp\/v2\/users\/1"}],"replies":[{"embeddable":true,"href":"https:\/\/www.diarionoti7.com.mx\/index.php?rest_route=%2Fwp%2Fv2%2Fcomments&post=3755"}],"version-history":[{"count":4,"href":"https:\/\/www.diarionoti7.com.mx\/index.php?rest_route=\/wp\/v2\/posts\/3755\/revisions"}],"predecessor-version":[{"id":3760,"href":"https:\/\/www.diarionoti7.com.mx\/index.php?rest_route=\/wp\/v2\/posts\/3755\/revisions\/3760"}],"wp:featuredmedia":[{"embeddable":true,"href":"https:\/\/www.diarionoti7.com.mx\/index.php?rest_route=\/wp\/v2\/media\/3757"}],"wp:attachment":[{"href":"https:\/\/www.diarionoti7.com.mx\/index.php?rest_route=%2Fwp%2Fv2%2Fmedia&parent=3755"}],"wp:term":[{"taxonomy":"category","embeddable":true,"href":"https:\/\/www.diarionoti7.com.mx\/index.php?rest_route=%2Fwp%2Fv2%2Fcategories&post=3755"},{"taxonomy":"post_tag","embeddable":true,"href":"https:\/\/www.diarionoti7.com.mx\/index.php?rest_route=%2Fwp%2Fv2%2Ftags&post=3755"}],"curies":[{"name":"wp","href":"https:\/\/api.w.org\/{rel}","templated":true}]}}