{"id":3749,"date":"2023-03-10T16:54:49","date_gmt":"2023-03-10T16:54:49","guid":{"rendered":"https:\/\/www.diarionoti7.com.mx\/?p=3749"},"modified":"2023-03-10T16:55:42","modified_gmt":"2023-03-10T16:55:42","slug":"arranca-en-hidalgo-el-proceso-de-federalizacion-para-transferir-centros-de-salud-y-hospitales-hacia-imss-bienestar","status":"publish","type":"post","link":"https:\/\/www.diarionoti7.com.mx\/?p=3749","title":{"rendered":"Arranca en Hidalgo  el Proceso De Federalizaci\u00f3n Para Transferir Centros De Salud Y Hospitales Hacia IMSS-Bienestar"},"content":{"rendered":"\t\t<div data-elementor-type=\"wp-post\" data-elementor-id=\"3749\" class=\"elementor elementor-3749\">\n\t\t\t\t\t\t\t\t\t<section class=\"elementor-section elementor-top-section elementor-element elementor-element-51c23a4c elementor-section-boxed elementor-section-height-default elementor-section-height-default\" data-id=\"51c23a4c\" data-element_type=\"section\">\n\t\t\t\t\t\t<div class=\"elementor-container elementor-column-gap-default\">\n\t\t\t\t\t<div class=\"elementor-column elementor-col-100 elementor-top-column elementor-element elementor-element-7d2e0b6e\" data-id=\"7d2e0b6e\" data-element_type=\"column\">\n\t\t\t<div class=\"elementor-widget-wrap elementor-element-populated\">\n\t\t\t\t\t\t\t\t<div class=\"elementor-element elementor-element-2f2290cd elementor-widget elementor-widget-text-editor\" data-id=\"2f2290cd\" data-element_type=\"widget\" data-widget_type=\"text-editor.default\">\n\t\t\t\t<div class=\"elementor-widget-container\">\n\t\t\t<style>\/*! elementor - v3.10.2 - 29-01-2023 *\/\n.elementor-widget-text-editor.elementor-drop-cap-view-stacked .elementor-drop-cap{background-color:#818a91;color:#fff}.elementor-widget-text-editor.elementor-drop-cap-view-framed .elementor-drop-cap{color:#818a91;border:3px solid;background-color:transparent}.elementor-widget-text-editor:not(.elementor-drop-cap-view-default) .elementor-drop-cap{margin-top:8px}.elementor-widget-text-editor:not(.elementor-drop-cap-view-default) .elementor-drop-cap-letter{width:1em;height:1em}.elementor-widget-text-editor .elementor-drop-cap{float:left;text-align:center;line-height:1;font-size:50px}.elementor-widget-text-editor .elementor-drop-cap-letter{display:inline-block}<\/style>\t\t\t\t<p>*Federalizaci\u00f3n permite inversi\u00f3n en infraestructura, equipamiento, abasto de medicamentos y contrataci\u00f3n de personal<\/p><p>*Del 9 al 27 de enero se realiz\u00f3 el levantamiento diagn\u00f3stico de las 557 unidades que integran los servicios de salud en la entidad<\/p><p><strong>Pachuca, Hgo. 9 de marzo de 2023.-<\/strong> Autoridades federales del sector Salud encabezadas por el secretario Jorge Alcocer Varela, y del gobierno de Hidalgo, a cargo del gobernador Julio Ram\u00f3n Menchaca Salazar, iniciaron el proceso de federalizaci\u00f3n para transferir centros de salud y hospitales hacia IMSS-Bienestar.<\/p><p>Durante la reuni\u00f3n de trabajo a la que asisti\u00f3 el director general del Instituto Mexicano del Seguro Social (IMSS), Zo\u00e9 Robledo Aburto, el secretario Alcocer Varela subray\u00f3 que el prop\u00f3sito de la federalizaci\u00f3n es reconfigurar el sistema de salud para garantizar el acceso a servicios para las personas sin seguridad social.<\/p><p>La federalizaci\u00f3n permite la inversi\u00f3n en infraestructura, equipamiento, abasto de medicamentos y contrataci\u00f3n de personal, as\u00ed como la creaci\u00f3n de s\u00f3lidas redes integradas de servicios entre los diferentes niveles de atenci\u00f3n, precis\u00f3.<\/p><p>Indic\u00f3 que los trabajos que inician en Hidalgo permitir\u00e1n contar con un sistema universal, gratuito y orientado a la consolidaci\u00f3n de la prevenci\u00f3n, atenci\u00f3n y rehabilitaci\u00f3n, adem\u00e1s de la prestaci\u00f3n de servicios basados en la atenci\u00f3n primaria.<\/p><p>Puntualiz\u00f3 que tambi\u00e9n se trabaja en el programa MAS Bienestar, un modelo que integra un esquema de cuidados integrales, recursos, herramientas, estrategias, procesos y procedimientos para otorgar servicios de salud a toda la poblaci\u00f3n del pa\u00eds, con el prop\u00f3sito de lograr la cobertura universal con oportunidad, continuidad, calidad y seguridad.<\/p><p>El director general del Seguro Social, Zo\u00e9 Robledo, inform\u00f3 que del 9 al 27 de enero se realiz\u00f3 el levantamiento diagn\u00f3stico \u2014en convenio con el gobernador\u2014 de las 557 unidades que integran los servicios de salud en la entidad, a fin de contar con un an\u00e1lisis sobre la inversi\u00f3n en infraestructura y equipamiento, as\u00ed como del personal m\u00e9dico y de enfermer\u00eda que se requiere para su operaci\u00f3n.<\/p><p>Explic\u00f3 que el Modelo de Atenci\u00f3n de Salud IMSS-Bienestar, implementado en las entidades que se han sumado de manera voluntaria a la federalizaci\u00f3n de los sistemas de salud, tiene un desarrollo en sus condiciones generales de trabajo al contar con el tabulador, los profesiogramas y la coordinaci\u00f3n con las \u00e1reas que se necesitan para que su objetivo sea brindar atenci\u00f3n m\u00e9dica.<\/p><p>Zo\u00e9 Robledo indic\u00f3 que, en 2023, adem\u00e1s de los programas regulares, corresponde el ejercicio de recursos para las obras en proceso de la Unidad de Medicina Familiar (UMF) No. 10 en Tula, con inversi\u00f3n de 27 millones de pesos, y el Hospital General de Zona (HGZ) de 144 camas en el municipio de Tula, con mil 32 millones de pesos; as\u00ed como la construcci\u00f3n de una UMF en Apan, la cual tiene registro de cartera por 51 millones de pesos.<\/p><p>Record\u00f3 que el IMSS cuenta con un programa nacional para primer nivel para recuperaci\u00f3n y dignificaci\u00f3n de las UMF, para ello se seleccionaron nueve estados con m\u00e1s rezago y las Unidades de Medicina Familiar de Hidalgo que recibir\u00e1n el apoyo son: No. 16 Actopan, No. 15 Apan, No. 3 Cuautepec, No. 29 Huichapan, No. 25 Mineral Monte, No. 4 Santiago Tulantepec, No. 27 Tlaxcoapan, No. 31 Zimapan y No. 35 IMSS Hidalgo, para realizar acciones de dignificaci\u00f3n: impermeabilizaciones, pintura, pisos, plafones y puertas, ba\u00f1os, entre otros.<\/p><p>El director general del Seguro Social agreg\u00f3 que a trav\u00e9s del programa de contrataci\u00f3n de m\u00e9dicos especialistas egresados del IMSS, a la fecha ya se tienen 81 m\u00e9dicos especialistas de base para el R\u00e9gimen Ordinario en Hidalgo, quienes arriban el pr\u00f3ximo 16 de marzo; adem\u00e1s llegar\u00e1n 172 residentes a hospitales del programa IMSS-Bienestar \u201cpara tener por lo menos un m\u00e9dico en cada uno de los turnos\u201d.<\/p><p>La directora general de los Servicios de Salud del IMSS-Bienestar, Gisela Lara Salda\u00f1a, indic\u00f3 que 74 personas participaron en el levantamiento diagn\u00f3stico de 541 unidades m\u00e9dicas del primer nivel de atenci\u00f3n y 17 de segundo nivel; se analiz\u00f3 el personal m\u00e9dico y de enfermer\u00eda con el que cuentan, los servicios m\u00e9dicos que ofrece cada unidad, participaci\u00f3n de la comunidad, abasto de medicamentos, insumos, mobiliario, servicios generales y situaci\u00f3n jur\u00eddica de los inmuebles, entre otros.<\/p><p>Destac\u00f3 que, en acci\u00f3n comunitaria, las unidades m\u00e9dicas de la entidad cuentan con comit\u00e9s de salud, voluntarios, parteras, m\u00e9dicos tradicionales, avales ciudadanos, casas de salud, albergue, posadas Amiga de la Mujer Embarazada (AME), unidades con sistema de contralor\u00eda social y hospitales con buz\u00f3n de contralor\u00eda social.<\/p><p>El gobernador de Hidalgo, Julio Menchaca Salazar, confi\u00f3 en que IMSS Bienestar transformar\u00e1 la prestaci\u00f3n de los servicios de salud para ofrecer\u00e1 atenci\u00f3n eficiente, de calidad y humana en comunidades de dif\u00edcil acceso.<\/p><p>Durante las mesas de trabajo, indic\u00f3, tambi\u00e9n se revisar\u00e1n las condiciones laborales y todos aquellos temas que deban atenderse, a fin de adecuar el convenio marco a las necesidades de la entidad.<\/p><p>La secretaria de Salud Hidalgo, Zorayda Robles Barrera, dijo que esta reuni\u00f3n represent\u00f3 una oportunidad para contar con soluciones compartidas y consolidar un sistema de salud que garantice atenci\u00f3n digna y oportuna, con enfoque centrado en la persona y la familia.<\/p><p>Durante la gira de trabajo por el estado de Hidalgo, el secretario de Salud, Jorge Alcocer; el director general del IMSS, Zo\u00e9 Robledo, y el gobernador de Hidalgo, Julio Ram\u00f3n Menchaca, inauguraron el Hospital General de Zona No. 36, en Pachuca.<\/p><p>\u00a0<\/p><p>El gobernador del Estado Julio Menchaca Salazar inform\u00f3 que no permitir\u00e1 que el agua de Zimap\u00e1n se la lleven a Quer\u00e9taro al argumentar que existen comunidades sin abastecimiento.<\/p><p>Dio a conocer que la semana pasada se reuni\u00f3 con su hom\u00f3logo queretano Mauricio Kuri Gonz\u00e1lez, donde acordaron que vendr\u00e1 a Hidalgo a fin de abordar el tema.<\/p><p>Ser\u00e1 entonces que conforme una mesa de trabajo entre los dos gobiernos estatales, a la que se sumar\u00e1 personal de la Comisi\u00f3n Nacional del Agua (Conagua).<\/p><p>\u201cPorque no se puede estar llevando l\u00edquido de un lugar donde a las comunidades les falta\u201d, sentenci\u00f3 el ejecutivo estatal.<\/p><p>Puntualiz\u00f3 que existe sensibilidad por parte del gobernador Mauricio Kuri, adem\u00e1s, est\u00e1n en contacto los secretario de Gobierno de ambas entidades federativas para afinar detalles que permitan avanzar.<\/p><p>\u201cFinalmente el agua es un recurso nacional, pero estamos en el respaldo a los habitantes de esa zona que est\u00e1n viendo c\u00f3mo se va para otro estado y les falta el vital l\u00edquido. Estamos trabajando en eso\u201d, se\u00f1al\u00f3.<\/p><p>Adem\u00e1s, en cuanto a la defensa del agua en Hidalgo que anunci\u00f3 la dirigencia del Partido Acci\u00f3n Nacional (PAN), respondi\u00f3 que \u201cser\u00eda muy descabellado que el PAN pida para un gobierno que es panista de Quer\u00e9taro que haya una utilizaci\u00f3n de un recurso propiedad nacional\u201d.<\/p><p>Y con relaci\u00f3n a llevar agua de Hidalgo al Aeropuerto Internacional Felipe Angeles (AIFA), abord\u00f3 que el acu\u00edfero Pachuca-Cuatitl\u00e1n es una zona federal, \u201clo que estamos pidi\u00e9ndole al presidente (Andr\u00e9s Manuel L\u00f3pez Obrador) es que se ampl\u00ede esos mantos fre\u00e1ticos para la zona de crecimiento del Estado de Hidalgo.<\/p><p>\u201cEs por esa raz\u00f3n que el presidente ha hecho referencia a que hay agua. Yo espero que haya decisiones de car\u00e1cter presidencial que vayan dirigidas a la utilizaci\u00f3n de los recursos que est\u00e1n en el subsuelo de la entidad\u201d, concluy\u00f3.<\/p><p>\u00a0<\/p><p>Mientras Quer\u00e9taro pretende llevarse millones de litros de agua desde Zimap\u00e1n, parceleros de Las Adjuntas padecen el estiaje para \u201cregar las parcelas y los \u00e1rboles frutales, se est\u00e1n secando por falta de agua\u201d.<\/p><p>As\u00ed lo informaron mediante un comunicado que emitieron con firma y sello de la Comisar\u00eda Ejidal de la comunidad al mencionar su petici\u00f3n desesperada por ser escuchados, pues indicaron que la construcci\u00f3n del Acueducto II que ya manda agua de Zimap\u00e1n al estado vecino les afect\u00f3 considerablemente y a\u00fan padecen las repercusiones.<\/p><p>Dieron a conocer sobre la construcci\u00f3n de una represa en el r\u00edo Moctezuma que pasa a un costado de su localidad y que era esencial para la sobrevivencia de las familias.<\/p><p>Con el agua cristalina que por aqu\u00ed pasada, cultivaron peces mientras sus tierras eran regadas al igual que los cientos de \u00e1rboles frutales.<\/p><p>Sin embargo, una vez construido el Acueducto II comenz\u00f3 a disminuir el agua que desde hace varios a\u00f1os compran por tambos en el municipio m\u00e1s cercano a Las Adjuntas, pero que pertenece a Quer\u00e9taro.<\/p><p>\u201cYa que fuimos afectados por el Acueducto II, exigimos nos escuche el gobernador Julio Menchaca Salazar, ya que carecemos de agua para nuestras parcelas y son alrededor de 23 hect\u00e1reas las afectadas\u201d, indicaron los habitantes.<\/p><p>Se\u00f1alaron que el gobierno municipal del panista Al\u00e1n Rivera Villanueva nunca ha informado sobre alg\u00fan logro para eliminar tal situaci\u00f3n, tampoco acudido a este territorio, \u201csolo acuden los pol\u00edticos cuando quieren los votos de nosotros los campesinos\u201d.<\/p><p>Anunciaron que organizar\u00e1n una marcha a la Ciudad de M\u00e9xico para entrevistarse con el presidente de M\u00e9xico, Andr\u00e9s Manuel L\u00f3pez Obrador, ya que en esta sequ\u00eda estamos perdiendo todo. No aguantamos m\u00e1s\u201d.<\/p><p>Adem\u00e1s, indicaron la construcci\u00f3n de una represa para prevenir los efectos de la sequ\u00eda con el poco cauce del r\u00edo, sin embargo, los costales rellenos de tierra no aguantaron y se revent\u00f3.<\/p><p>Debido a la situaci\u00f3n que atraviesan, pidieron al gobernador del Estado su intervenci\u00f3n al problema del agua.<\/p>\t\t\t\t\t\t<\/div>\n\t\t\t\t<\/div>\n\t\t\t\t\t<\/div>\n\t\t<\/div>\n\t\t\t\t\t\t\t<\/div>\n\t\t<\/section>\n\t\t\t\t\t\t\t<\/div>\n\t\t","protected":false},"excerpt":{"rendered":"<p>*Federalizaci\u00f3n permite inversi\u00f3n en infraestructura, equipamiento, abasto de medicamentos y contrataci\u00f3n de personal *Del 9 al 27 de enero se realiz\u00f3 el levantamiento diagn\u00f3stico de las 557 unidades que integran los servicios de salud en la entidad Pachuca, Hgo. 9 de marzo de 2023.- Autoridades federales del sector Salud encabezadas por el secretario Jorge Alcocer [&hellip;]<\/p>\n","protected":false},"author":1,"featured_media":3751,"comment_status":"closed","ping_status":"closed","sticky":false,"template":"","format":"standard","meta":[],"categories":[7],"tags":[],"_links":{"self":[{"href":"https:\/\/www.diarionoti7.com.mx\/index.php?rest_route=\/wp\/v2\/posts\/3749"}],"collection":[{"href":"https:\/\/www.diarionoti7.com.mx\/index.php?rest_route=\/wp\/v2\/posts"}],"about":[{"href":"https:\/\/www.diarionoti7.com.mx\/index.php?rest_route=\/wp\/v2\/types\/post"}],"author":[{"embeddable":true,"href":"https:\/\/www.diarionoti7.com.mx\/index.php?rest_route=\/wp\/v2\/users\/1"}],"replies":[{"embeddable":true,"href":"https:\/\/www.diarionoti7.com.mx\/index.php?rest_route=%2Fwp%2Fv2%2Fcomments&post=3749"}],"version-history":[{"count":4,"href":"https:\/\/www.diarionoti7.com.mx\/index.php?rest_route=\/wp\/v2\/posts\/3749\/revisions"}],"predecessor-version":[{"id":3754,"href":"https:\/\/www.diarionoti7.com.mx\/index.php?rest_route=\/wp\/v2\/posts\/3749\/revisions\/3754"}],"wp:featuredmedia":[{"embeddable":true,"href":"https:\/\/www.diarionoti7.com.mx\/index.php?rest_route=\/wp\/v2\/media\/3751"}],"wp:attachment":[{"href":"https:\/\/www.diarionoti7.com.mx\/index.php?rest_route=%2Fwp%2Fv2%2Fmedia&parent=3749"}],"wp:term":[{"taxonomy":"category","embeddable":true,"href":"https:\/\/www.diarionoti7.com.mx\/index.php?rest_route=%2Fwp%2Fv2%2Fcategories&post=3749"},{"taxonomy":"post_tag","embeddable":true,"href":"https:\/\/www.diarionoti7.com.mx\/index.php?rest_route=%2Fwp%2Fv2%2Ftags&post=3749"}],"curies":[{"name":"wp","href":"https:\/\/api.w.org\/{rel}","templated":true}]}}