{"id":3734,"date":"2023-03-10T16:52:19","date_gmt":"2023-03-10T16:52:19","guid":{"rendered":"https:\/\/www.diarionoti7.com.mx\/?p=3734"},"modified":"2023-03-10T16:53:01","modified_gmt":"2023-03-10T16:53:01","slug":"secretaria-de-contraloria-capacita-a-350-administrativos-y-tesoreros-estatales-en-procesos-de-entrega-recepcion","status":"publish","type":"post","link":"https:\/\/www.diarionoti7.com.mx\/?p=3734","title":{"rendered":"Secretar\u00eda de Contralor\u00eda Capacita a 350 Administrativos Y Tesoreros Estatales en  Procesos de Entrega-Recepci\u00f3n"},"content":{"rendered":"\t\t<div data-elementor-type=\"wp-post\" data-elementor-id=\"3734\" class=\"elementor elementor-3734\">\n\t\t\t\t\t\t\t\t\t<section class=\"elementor-section elementor-top-section elementor-element elementor-element-51c23a4c elementor-section-boxed elementor-section-height-default elementor-section-height-default\" data-id=\"51c23a4c\" data-element_type=\"section\">\n\t\t\t\t\t\t<div class=\"elementor-container elementor-column-gap-default\">\n\t\t\t\t\t<div class=\"elementor-column elementor-col-100 elementor-top-column elementor-element elementor-element-7d2e0b6e\" data-id=\"7d2e0b6e\" data-element_type=\"column\">\n\t\t\t<div class=\"elementor-widget-wrap elementor-element-populated\">\n\t\t\t\t\t\t\t\t<div class=\"elementor-element elementor-element-2f2290cd elementor-widget elementor-widget-text-editor\" data-id=\"2f2290cd\" data-element_type=\"widget\" data-widget_type=\"text-editor.default\">\n\t\t\t\t<div class=\"elementor-widget-container\">\n\t\t\t<style>\/*! elementor - v3.10.2 - 29-01-2023 *\/\n.elementor-widget-text-editor.elementor-drop-cap-view-stacked .elementor-drop-cap{background-color:#818a91;color:#fff}.elementor-widget-text-editor.elementor-drop-cap-view-framed .elementor-drop-cap{color:#818a91;border:3px solid;background-color:transparent}.elementor-widget-text-editor:not(.elementor-drop-cap-view-default) .elementor-drop-cap{margin-top:8px}.elementor-widget-text-editor:not(.elementor-drop-cap-view-default) .elementor-drop-cap-letter{width:1em;height:1em}.elementor-widget-text-editor .elementor-drop-cap{float:left;text-align:center;line-height:1;font-size:50px}.elementor-widget-text-editor .elementor-drop-cap-letter{display:inline-block}<\/style>\t\t\t\t<p><strong>*Verifica los procesos conforme a las disposiciones legales aplicables, adem\u00e1s de establecer y emitir las formalidades, lineamientos y disposiciones complementarias<\/strong><\/p><p><strong>Pachuca, Hgo., 9 de marzo de 2023.-<\/strong>La Secretar\u00eda de Contralor\u00eda imparti\u00f3 la capacitaci\u00f3n en materia de \u201cProceso de entrega recepci\u00f3n de los recursos p\u00fablicos\u201d, a las y los 350 administrativos y tesoreros estatales, para que dicho personal cuente con las herramientas necesarias para instruir o preparar de manera correcta la informaci\u00f3n de recursos, documentos y patrimonios que tengan a su cargo, para de esa manera, atender los procesos de forma transparente y dentro del plazo estipulado en la normatividad aplicable.<\/p><p>Los servidores p\u00fablicos deber\u00e1n mantener permanentemente actualizados sus registros, controles, inventarios y dem\u00e1s documentaci\u00f3n relativa a su despacho, cumpliendo con las medidas y disposiciones que dicta la Contralor\u00eda, tanto para la observaci\u00f3n del ordenamiento, como para la oportuna realizaci\u00f3n del acto administrativo de entrega- recepci\u00f3n.<\/p><p>Durante los trabajos de capacitaci\u00f3n, las y los asistentes conocieron a detalle que, con dicho proceso administrativo, los servidores p\u00fablicos de la actual administraci\u00f3n que manejen fondos, bienes y valores p\u00fablicos, entregar\u00e1n a quienes los sustituyan los asuntos de su competencia, as\u00ed como los recursos humanos, materiales, financieros y dem\u00e1s que les hayan sido asignados para el desempe\u00f1o actual de sus funciones y responsabilidades.<\/p><p>La Secretar\u00eda de Contralor\u00eda es responsable de verificar que los procesos se efect\u00faen conforme a las disposiciones legales aplicables, as\u00ed como establecer y emitir las formalidades del proceso, lineamientos o disposiciones complementarias y dem\u00e1s criterios normativos, para la elaboraci\u00f3n del acta administrativa e integraci\u00f3n de los anexos.<\/p><p>Con esta capacitaci\u00f3n los diferentes enlaces de las dependencias, entidades y \u00f3rganos desconcentrados actualizaron sus conocimientos sobre este proceso administrativo.<\/p>\t\t\t\t\t\t<\/div>\n\t\t\t\t<\/div>\n\t\t\t\t\t<\/div>\n\t\t<\/div>\n\t\t\t\t\t\t\t<\/div>\n\t\t<\/section>\n\t\t\t\t\t\t\t<\/div>\n\t\t","protected":false},"excerpt":{"rendered":"<p>*Verifica los procesos conforme a las disposiciones legales aplicables, adem\u00e1s de establecer y emitir las formalidades, lineamientos y disposiciones complementarias Pachuca, Hgo., 9 de marzo de 2023.-La Secretar\u00eda de Contralor\u00eda imparti\u00f3 la capacitaci\u00f3n en materia de \u201cProceso de entrega recepci\u00f3n de los recursos p\u00fablicos\u201d, a las y los 350 administrativos y tesoreros estatales, para que [&hellip;]<\/p>\n","protected":false},"author":1,"featured_media":3736,"comment_status":"closed","ping_status":"closed","sticky":false,"template":"","format":"standard","meta":[],"categories":[7],"tags":[],"_links":{"self":[{"href":"https:\/\/www.diarionoti7.com.mx\/index.php?rest_route=\/wp\/v2\/posts\/3734"}],"collection":[{"href":"https:\/\/www.diarionoti7.com.mx\/index.php?rest_route=\/wp\/v2\/posts"}],"about":[{"href":"https:\/\/www.diarionoti7.com.mx\/index.php?rest_route=\/wp\/v2\/types\/post"}],"author":[{"embeddable":true,"href":"https:\/\/www.diarionoti7.com.mx\/index.php?rest_route=\/wp\/v2\/users\/1"}],"replies":[{"embeddable":true,"href":"https:\/\/www.diarionoti7.com.mx\/index.php?rest_route=%2Fwp%2Fv2%2Fcomments&post=3734"}],"version-history":[{"count":4,"href":"https:\/\/www.diarionoti7.com.mx\/index.php?rest_route=\/wp\/v2\/posts\/3734\/revisions"}],"predecessor-version":[{"id":3739,"href":"https:\/\/www.diarionoti7.com.mx\/index.php?rest_route=\/wp\/v2\/posts\/3734\/revisions\/3739"}],"wp:featuredmedia":[{"embeddable":true,"href":"https:\/\/www.diarionoti7.com.mx\/index.php?rest_route=\/wp\/v2\/media\/3736"}],"wp:attachment":[{"href":"https:\/\/www.diarionoti7.com.mx\/index.php?rest_route=%2Fwp%2Fv2%2Fmedia&parent=3734"}],"wp:term":[{"taxonomy":"category","embeddable":true,"href":"https:\/\/www.diarionoti7.com.mx\/index.php?rest_route=%2Fwp%2Fv2%2Fcategories&post=3734"},{"taxonomy":"post_tag","embeddable":true,"href":"https:\/\/www.diarionoti7.com.mx\/index.php?rest_route=%2Fwp%2Fv2%2Ftags&post=3734"}],"curies":[{"name":"wp","href":"https:\/\/api.w.org\/{rel}","templated":true}]}}