{"id":36718,"date":"2024-03-02T17:17:14","date_gmt":"2024-03-02T17:17:14","guid":{"rendered":"https:\/\/www.diarionoti7.com.mx\/?p=36718"},"modified":"2024-03-02T17:18:28","modified_gmt":"2024-03-02T17:18:28","slug":"sipinna-tulancingo-intensificara-campana-de-difusion-en-torno-a-derechos-de-infancia-y-adolescencia","status":"publish","type":"post","link":"https:\/\/www.diarionoti7.com.mx\/?p=36718","title":{"rendered":"Sipinna Tulancingo intensificar\u00e1 Campa\u00f1a de Difusi\u00f3n en Torno a Derechos de Infancia y Adolescencia"},"content":{"rendered":"\t\t<div data-elementor-type=\"wp-post\" data-elementor-id=\"36718\" class=\"elementor elementor-36718\">\n\t\t\t\t\t\t\t\t\t<section class=\"elementor-section elementor-top-section elementor-element elementor-element-c09b8f0 elementor-section-boxed elementor-section-height-default elementor-section-height-default\" data-id=\"c09b8f0\" data-element_type=\"section\">\n\t\t\t\t\t\t<div class=\"elementor-container elementor-column-gap-default\">\n\t\t\t\t\t<div class=\"elementor-column elementor-col-100 elementor-top-column elementor-element elementor-element-955a561\" data-id=\"955a561\" data-element_type=\"column\">\n\t\t\t<div class=\"elementor-widget-wrap elementor-element-populated\">\n\t\t\t\t\t\t\t\t<div class=\"elementor-element elementor-element-0ce869c elementor-widget elementor-widget-text-editor\" data-id=\"0ce869c\" data-element_type=\"widget\" data-widget_type=\"text-editor.default\">\n\t\t\t\t<div class=\"elementor-widget-container\">\n\t\t\t<style>\/*! elementor - v3.10.2 - 29-01-2023 *\/\n.elementor-widget-text-editor.elementor-drop-cap-view-stacked .elementor-drop-cap{background-color:#818a91;color:#fff}.elementor-widget-text-editor.elementor-drop-cap-view-framed .elementor-drop-cap{color:#818a91;border:3px solid;background-color:transparent}.elementor-widget-text-editor:not(.elementor-drop-cap-view-default) .elementor-drop-cap{margin-top:8px}.elementor-widget-text-editor:not(.elementor-drop-cap-view-default) .elementor-drop-cap-letter{width:1em;height:1em}.elementor-widget-text-editor .elementor-drop-cap{float:left;text-align:center;line-height:1;font-size:50px}.elementor-widget-text-editor .elementor-drop-cap-letter{display:inline-block}<\/style>\t\t\t\t<p><strong>1 de Marzo de 2024.-<\/strong>En virtud de que un n\u00famero reducido de personas conoce que existen derechos de los ni\u00f1os y adolescentes, pero no los lleva a la pr\u00e1ctica cotidiana, la secretaria ejecutiva de SIPINNA Tulancingo intensificar\u00e1 campa\u00f1as de difusi\u00f3n con diversas din\u00e1micas que afiancen la comprensi\u00f3n y retenci\u00f3n de los objetivos.<\/p><p>La ley general de derechos de ni\u00f1as, ni\u00f1os y adolescentes, as\u00ed como la Ley de Protecci\u00f3n de Derechos de Ni\u00f1as, Ni\u00f1os y Adolescentes para el Estado de Hidalgo, es el marco jur\u00eddico que contiene los 20 derechos para poblaci\u00f3n de cero a 17 a\u00f1os.<\/p><p>Estos derechos van enfocados a cuatro dominios (supervivencia, desarrollo, protecci\u00f3n y participaci\u00f3n). 1 Derecho a la Vida, Supervivencia y Desarrollo, 2 Prioridad, 3 Identidad, 4 Vivir en Familia, 5 A la igualdad Sustantiva, 6 A no ser discriminado, 7 A vivir en condiciones de bienestar y a un sano desarrollo, 8 A una vida libre de Violencia, 9 A la PROTECCI\u00d3N DE LA Salud, 10 A la Inclusi\u00f3n\u00a0 de NNA con discapacidad, 11 A la Educaci\u00f3n, 12 Al Descanso y el Esparcimiento, 13 A la Libertad de convicciones \u00c9tnicas, de Pensamiento, Consciencia, Religi\u00f3n y Cultura, 14\u00a0 A la Libertad de Expresi\u00f3n y Acceso a la Informaci\u00f3n, 15 A la Participaci\u00f3n, 16 De asociaci\u00f3n y Reuni\u00f3n, 17 A la intimidad, 18 A la Seguridad Jur\u00eddica y al Debido Proceso, 19 Derecho de NNA Migrantes y 20 De acceso a las Tecnolog\u00edas de la Informaci\u00f3n y Comunicaci\u00f3n.<\/p><p>Recientes encuestas del SIPINNA Tulancingo revelan que, de los cuatro dominios, el que m\u00e1s se procura es de supervivencia, procurando a los menores la salud, alimentaci\u00f3n y una vivienda sin embargo a\u00fan hay mucho trabajo por emprender para que este grupo de edad pueda alcanzar un desarrollo m\u00e1s integral.<\/p><p>La difusi\u00f3n de los derechos de la infancia y adolescencia se realizar\u00e1 a trav\u00e9s de talleres en centros educativos, aunado a pl\u00e1ticas con paterfamilias y docentes adem\u00e1s de que tambi\u00e9n habr\u00e1 eco en medios de comunicaci\u00f3n y plataformas digitales.<\/p><p>Uno de los derechos de la ni\u00f1ez y adolescencia que se ha omitido aplicar en la cotidianidad es el de una vida libre de violencia, pero tambi\u00e9n la no discriminaci\u00f3n por su condici\u00f3n de edad.<\/p><p>En la sociedad contempor\u00e1nea los ni\u00f1os y adolescentes son visto como sujetos de protecci\u00f3n, pero tambi\u00e9n como entes de sujeci\u00f3n y control, as\u00ed como faltos de capacidades para la libre expresi\u00f3n.<\/p><p>La labor formativa de los adultos hac\u00eda ni\u00f1os y adolescentes es clave para un buen desarrollo acorde a las etapas de crecimiento del menor hasta lograr su independencia y autonom\u00eda.<\/p><p>Ante ello, es que se busca fomentar una nueva manera de relaci\u00f3n entre adultos con ni\u00f1os y adolescentes a partir un enfoque de ni\u00f1ez.<\/p><p>Otros trabajos que realizar\u00e1 Sipinna Tulancingo en fecha pr\u00f3xima son: capacitaci\u00f3n a servidores p\u00fablicos para que el trato hac\u00eda ni\u00f1os y adolescentes tenga un trato respetuoso y digno al ser sujetos a derechos que provee la ley.<\/p><p>Para cualquier tema relacionado a ni\u00f1ez o adolescencia el SIPINNA Tulancingo cuenta con oficinas en calle mina# 110 colonia centro. En este lugar se ofrecen una red de servicios integrales sin costo. Entre ellos, atenci\u00f3n jur\u00eddica en casos de vulneraci\u00f3n de derechos a ni\u00f1os y adolescentes<\/p>\t\t\t\t\t\t<\/div>\n\t\t\t\t<\/div>\n\t\t\t\t\t<\/div>\n\t\t<\/div>\n\t\t\t\t\t\t\t<\/div>\n\t\t<\/section>\n\t\t\t\t\t\t\t<\/div>\n\t\t","protected":false},"excerpt":{"rendered":"<p>1 de Marzo de 2024.-En virtud de que un n\u00famero reducido de personas conoce que existen derechos de los ni\u00f1os y adolescentes, pero no los lleva a la pr\u00e1ctica cotidiana, la secretaria ejecutiva de SIPINNA Tulancingo intensificar\u00e1 campa\u00f1as de difusi\u00f3n con diversas din\u00e1micas que afiancen la comprensi\u00f3n y retenci\u00f3n de los objetivos. La ley general [&hellip;]<\/p>\n","protected":false},"author":1,"featured_media":36720,"comment_status":"closed","ping_status":"closed","sticky":false,"template":"","format":"standard","meta":[],"categories":[9],"tags":[],"_links":{"self":[{"href":"https:\/\/www.diarionoti7.com.mx\/index.php?rest_route=\/wp\/v2\/posts\/36718"}],"collection":[{"href":"https:\/\/www.diarionoti7.com.mx\/index.php?rest_route=\/wp\/v2\/posts"}],"about":[{"href":"https:\/\/www.diarionoti7.com.mx\/index.php?rest_route=\/wp\/v2\/types\/post"}],"author":[{"embeddable":true,"href":"https:\/\/www.diarionoti7.com.mx\/index.php?rest_route=\/wp\/v2\/users\/1"}],"replies":[{"embeddable":true,"href":"https:\/\/www.diarionoti7.com.mx\/index.php?rest_route=%2Fwp%2Fv2%2Fcomments&post=36718"}],"version-history":[{"count":4,"href":"https:\/\/www.diarionoti7.com.mx\/index.php?rest_route=\/wp\/v2\/posts\/36718\/revisions"}],"predecessor-version":[{"id":36723,"href":"https:\/\/www.diarionoti7.com.mx\/index.php?rest_route=\/wp\/v2\/posts\/36718\/revisions\/36723"}],"wp:featuredmedia":[{"embeddable":true,"href":"https:\/\/www.diarionoti7.com.mx\/index.php?rest_route=\/wp\/v2\/media\/36720"}],"wp:attachment":[{"href":"https:\/\/www.diarionoti7.com.mx\/index.php?rest_route=%2Fwp%2Fv2%2Fmedia&parent=36718"}],"wp:term":[{"taxonomy":"category","embeddable":true,"href":"https:\/\/www.diarionoti7.com.mx\/index.php?rest_route=%2Fwp%2Fv2%2Fcategories&post=36718"},{"taxonomy":"post_tag","embeddable":true,"href":"https:\/\/www.diarionoti7.com.mx\/index.php?rest_route=%2Fwp%2Fv2%2Ftags&post=36718"}],"curies":[{"name":"wp","href":"https:\/\/api.w.org\/{rel}","templated":true}]}}