{"id":3543,"date":"2023-03-09T17:14:32","date_gmt":"2023-03-09T17:14:32","guid":{"rendered":"https:\/\/www.diarionoti7.com.mx\/?p=3543"},"modified":"2023-03-09T17:17:28","modified_gmt":"2023-03-09T17:17:28","slug":"mujeres-enfrentan-inequidad-laboral-46-2-de-las-mujeres-tiene-trabajo-en-tanto-el-porcentaje-de-hombre-es-mayor-al-76-5","status":"publish","type":"post","link":"https:\/\/www.diarionoti7.com.mx\/?p=3543","title":{"rendered":"Mujeres Enfrentan Inequidad Laboral. 46.2% de las mujeres Tiene Trabajo, en Tanto  el porcentaje de hombre es mayor al 76.5%."},"content":{"rendered":"\t\t<div data-elementor-type=\"wp-post\" data-elementor-id=\"3543\" class=\"elementor elementor-3543\">\n\t\t\t\t\t\t\t\t\t<section class=\"elementor-section elementor-top-section elementor-element elementor-element-51c23a4c elementor-section-boxed elementor-section-height-default elementor-section-height-default\" data-id=\"51c23a4c\" data-element_type=\"section\">\n\t\t\t\t\t\t<div class=\"elementor-container elementor-column-gap-default\">\n\t\t\t\t\t<div class=\"elementor-column elementor-col-100 elementor-top-column elementor-element elementor-element-7d2e0b6e\" data-id=\"7d2e0b6e\" data-element_type=\"column\">\n\t\t\t<div class=\"elementor-widget-wrap elementor-element-populated\">\n\t\t\t\t\t\t\t\t<div class=\"elementor-element elementor-element-2f2290cd elementor-widget elementor-widget-text-editor\" data-id=\"2f2290cd\" data-element_type=\"widget\" data-widget_type=\"text-editor.default\">\n\t\t\t\t<div class=\"elementor-widget-container\">\n\t\t\t<style>\/*! elementor - v3.10.2 - 29-01-2023 *\/\n.elementor-widget-text-editor.elementor-drop-cap-view-stacked .elementor-drop-cap{background-color:#818a91;color:#fff}.elementor-widget-text-editor.elementor-drop-cap-view-framed .elementor-drop-cap{color:#818a91;border:3px solid;background-color:transparent}.elementor-widget-text-editor:not(.elementor-drop-cap-view-default) .elementor-drop-cap{margin-top:8px}.elementor-widget-text-editor:not(.elementor-drop-cap-view-default) .elementor-drop-cap-letter{width:1em;height:1em}.elementor-widget-text-editor .elementor-drop-cap{float:left;text-align:center;line-height:1;font-size:50px}.elementor-widget-text-editor .elementor-drop-cap-letter{display:inline-block}<\/style>\t\t\t\t<p><strong>Pachuca, Hgo; a 8 de marzo de 2023.-<\/strong>En M\u00e9xico no se est\u00e1 aprovechando el potencial laboral de las mujeres, consider\u00f3 Juan Manuel Batres Campos, Presidente de la Confederaci\u00f3n Patronal de la Rep\u00fablica Mexicana, Coparmex, en Hidalgo.<\/p><p>Expuso que seg\u00fan datos del INEGI el 46.2 por ciento de las mujeres en edad de trabajar lo hacen, mientras que el porcentaje para hombres es de 76.5 por ciento.<\/p><p>\u201cEsto no es un dato nuevo, quiero decir, desafortunadamente este porcentaje se ha mantenido pr\u00e1cticamente sin cambios en los \u00faltimos a\u00f1os, lo que implica un gran reto para el sector laboral de nuestro pa\u00eds\u201d.<\/p><p>Batres Campos expuso que la falta de oportunidades tambi\u00e9n se traduce en que el porcentaje de mujeres que se encuentran en lo que se considera como \u201cpobreza laboral\u201d sea alto, la cual se refiere al porcentaje de personas que aunque trabajan y reciben un ingreso por ello, con ese ingreso no pueden adquirir la canasta alimentaria para su hogar que se estima con valor de 2 mil 143 pesos, el porcentaje para mujeres de este indicado es de 40.4 por ciento, mientras que para hombres es de 36.4 por ciento.<\/p><p>Indic\u00f3 que el tema no se limita a las trabajadoras, sino a las empleadoras, datos del INEGI revelan que hay cerca de 660 mil mujeres que generan empleos, lo que implica solo el 22 por ciento del total de la poblaci\u00f3n empleadora del pa\u00eds, incluso estas mujeres empleadoras perciben un ingreso 18 por ciento menor al de los hombres.\u00a0\u00a0<\/p><p>\u201cEn los casos expuestos hablamos de que perciben un ingreso, pero la situaci\u00f3n se agrava cuando se trata de trabajo no remunerado, cifras del mismo instituto<\/p><p>calculan que, en 2021, las labores dom\u00e9sticas y de cuidados no remuneradas tuvieron un valor correspondiente al 26 por ciento del PIB y seg\u00fan la CEPAL, M\u00e9xico es el pa\u00eds de Am\u00e9rica Latina en donde las mujeres dedican m\u00e1s horas al trabajo no remunerado.<\/p><p>\u00bfQu\u00e9 nos toca hacer?, respondi\u00f3 que desde Coparmex se impulsa<\/p><p>un \u201cpiso parejo\u201d para que las mujeres puedan desarrollarse a plenitud en todos los espacios que deseen ocupar.\u00a0\u00a0<\/p><p>\u201cNo solo se trata de que los espacios los ocupen las mujeres, sino que las labores dom\u00e9sticas y cuidado de ni\u00f1os y adultos mayores sea una responsabilidad compartida por hombre y mujer, mujer y hombre, en igualdad de circunstancias para favorecer la integraci\u00f3n laboral de ambos\u201d, concluy\u00f3.<\/p><p>\u00a0<\/p>\t\t\t\t\t\t<\/div>\n\t\t\t\t<\/div>\n\t\t\t\t\t<\/div>\n\t\t<\/div>\n\t\t\t\t\t\t\t<\/div>\n\t\t<\/section>\n\t\t\t\t\t\t\t<\/div>\n\t\t","protected":false},"excerpt":{"rendered":"<p>Pachuca, Hgo; a 8 de marzo de 2023.-En M\u00e9xico no se est\u00e1 aprovechando el potencial laboral de las mujeres, consider\u00f3 Juan Manuel Batres Campos, Presidente de la Confederaci\u00f3n Patronal de la Rep\u00fablica Mexicana, Coparmex, en Hidalgo. Expuso que seg\u00fan datos del INEGI el 46.2 por ciento de las mujeres en edad de trabajar lo hacen, [&hellip;]<\/p>\n","protected":false},"author":1,"featured_media":3545,"comment_status":"closed","ping_status":"closed","sticky":false,"template":"","format":"standard","meta":[],"categories":[6],"tags":[],"_links":{"self":[{"href":"https:\/\/www.diarionoti7.com.mx\/index.php?rest_route=\/wp\/v2\/posts\/3543"}],"collection":[{"href":"https:\/\/www.diarionoti7.com.mx\/index.php?rest_route=\/wp\/v2\/posts"}],"about":[{"href":"https:\/\/www.diarionoti7.com.mx\/index.php?rest_route=\/wp\/v2\/types\/post"}],"author":[{"embeddable":true,"href":"https:\/\/www.diarionoti7.com.mx\/index.php?rest_route=\/wp\/v2\/users\/1"}],"replies":[{"embeddable":true,"href":"https:\/\/www.diarionoti7.com.mx\/index.php?rest_route=%2Fwp%2Fv2%2Fcomments&post=3543"}],"version-history":[{"count":4,"href":"https:\/\/www.diarionoti7.com.mx\/index.php?rest_route=\/wp\/v2\/posts\/3543\/revisions"}],"predecessor-version":[{"id":3548,"href":"https:\/\/www.diarionoti7.com.mx\/index.php?rest_route=\/wp\/v2\/posts\/3543\/revisions\/3548"}],"wp:featuredmedia":[{"embeddable":true,"href":"https:\/\/www.diarionoti7.com.mx\/index.php?rest_route=\/wp\/v2\/media\/3545"}],"wp:attachment":[{"href":"https:\/\/www.diarionoti7.com.mx\/index.php?rest_route=%2Fwp%2Fv2%2Fmedia&parent=3543"}],"wp:term":[{"taxonomy":"category","embeddable":true,"href":"https:\/\/www.diarionoti7.com.mx\/index.php?rest_route=%2Fwp%2Fv2%2Fcategories&post=3543"},{"taxonomy":"post_tag","embeddable":true,"href":"https:\/\/www.diarionoti7.com.mx\/index.php?rest_route=%2Fwp%2Fv2%2Ftags&post=3543"}],"curies":[{"name":"wp","href":"https:\/\/api.w.org\/{rel}","templated":true}]}}