{"id":3537,"date":"2023-03-09T17:12:36","date_gmt":"2023-03-09T17:12:36","guid":{"rendered":"https:\/\/www.diarionoti7.com.mx\/?p=3537"},"modified":"2023-03-09T17:13:55","modified_gmt":"2023-03-09T17:13:55","slug":"fue-reelecto-hector-tejada-shaar-en-concanaco-servytur-mexico-permanecera-en-el-cargo-hasta-2024","status":"publish","type":"post","link":"https:\/\/www.diarionoti7.com.mx\/?p=3537","title":{"rendered":"Fue Reelecto  H\u00e9ctor Tejada Shaar en CONCANACO SERVYTUR M\u00c9XICO  Permanecer\u00e1 en el Cargo Hasta 2024"},"content":{"rendered":"\t\t<div data-elementor-type=\"wp-post\" data-elementor-id=\"3537\" class=\"elementor elementor-3537\">\n\t\t\t\t\t\t\t\t\t<section class=\"elementor-section elementor-top-section elementor-element elementor-element-51c23a4c elementor-section-boxed elementor-section-height-default elementor-section-height-default\" data-id=\"51c23a4c\" data-element_type=\"section\">\n\t\t\t\t\t\t<div class=\"elementor-container elementor-column-gap-default\">\n\t\t\t\t\t<div class=\"elementor-column elementor-col-100 elementor-top-column elementor-element elementor-element-7d2e0b6e\" data-id=\"7d2e0b6e\" data-element_type=\"column\">\n\t\t\t<div class=\"elementor-widget-wrap elementor-element-populated\">\n\t\t\t\t\t\t\t\t<div class=\"elementor-element elementor-element-2f2290cd elementor-widget elementor-widget-text-editor\" data-id=\"2f2290cd\" data-element_type=\"widget\" data-widget_type=\"text-editor.default\">\n\t\t\t\t<div class=\"elementor-widget-container\">\n\t\t\t<style>\/*! elementor - v3.10.2 - 29-01-2023 *\/\n.elementor-widget-text-editor.elementor-drop-cap-view-stacked .elementor-drop-cap{background-color:#818a91;color:#fff}.elementor-widget-text-editor.elementor-drop-cap-view-framed .elementor-drop-cap{color:#818a91;border:3px solid;background-color:transparent}.elementor-widget-text-editor:not(.elementor-drop-cap-view-default) .elementor-drop-cap{margin-top:8px}.elementor-widget-text-editor:not(.elementor-drop-cap-view-default) .elementor-drop-cap-letter{width:1em;height:1em}.elementor-widget-text-editor .elementor-drop-cap{float:left;text-align:center;line-height:1;font-size:50px}.elementor-widget-text-editor .elementor-drop-cap-letter{display:inline-block}<\/style>\t\t\t\t<p><strong>Ciudad de M\u00e9xico, 8 de marzo de 2023.-<\/strong>Con la reanudaci\u00f3n de la Asamblea General Ordinaria, inici\u00f3 formalmente el periodo 107 de la Confederaci\u00f3n de C\u00e1maras Nacionales de Comercio, Servicios y Turismo (CONCANACO SERVYTUR M\u00e9xico) con el presidente H\u00e9ctor Tejada Shaar al frente.<\/p><p>H\u00e9ctor Tejada Shaar fue reelegido por unanimidad por los integrantes del Consejo Directivo -mismo que a su vez fue renovado en la Asamblea General Ordinaria- para seguir al frente del organismo c\u00fapula, desde donde dar\u00e1 continuidad a la transformaci\u00f3n del sector de Comercio, Servicios y Turismo a trav\u00e9s de las l\u00edneas de acci\u00f3n; Escuchar para Actuar, Desarrollo de Capital Humano y Transformaci\u00f3n Digital, Impulso Empresarial y Competitividad, Fortalecimiento Institucional y Ejercicio Empresarial con Responsabilidad Social.<\/p><p>Asimismo, se propuso ante el Consejo Directivo el nombramiento, ratificaci\u00f3n y aprobaci\u00f3n de los siguientes cargos, como nuevo secretario general se nombr\u00f3 a Javier Sol\u00eds Ruiz, a Octavio de la Torre de St\u00e9ffano como Tesorero, como prosecretario a Julio C\u00e9sar Almanza Armas y como protesorera a Patricia Araujo de la Torre, mismos que fueron aprobados por unanimidad.<\/p><p>&#8220;Muchas gracias a todos los que reiteraron su confianza en el proyecto que encabezo, somos la Confederaci\u00f3n m\u00e1s grande e importante del pa\u00eds, representamos el 60 por ciento del PIB y generamos seis de cada 10 empleos formales, pero nuestra fortaleza radica en nuestra uni\u00f3n, trabajo en equipo, pero sobre todo en que, unidos en acciones positivas hemos logrado mantener la transformaci\u00f3n del Sector Comercio, Servicios y Turismo en los \u00faltimos a\u00f1os&#8221;, destac\u00f3 el presidente de la Confederaci\u00f3n.<\/p><p>En una 107 Asamblea General Ordinaria marcada por el consenso y la unidad, Tejada Shaar subray\u00f3 el importante papel de los empresarios en el crecimiento econ\u00f3mico de M\u00e9xico, especialmente tras los dif\u00edciles momentos vividos por la pandemia. &#8220;Requerimos mayor creaci\u00f3n de riqueza y empleos; apoyar a las empresas que son el motor de M\u00e9xico, necesitamos hacer sinergia con las autoridades para seguir creciendo&#8221;, expres\u00f3.<\/p><p>La CONCANACO SERVYTUR M\u00e9xico contin\u00faa as\u00ed con su fortaleza institucional, marcada por la transparencia y la rendici\u00f3n de cuentas. Cada mes, desde el inicio de la gesti\u00f3n de Tejada Shaar en septiembre de 2021, los estados financieros de la Confederaci\u00f3n se someten a una auditor\u00eda realizada de forma externa por un contador certificado ante el SAT.<\/p><p>Al no existir impedimento legal alguno, la 107 Asamblea General Ordinaria, que permanec\u00eda constituida, se reanud\u00f3, continuando as\u00ed con los puntos en suspenso. Esto despu\u00e9s de que el \u00c1rea Jur\u00eddica de CONCANACO SERVYTUR M\u00e9xico informara de que el procedimiento de Amparo interpuesto por Guillermo Romero Rodr\u00edguez, Roberto Lem Gonz\u00e1lez, Rafael S\u00e1nchez Zebadua y Javier Sald\u00edvar Rodr\u00edguez en contra del presidente de la Confederaci\u00f3n, del presidente del Consejo Directivo, de la Comisi\u00f3n Electoral y de la Comisi\u00f3n de Honor y Justicia, en el Juzgado 8\u00ba. de Distrito en Materia Administrativa de la Ciudad de M\u00e9xico se revoc\u00f3 y se neg\u00f3 la suspensi\u00f3n definitiva de sus actos reclamados, toda vez que se demostr\u00f3 ampliamente que no exist\u00eda materia para dicho procedimiento, sobre todo en la parte de las inconformidades hacia los informes de Tesorer\u00eda y la rendici\u00f3n de cuentas.<\/p><p>&#8220;La Concanaco Servytur M\u00e9xico sale m\u00e1s fortalecida que nunca, nosotros estamos abiertos a todas las voces, todos deben ser escuchados, ya que la suma de todos es m\u00e1s fuerte que cualquier intento por separarnos y debilitarnos&#8221;, afirm\u00f3 Tejada Shaar ante cientos de representantes provenientes de toda la rep\u00fablica mexicana y que aplaudieron su reelecci\u00f3n como presidente para el periodo 2023 &#8211; 2024.<\/p>\t\t\t\t\t\t<\/div>\n\t\t\t\t<\/div>\n\t\t\t\t\t<\/div>\n\t\t<\/div>\n\t\t\t\t\t\t\t<\/div>\n\t\t<\/section>\n\t\t\t\t\t\t\t<\/div>\n\t\t","protected":false},"excerpt":{"rendered":"<p>Ciudad de M\u00e9xico, 8 de marzo de 2023.-Con la reanudaci\u00f3n de la Asamblea General Ordinaria, inici\u00f3 formalmente el periodo 107 de la Confederaci\u00f3n de C\u00e1maras Nacionales de Comercio, Servicios y Turismo (CONCANACO SERVYTUR M\u00e9xico) con el presidente H\u00e9ctor Tejada Shaar al frente. H\u00e9ctor Tejada Shaar fue reelegido por unanimidad por los integrantes del Consejo Directivo [&hellip;]<\/p>\n","protected":false},"author":1,"featured_media":3539,"comment_status":"closed","ping_status":"closed","sticky":false,"template":"","format":"standard","meta":[],"categories":[6],"tags":[],"_links":{"self":[{"href":"https:\/\/www.diarionoti7.com.mx\/index.php?rest_route=\/wp\/v2\/posts\/3537"}],"collection":[{"href":"https:\/\/www.diarionoti7.com.mx\/index.php?rest_route=\/wp\/v2\/posts"}],"about":[{"href":"https:\/\/www.diarionoti7.com.mx\/index.php?rest_route=\/wp\/v2\/types\/post"}],"author":[{"embeddable":true,"href":"https:\/\/www.diarionoti7.com.mx\/index.php?rest_route=\/wp\/v2\/users\/1"}],"replies":[{"embeddable":true,"href":"https:\/\/www.diarionoti7.com.mx\/index.php?rest_route=%2Fwp%2Fv2%2Fcomments&post=3537"}],"version-history":[{"count":4,"href":"https:\/\/www.diarionoti7.com.mx\/index.php?rest_route=\/wp\/v2\/posts\/3537\/revisions"}],"predecessor-version":[{"id":3542,"href":"https:\/\/www.diarionoti7.com.mx\/index.php?rest_route=\/wp\/v2\/posts\/3537\/revisions\/3542"}],"wp:featuredmedia":[{"embeddable":true,"href":"https:\/\/www.diarionoti7.com.mx\/index.php?rest_route=\/wp\/v2\/media\/3539"}],"wp:attachment":[{"href":"https:\/\/www.diarionoti7.com.mx\/index.php?rest_route=%2Fwp%2Fv2%2Fmedia&parent=3537"}],"wp:term":[{"taxonomy":"category","embeddable":true,"href":"https:\/\/www.diarionoti7.com.mx\/index.php?rest_route=%2Fwp%2Fv2%2Fcategories&post=3537"},{"taxonomy":"post_tag","embeddable":true,"href":"https:\/\/www.diarionoti7.com.mx\/index.php?rest_route=%2Fwp%2Fv2%2Ftags&post=3537"}],"curies":[{"name":"wp","href":"https:\/\/api.w.org\/{rel}","templated":true}]}}