{"id":3531,"date":"2023-03-08T20:04:13","date_gmt":"2023-03-08T20:04:13","guid":{"rendered":"https:\/\/www.diarionoti7.com.mx\/?p=3531"},"modified":"2023-03-08T20:05:01","modified_gmt":"2023-03-08T20:05:01","slug":"participa-menchaca-salazar-en-la-instalacion-de-la-catedra-carlos-martinez-assad","status":"publish","type":"post","link":"https:\/\/www.diarionoti7.com.mx\/?p=3531","title":{"rendered":"Participa Menchaca Salazar en la instalaci\u00f3n de la C\u00e1tedra Carlos Mart\u00ednez Assad"},"content":{"rendered":"\t\t<div data-elementor-type=\"wp-post\" data-elementor-id=\"3531\" class=\"elementor elementor-3531\">\n\t\t\t\t\t\t\t\t\t<section class=\"elementor-section elementor-top-section elementor-element elementor-element-51c23a4c elementor-section-boxed elementor-section-height-default elementor-section-height-default\" data-id=\"51c23a4c\" data-element_type=\"section\">\n\t\t\t\t\t\t<div class=\"elementor-container elementor-column-gap-default\">\n\t\t\t\t\t<div class=\"elementor-column elementor-col-100 elementor-top-column elementor-element elementor-element-7d2e0b6e\" data-id=\"7d2e0b6e\" data-element_type=\"column\">\n\t\t\t<div class=\"elementor-widget-wrap elementor-element-populated\">\n\t\t\t\t\t\t\t\t<div class=\"elementor-element elementor-element-2f2290cd elementor-widget elementor-widget-text-editor\" data-id=\"2f2290cd\" data-element_type=\"widget\" data-widget_type=\"text-editor.default\">\n\t\t\t\t<div class=\"elementor-widget-container\">\n\t\t\t<style>\/*! elementor - v3.10.2 - 29-01-2023 *\/\n.elementor-widget-text-editor.elementor-drop-cap-view-stacked .elementor-drop-cap{background-color:#818a91;color:#fff}.elementor-widget-text-editor.elementor-drop-cap-view-framed .elementor-drop-cap{color:#818a91;border:3px solid;background-color:transparent}.elementor-widget-text-editor:not(.elementor-drop-cap-view-default) .elementor-drop-cap{margin-top:8px}.elementor-widget-text-editor:not(.elementor-drop-cap-view-default) .elementor-drop-cap-letter{width:1em;height:1em}.elementor-widget-text-editor .elementor-drop-cap{float:left;text-align:center;line-height:1;font-size:50px}.elementor-widget-text-editor .elementor-drop-cap-letter{display:inline-block}<\/style>\t\t\t\t<p><strong>&#8211; El titular del Ejecutivo estatal resalt\u00f3 que la educaci\u00f3n convertir\u00e1 a Hidalgo en una potencia<\/strong><\/p><p><strong>Pachuca, Hgo. 7 de marzo de 2023.-<\/strong>En el marco del 18 aniversario de El Colegio del Estado de Hidalgo, el gobernador Julio Menchaca Salazar, encabez\u00f3 la instalaci\u00f3n de la Catedra de Estudios Regionales \u00abCarlos Mart\u00ednez Assad\u00bb, espacio donde reconoci\u00f3 la trayectoria acad\u00e9mica del profesor em\u00e9rito de la Universidad Nacional Aut\u00f3noma de M\u00e9xico (UNAM) y miembro del Consejo Nacional de Ciencia y Tecnolog\u00eda (CONACyT).<\/p><p>Durante su intervenci\u00f3n, el mandatario estatal record\u00f3 que Mart\u00ednez Assad es uno de los impulsores de los estudios regionales que ampl\u00edan el an\u00e1lisis sobre la diversidad de los diversos campos sociales, y cuyas investigaciones se encuentran estrechamente ligadas con el Valle del Mezquital en Hidalgo al analizar las dificultades que esta regi\u00f3n ha tenido que enfrentar a pesar de los recursos y potencialidades con los que cuenta.<\/p><p>Motivo por el cual, Menchaca Salazar lament\u00f3 que durante muchos a\u00f1os no se tuviera previsto el crecimiento del Valle de M\u00e9xico y que estas omisiones, afectaran gravemente est\u00e1 regi\u00f3n del estado.<\/p><p>\u201cHoy estamos en un proceso distinto y de transformaci\u00f3n, en donde vamos a superar esta etapa, por ello seguiremos utilizando a la educaci\u00f3n como una herramienta para convertir a Hidalgo en una verdadera potencia\u201d. Enfatiz\u00f3 qu,e para cumplir con el compromiso de fortalecer al sistema educativo de la entidad, este a\u00f1o se registr\u00f3 un incremento presupuestal en este sector, lo que adem\u00e1s permitir\u00e1 mitigar la migraci\u00f3n y propiciar mejores condiciones de crecimiento personal y profesional.<\/p><p>\u201cM\u00e9xico es un lugar de avanzada en la educaci\u00f3n en donde no podemos echar por la borda los esfuerzos realizados\u201d, declar\u00f3 Carlos Mart\u00ednez Assad, quien record\u00f3 que su historia est\u00e1 vinculada al estado de Hidalgo, por lo que agradeci\u00f3 este reconocimiento a su trayectoria acad\u00e9mica.<\/p><p>Por su parte el secretario de Educaci\u00f3n P\u00fablica, Natividad Castrej\u00f3n Valdez, record\u00f3 que una de las metas del actual gobierno es transformar al sistema educativo, a fin de brindar todas las herramientas de desarrollo y que estas, se encuentren al alcance de todas y todos: \u201cNo podemos celebrar el 18 aniversario de El Colegio del Estado de Hidalgo sin reconocer sus aportaciones a la vida acad\u00e9mica de la regi\u00f3n, por ello ante una nueva visi\u00f3n de las humanidades, la ciencia y la tecnolog\u00eda son llamadas a ocupar un lugar trascendente en la historia\u201d.<\/p><p>A\u00f1adi\u00f3 que la educaci\u00f3n es uno de los principales motores de la transformaci\u00f3n, por lo que todas las instituciones educativas contar\u00e1n con el respaldo de la dependencia que encabeza para lograr los prop\u00f3sitos plasmados en el Plan Estatal de Desarrollo 2022-2028.<\/p><p>Pablo Vargas Gonz\u00e1lez, director del El Colegio del Estado de Hidalgo, resalt\u00f3 que la C\u00e1tedra de Estudios Regionales \u201cDr. Carlos Mart\u00ednez Assad\u201d, tiene el prop\u00f3sito de fomentar y fortalecer los estudios regionales a nivel local, nacional e internacional, enfocados en los procesos de transformaci\u00f3n: \u201cReconocemos la trayectoria de Carlos Mart\u00ednez Assad, cuyos trabajos dan cuenta de las diversas ramas del desarrollo, se trata de compartir recursos y esfuerzos interinstitucionales\u201d.<\/p><p>Destac\u00f3 que el gobernador ha girado la instrucci\u00f3n de trasladar la sede de El Colegio de Hidalgo hacia el centro de la capital hidalguense, con el objetivo de contar con mejores espacios para el desarrollo de investigaciones. Esto como una muestra del compromiso que guarda la nueva administraci\u00f3n con el impulso de la ciencia y la tecnolog\u00eda.<\/p><p>Al finalizar esta ceremonia, el gobernador puntualiz\u00f3 que la participaci\u00f3n ciudadana en la construcci\u00f3n de pol\u00edticas p\u00fablicas seguir\u00e1 siendo una constante en su gobierno, pues son las y los hidalguenses quienes dictar\u00e1n l\u00ednea en la ruta de la transformaci\u00f3n.<\/p>\t\t\t\t\t\t<\/div>\n\t\t\t\t<\/div>\n\t\t\t\t\t<\/div>\n\t\t<\/div>\n\t\t\t\t\t\t\t<\/div>\n\t\t<\/section>\n\t\t\t\t\t\t\t<\/div>\n\t\t","protected":false},"excerpt":{"rendered":"<p>&#8211; El titular del Ejecutivo estatal resalt\u00f3 que la educaci\u00f3n convertir\u00e1 a Hidalgo en una potencia Pachuca, Hgo. 7 de marzo de 2023.-En el marco del 18 aniversario de El Colegio del Estado de Hidalgo, el gobernador Julio Menchaca Salazar, encabez\u00f3 la instalaci\u00f3n de la Catedra de Estudios Regionales \u00abCarlos Mart\u00ednez Assad\u00bb, espacio donde reconoci\u00f3 [&hellip;]<\/p>\n","protected":false},"author":1,"featured_media":3533,"comment_status":"closed","ping_status":"closed","sticky":false,"template":"","format":"standard","meta":[],"categories":[7],"tags":[],"_links":{"self":[{"href":"https:\/\/www.diarionoti7.com.mx\/index.php?rest_route=\/wp\/v2\/posts\/3531"}],"collection":[{"href":"https:\/\/www.diarionoti7.com.mx\/index.php?rest_route=\/wp\/v2\/posts"}],"about":[{"href":"https:\/\/www.diarionoti7.com.mx\/index.php?rest_route=\/wp\/v2\/types\/post"}],"author":[{"embeddable":true,"href":"https:\/\/www.diarionoti7.com.mx\/index.php?rest_route=\/wp\/v2\/users\/1"}],"replies":[{"embeddable":true,"href":"https:\/\/www.diarionoti7.com.mx\/index.php?rest_route=%2Fwp%2Fv2%2Fcomments&post=3531"}],"version-history":[{"count":4,"href":"https:\/\/www.diarionoti7.com.mx\/index.php?rest_route=\/wp\/v2\/posts\/3531\/revisions"}],"predecessor-version":[{"id":3536,"href":"https:\/\/www.diarionoti7.com.mx\/index.php?rest_route=\/wp\/v2\/posts\/3531\/revisions\/3536"}],"wp:featuredmedia":[{"embeddable":true,"href":"https:\/\/www.diarionoti7.com.mx\/index.php?rest_route=\/wp\/v2\/media\/3533"}],"wp:attachment":[{"href":"https:\/\/www.diarionoti7.com.mx\/index.php?rest_route=%2Fwp%2Fv2%2Fmedia&parent=3531"}],"wp:term":[{"taxonomy":"category","embeddable":true,"href":"https:\/\/www.diarionoti7.com.mx\/index.php?rest_route=%2Fwp%2Fv2%2Fcategories&post=3531"},{"taxonomy":"post_tag","embeddable":true,"href":"https:\/\/www.diarionoti7.com.mx\/index.php?rest_route=%2Fwp%2Fv2%2Ftags&post=3531"}],"curies":[{"name":"wp","href":"https:\/\/api.w.org\/{rel}","templated":true}]}}