{"id":3519,"date":"2023-03-08T20:02:18","date_gmt":"2023-03-08T20:02:18","guid":{"rendered":"https:\/\/www.diarionoti7.com.mx\/?p=3519"},"modified":"2023-03-08T20:03:06","modified_gmt":"2023-03-08T20:03:06","slug":"diputadas-proponen-entregar-la-medalla-al-merito-elisa-acuna-rosetti","status":"publish","type":"post","link":"https:\/\/www.diarionoti7.com.mx\/?p=3519","title":{"rendered":"Diputadas Proponen Entregar la Medalla al M\u00e9rito Elisa Acu\u00f1a Rosetti"},"content":{"rendered":"\t\t<div data-elementor-type=\"wp-post\" data-elementor-id=\"3519\" class=\"elementor elementor-3519\">\n\t\t\t\t\t\t\t\t\t<section class=\"elementor-section elementor-top-section elementor-element elementor-element-51c23a4c elementor-section-boxed elementor-section-height-default elementor-section-height-default\" data-id=\"51c23a4c\" data-element_type=\"section\">\n\t\t\t\t\t\t<div class=\"elementor-container elementor-column-gap-default\">\n\t\t\t\t\t<div class=\"elementor-column elementor-col-100 elementor-top-column elementor-element elementor-element-7d2e0b6e\" data-id=\"7d2e0b6e\" data-element_type=\"column\">\n\t\t\t<div class=\"elementor-widget-wrap elementor-element-populated\">\n\t\t\t\t\t\t\t\t<div class=\"elementor-element elementor-element-2f2290cd elementor-widget elementor-widget-text-editor\" data-id=\"2f2290cd\" data-element_type=\"widget\" data-widget_type=\"text-editor.default\">\n\t\t\t\t<div class=\"elementor-widget-container\">\n\t\t\t<style>\/*! elementor - v3.10.2 - 29-01-2023 *\/\n.elementor-widget-text-editor.elementor-drop-cap-view-stacked .elementor-drop-cap{background-color:#818a91;color:#fff}.elementor-widget-text-editor.elementor-drop-cap-view-framed .elementor-drop-cap{color:#818a91;border:3px solid;background-color:transparent}.elementor-widget-text-editor:not(.elementor-drop-cap-view-default) .elementor-drop-cap{margin-top:8px}.elementor-widget-text-editor:not(.elementor-drop-cap-view-default) .elementor-drop-cap-letter{width:1em;height:1em}.elementor-widget-text-editor .elementor-drop-cap{float:left;text-align:center;line-height:1;font-size:50px}.elementor-widget-text-editor .elementor-drop-cap-letter{display:inline-block}<\/style>\t\t\t\t<p><strong>Pachuca, Hgo. 7 de marzo de 2023.-<\/strong>Diputadas de los partidos Revolucionario Institucional y de Nueva Alianza propusieron al Pleno Legislativo del Congreso de Hidalgo, la entrega de la medalla al m\u00e9rito Elisa Acu\u00f1a Rosetti, para promotoras y protectoras de los derechos humanos de mujeres hidalguenses.<\/p><p>En sesi\u00f3n ordinaria 113, la diputada priista, Citlali Jaramillo Ram\u00edrez, present\u00f3 la iniciativa para crear la medalla al m\u00e9rito Elisa Acu\u00f1a Rosetti y emite los lineamientos m\u00ednimos para su entrega.<\/p><p>Lo anterior, explic\u00f3, con el prop\u00f3sito de reconocer la labor de mujeres destacadas que residen en Hidalgo, que, de manera individual o colectiva, se hayan distinguido por la promoci\u00f3n, fomento y protecci\u00f3n de los derechos humanos de las mujeres.<\/p><p>En concordancia con la conmemoraci\u00f3n del 8 de marzo, D\u00eda Internacional de la Mujer, recordando la importancia de reconocer la lucha de los derechos pol\u00edticos, sociales, econ\u00f3micos y culturales de las mujeres y ni\u00f1as que pelean por un mundo igualitario, libre de violencia y sin discriminaci\u00f3n.<\/p><p>Dicho reconocimiento consta de medalla de plata y diploma por escrito.<\/p><p>Por su parte, la diputada de Nueva Alianza, Mar\u00eda Adelaida Mu\u00f1oz Jumilla, dio a conocer la iniciativa para instituir la medalla Elisa Acu\u00f1a Rosetti del Congreso de Hidalgo y el reglamento para su otorgamiento.<\/p><p>La legisladora explic\u00f3 que el reconocimiento ser\u00e1 en vida o post mortem a las mujeres hidalguenses que se han destacado por su labor en la protecci\u00f3n, defensa, promoci\u00f3n, estudio o investigaci\u00f3n de los derechos humanos de las mujeres e igualdad de g\u00e9nero. El reconocimiento consta de un diploma alusivo y medalla de oro.<\/p><p>Ambas iniciativas proponen que la entrega de dicho reconocimiento sea otorgada en sesi\u00f3n solemne cada 8 de marzo en el marco del D\u00eda Internacional de la Mujer.<\/p><p>Las propuestas fueron enviadas a la Primera Comisi\u00f3n Permanente de Legislaci\u00f3n y Puntos Constitucionales y ser\u00e1n analizadas y en su caso dictaminadas.<\/p>\t\t\t\t\t\t<\/div>\n\t\t\t\t<\/div>\n\t\t\t\t\t<\/div>\n\t\t<\/div>\n\t\t\t\t\t\t\t<\/div>\n\t\t<\/section>\n\t\t\t\t\t\t\t<\/div>\n\t\t","protected":false},"excerpt":{"rendered":"<p>Pachuca, Hgo. 7 de marzo de 2023.-Diputadas de los partidos Revolucionario Institucional y de Nueva Alianza propusieron al Pleno Legislativo del Congreso de Hidalgo, la entrega de la medalla al m\u00e9rito Elisa Acu\u00f1a Rosetti, para promotoras y protectoras de los derechos humanos de mujeres hidalguenses. En sesi\u00f3n ordinaria 113, la diputada priista, Citlali Jaramillo Ram\u00edrez, [&hellip;]<\/p>\n","protected":false},"author":1,"featured_media":3521,"comment_status":"closed","ping_status":"closed","sticky":false,"template":"","format":"standard","meta":[],"categories":[3],"tags":[],"_links":{"self":[{"href":"https:\/\/www.diarionoti7.com.mx\/index.php?rest_route=\/wp\/v2\/posts\/3519"}],"collection":[{"href":"https:\/\/www.diarionoti7.com.mx\/index.php?rest_route=\/wp\/v2\/posts"}],"about":[{"href":"https:\/\/www.diarionoti7.com.mx\/index.php?rest_route=\/wp\/v2\/types\/post"}],"author":[{"embeddable":true,"href":"https:\/\/www.diarionoti7.com.mx\/index.php?rest_route=\/wp\/v2\/users\/1"}],"replies":[{"embeddable":true,"href":"https:\/\/www.diarionoti7.com.mx\/index.php?rest_route=%2Fwp%2Fv2%2Fcomments&post=3519"}],"version-history":[{"count":4,"href":"https:\/\/www.diarionoti7.com.mx\/index.php?rest_route=\/wp\/v2\/posts\/3519\/revisions"}],"predecessor-version":[{"id":3524,"href":"https:\/\/www.diarionoti7.com.mx\/index.php?rest_route=\/wp\/v2\/posts\/3519\/revisions\/3524"}],"wp:featuredmedia":[{"embeddable":true,"href":"https:\/\/www.diarionoti7.com.mx\/index.php?rest_route=\/wp\/v2\/media\/3521"}],"wp:attachment":[{"href":"https:\/\/www.diarionoti7.com.mx\/index.php?rest_route=%2Fwp%2Fv2%2Fmedia&parent=3519"}],"wp:term":[{"taxonomy":"category","embeddable":true,"href":"https:\/\/www.diarionoti7.com.mx\/index.php?rest_route=%2Fwp%2Fv2%2Fcategories&post=3519"},{"taxonomy":"post_tag","embeddable":true,"href":"https:\/\/www.diarionoti7.com.mx\/index.php?rest_route=%2Fwp%2Fv2%2Ftags&post=3519"}],"curies":[{"name":"wp","href":"https:\/\/api.w.org\/{rel}","templated":true}]}}