{"id":3513,"date":"2023-03-08T20:01:37","date_gmt":"2023-03-08T20:01:37","guid":{"rendered":"https:\/\/www.diarionoti7.com.mx\/?p=3513"},"modified":"2023-03-08T20:02:11","modified_gmt":"2023-03-08T20:02:11","slug":"piden-diputados-proponen-que-se-nomine-a-la-lxv-legislatura-legislatura-de-la-inclusion","status":"publish","type":"post","link":"https:\/\/www.diarionoti7.com.mx\/?p=3513","title":{"rendered":"Piden Diputados Proponen que se Nomine a la LXV  Legislatura. \u201cLegislatura de la Inclusi\u00f3n\u201d"},"content":{"rendered":"\t\t<div data-elementor-type=\"wp-post\" data-elementor-id=\"3513\" class=\"elementor elementor-3513\">\n\t\t\t\t\t\t\t\t\t<section class=\"elementor-section elementor-top-section elementor-element elementor-element-51c23a4c elementor-section-boxed elementor-section-height-default elementor-section-height-default\" data-id=\"51c23a4c\" data-element_type=\"section\">\n\t\t\t\t\t\t<div class=\"elementor-container elementor-column-gap-default\">\n\t\t\t\t\t<div class=\"elementor-column elementor-col-100 elementor-top-column elementor-element elementor-element-7d2e0b6e\" data-id=\"7d2e0b6e\" data-element_type=\"column\">\n\t\t\t<div class=\"elementor-widget-wrap elementor-element-populated\">\n\t\t\t\t\t\t\t\t<div class=\"elementor-element elementor-element-2f2290cd elementor-widget elementor-widget-text-editor\" data-id=\"2f2290cd\" data-element_type=\"widget\" data-widget_type=\"text-editor.default\">\n\t\t\t\t<div class=\"elementor-widget-container\">\n\t\t\t<style>\/*! elementor - v3.10.2 - 29-01-2023 *\/\n.elementor-widget-text-editor.elementor-drop-cap-view-stacked .elementor-drop-cap{background-color:#818a91;color:#fff}.elementor-widget-text-editor.elementor-drop-cap-view-framed .elementor-drop-cap{color:#818a91;border:3px solid;background-color:transparent}.elementor-widget-text-editor:not(.elementor-drop-cap-view-default) .elementor-drop-cap{margin-top:8px}.elementor-widget-text-editor:not(.elementor-drop-cap-view-default) .elementor-drop-cap-letter{width:1em;height:1em}.elementor-widget-text-editor .elementor-drop-cap{float:left;text-align:center;line-height:1;font-size:50px}.elementor-widget-text-editor .elementor-drop-cap-letter{display:inline-block}<\/style>\t\t\t\t<p>La diputada del Partido del Trabajo (PT), Elvia Sierra Vite, a nombre de integrantes de los Grupos Legislativos de Morena y PRI, present\u00f3 la iniciativa para que el Congreso de Hidalgo declare a la LXV Legislatura como \u201cLegislatura de la Inclusi\u00f3n\u201d.<\/p><p>De acuerdo con la legisladora, la intenci\u00f3n es promover la igualdad de oportunidades y el respeto por la diversidad en todas las decisiones y acciones de la legislatura. Se trata de reconocer y valorar las diferencias, de trabajar juntos para construir una sociedad m\u00e1s justa y equitativa.<\/p><p>Declarar a la LXV Legislatura como \u201cLegislatura de la inclusi\u00f3n\u201d es una manera de demostrar el compromiso de las y los legisladores con los valores de la inclusi\u00f3n y de fomentar una cultura pol\u00edtica inclusiva en Hidalgo, afirm\u00f3.<\/p>\t\t\t\t\t\t<\/div>\n\t\t\t\t<\/div>\n\t\t\t\t\t<\/div>\n\t\t<\/div>\n\t\t\t\t\t\t\t<\/div>\n\t\t<\/section>\n\t\t\t\t\t\t\t<\/div>\n\t\t","protected":false},"excerpt":{"rendered":"<p>La diputada del Partido del Trabajo (PT), Elvia Sierra Vite, a nombre de integrantes de los Grupos Legislativos de Morena y PRI, present\u00f3 la iniciativa para que el Congreso de Hidalgo declare a la LXV Legislatura como \u201cLegislatura de la Inclusi\u00f3n\u201d. De acuerdo con la legisladora, la intenci\u00f3n es promover la igualdad de oportunidades y [&hellip;]<\/p>\n","protected":false},"author":1,"featured_media":3515,"comment_status":"closed","ping_status":"closed","sticky":false,"template":"","format":"standard","meta":[],"categories":[3],"tags":[],"_links":{"self":[{"href":"https:\/\/www.diarionoti7.com.mx\/index.php?rest_route=\/wp\/v2\/posts\/3513"}],"collection":[{"href":"https:\/\/www.diarionoti7.com.mx\/index.php?rest_route=\/wp\/v2\/posts"}],"about":[{"href":"https:\/\/www.diarionoti7.com.mx\/index.php?rest_route=\/wp\/v2\/types\/post"}],"author":[{"embeddable":true,"href":"https:\/\/www.diarionoti7.com.mx\/index.php?rest_route=\/wp\/v2\/users\/1"}],"replies":[{"embeddable":true,"href":"https:\/\/www.diarionoti7.com.mx\/index.php?rest_route=%2Fwp%2Fv2%2Fcomments&post=3513"}],"version-history":[{"count":4,"href":"https:\/\/www.diarionoti7.com.mx\/index.php?rest_route=\/wp\/v2\/posts\/3513\/revisions"}],"predecessor-version":[{"id":3518,"href":"https:\/\/www.diarionoti7.com.mx\/index.php?rest_route=\/wp\/v2\/posts\/3513\/revisions\/3518"}],"wp:featuredmedia":[{"embeddable":true,"href":"https:\/\/www.diarionoti7.com.mx\/index.php?rest_route=\/wp\/v2\/media\/3515"}],"wp:attachment":[{"href":"https:\/\/www.diarionoti7.com.mx\/index.php?rest_route=%2Fwp%2Fv2%2Fmedia&parent=3513"}],"wp:term":[{"taxonomy":"category","embeddable":true,"href":"https:\/\/www.diarionoti7.com.mx\/index.php?rest_route=%2Fwp%2Fv2%2Fcategories&post=3513"},{"taxonomy":"post_tag","embeddable":true,"href":"https:\/\/www.diarionoti7.com.mx\/index.php?rest_route=%2Fwp%2Fv2%2Ftags&post=3513"}],"curies":[{"name":"wp","href":"https:\/\/api.w.org\/{rel}","templated":true}]}}