{"id":3471,"date":"2023-03-08T19:53:45","date_gmt":"2023-03-08T19:53:45","guid":{"rendered":"https:\/\/www.diarionoti7.com.mx\/?p=3471"},"modified":"2023-03-08T19:54:57","modified_gmt":"2023-03-08T19:54:57","slug":"invita-sedeso-y-el-ihj-a-organizaciones-asociaciones-civiles-y-colectivos-juveniles-participar-en-la-convocatoria-participacion-juvenil-2023","status":"publish","type":"post","link":"https:\/\/www.diarionoti7.com.mx\/?p=3471","title":{"rendered":"Invita Sedeso y el  IHJ a organizaciones, asociaciones civiles y colectivos juveniles Participar en la Convocatoria \u201cParticipaci\u00f3n Juvenil 2023\u201d."},"content":{"rendered":"\t\t<div data-elementor-type=\"wp-post\" data-elementor-id=\"3471\" class=\"elementor elementor-3471\">\n\t\t\t\t\t\t\t\t\t<section class=\"elementor-section elementor-top-section elementor-element elementor-element-51c23a4c elementor-section-boxed elementor-section-height-default elementor-section-height-default\" data-id=\"51c23a4c\" data-element_type=\"section\">\n\t\t\t\t\t\t<div class=\"elementor-container elementor-column-gap-default\">\n\t\t\t\t\t<div class=\"elementor-column elementor-col-100 elementor-top-column elementor-element elementor-element-7d2e0b6e\" data-id=\"7d2e0b6e\" data-element_type=\"column\">\n\t\t\t<div class=\"elementor-widget-wrap elementor-element-populated\">\n\t\t\t\t\t\t\t\t<div class=\"elementor-element elementor-element-2f2290cd elementor-widget elementor-widget-text-editor\" data-id=\"2f2290cd\" data-element_type=\"widget\" data-widget_type=\"text-editor.default\">\n\t\t\t\t<div class=\"elementor-widget-container\">\n\t\t\t<style>\/*! elementor - v3.10.2 - 29-01-2023 *\/\n.elementor-widget-text-editor.elementor-drop-cap-view-stacked .elementor-drop-cap{background-color:#818a91;color:#fff}.elementor-widget-text-editor.elementor-drop-cap-view-framed .elementor-drop-cap{color:#818a91;border:3px solid;background-color:transparent}.elementor-widget-text-editor:not(.elementor-drop-cap-view-default) .elementor-drop-cap{margin-top:8px}.elementor-widget-text-editor:not(.elementor-drop-cap-view-default) .elementor-drop-cap-letter{width:1em;height:1em}.elementor-widget-text-editor .elementor-drop-cap{float:left;text-align:center;line-height:1;font-size:50px}.elementor-widget-text-editor .elementor-drop-cap-letter{display:inline-block}<\/style>\t\t\t\t<p><strong>*Busca Proyectos Que Impulsen el Beneficio de las Juventudes<\/strong><\/p><p><strong>*Premiar\u00e1 a 10 asociaciones con 24 mil pesos<\/strong><\/p><p><strong>Pachuca, Hgo. 7 de marzo de 2023.-<\/strong>Uno de los objetivos del Gobierno del Estado de Hidalgo es brindar oportunidades de superaci\u00f3n que favorezcan la iniciativa y creatividad de las juventudes hidalguenses, por ello la Secretar\u00eda de Desarrollo Social (Sedeso), a trav\u00e9s del Instituto Hidalguense de la Juventud (IHJ) invita a organizaciones, asociaciones civiles y colectivos juveniles a formar parte de la convocatoria \u201cParticipaci\u00f3n Juvenil 2023\u201d.<\/p><p>Dicha convocatoria tiene el objetivo de impulsar el actuar delas y los j\u00f3venes en beneficio de su comunidad, al otorgarles financiamiento gubernamental por 24 mil pesos a cada uno de los 10 proyectos ganadores.<\/p><p>Los proyectos deben beneficiar a juventudes hidalguenses de 12 a 29 a\u00f1os de edad, mediante talleres, conferencias y actividades de labor social, cada proyecto debe tener un alcance m\u00ednimo de mil 500 j\u00f3venes para considerarse viable, as\u00ed como formar parte de alguno de los siguientes ejes tem\u00e1ticos: Promoci\u00f3n de la salud integral, participaci\u00f3n juvenil, formaci\u00f3n ciudadana, entornos favorables para las juventudes, educaci\u00f3n integral y medio ambiente.<\/p><p>Respecto al tema, la secretaria de Desarrollo Social, Simey Olvera, apunt\u00f3 que la corresponsabilidad social es fundamental para el crecimiento y desarrollo de la sociedad y parte de la transformaci\u00f3n que plante\u00f3 el presidente Andr\u00e9s Manuel L\u00f3pez Obrador, pues cuando la sociedad sabe a qu\u00e9 rumbo se dirige, los gobiernos se unen para impulsar esos deseos de superaci\u00f3n y crecimiento.<\/p><p>Por su parte, el director del IHJ, Ricardo Olvera Molina, destac\u00f3 que la meta de la administraci\u00f3n que encabeza el gobernador, Julio Menchaca es, que las juventudes muestren inter\u00e9s desde temprana edad por mejorar su entorno y obtener sociedades m\u00e1s justas con una perspectiva fresca.<\/p><p>La selecci\u00f3n de los proyectos se llevar\u00e1 a cabo a trav\u00e9s de un comit\u00e9 dictaminador conformado por diferentes organismos gubernamentales. Los resultados ser\u00e1n publicados el d\u00eda jueves 31 de marzo en las redes sociales del IHJ (@JuventudHGO).<\/p><p>La convocatoria est\u00e1 abierta desde el 1 y hasta el 24 de marzo del presente a\u00f1o y puede consultarse a trav\u00e9s del link http:\/\/juventud.hidalgo.gob.mx\/participacion\/. Para mayor informaci\u00f3n, las y los interesados deber\u00e1n acercarse al departamento de Participaci\u00f3n Juvenil del IHJ, ubicado en avenida Ju\u00e1rez 1105, colonia Maestranza, Plaza Diamante, tercer piso o comunicarse al tel\u00e9fono 7717193293, as\u00ed como a trav\u00e9s de las redes sociales del IHJ.<\/p>\t\t\t\t\t\t<\/div>\n\t\t\t\t<\/div>\n\t\t\t\t\t<\/div>\n\t\t<\/div>\n\t\t\t\t\t\t\t<\/div>\n\t\t<\/section>\n\t\t\t\t\t\t\t<\/div>\n\t\t","protected":false},"excerpt":{"rendered":"<p>*Busca Proyectos Que Impulsen el Beneficio de las Juventudes *Premiar\u00e1 a 10 asociaciones con 24 mil pesos Pachuca, Hgo. 7 de marzo de 2023.-Uno de los objetivos del Gobierno del Estado de Hidalgo es brindar oportunidades de superaci\u00f3n que favorezcan la iniciativa y creatividad de las juventudes hidalguenses, por ello la Secretar\u00eda de Desarrollo Social [&hellip;]<\/p>\n","protected":false},"author":1,"featured_media":3473,"comment_status":"closed","ping_status":"closed","sticky":false,"template":"","format":"standard","meta":[],"categories":[7],"tags":[],"_links":{"self":[{"href":"https:\/\/www.diarionoti7.com.mx\/index.php?rest_route=\/wp\/v2\/posts\/3471"}],"collection":[{"href":"https:\/\/www.diarionoti7.com.mx\/index.php?rest_route=\/wp\/v2\/posts"}],"about":[{"href":"https:\/\/www.diarionoti7.com.mx\/index.php?rest_route=\/wp\/v2\/types\/post"}],"author":[{"embeddable":true,"href":"https:\/\/www.diarionoti7.com.mx\/index.php?rest_route=\/wp\/v2\/users\/1"}],"replies":[{"embeddable":true,"href":"https:\/\/www.diarionoti7.com.mx\/index.php?rest_route=%2Fwp%2Fv2%2Fcomments&post=3471"}],"version-history":[{"count":4,"href":"https:\/\/www.diarionoti7.com.mx\/index.php?rest_route=\/wp\/v2\/posts\/3471\/revisions"}],"predecessor-version":[{"id":3476,"href":"https:\/\/www.diarionoti7.com.mx\/index.php?rest_route=\/wp\/v2\/posts\/3471\/revisions\/3476"}],"wp:featuredmedia":[{"embeddable":true,"href":"https:\/\/www.diarionoti7.com.mx\/index.php?rest_route=\/wp\/v2\/media\/3473"}],"wp:attachment":[{"href":"https:\/\/www.diarionoti7.com.mx\/index.php?rest_route=%2Fwp%2Fv2%2Fmedia&parent=3471"}],"wp:term":[{"taxonomy":"category","embeddable":true,"href":"https:\/\/www.diarionoti7.com.mx\/index.php?rest_route=%2Fwp%2Fv2%2Fcategories&post=3471"},{"taxonomy":"post_tag","embeddable":true,"href":"https:\/\/www.diarionoti7.com.mx\/index.php?rest_route=%2Fwp%2Fv2%2Ftags&post=3471"}],"curies":[{"name":"wp","href":"https:\/\/api.w.org\/{rel}","templated":true}]}}