{"id":3459,"date":"2023-03-08T17:24:58","date_gmt":"2023-03-08T17:24:58","guid":{"rendered":"https:\/\/www.diarionoti7.com.mx\/?p=3459"},"modified":"2023-03-08T17:25:53","modified_gmt":"2023-03-08T17:25:53","slug":"tulancingo-lleva-a-cabo-segunda-jornada-medica-de-salud-a-tu-alcance","status":"publish","type":"post","link":"https:\/\/www.diarionoti7.com.mx\/?p=3459","title":{"rendered":"Tulancingo Lleva a Cabo Segunda \u201cJornada M\u00e9dica de Salud a Tu Alcance\u201d"},"content":{"rendered":"\t\t<div data-elementor-type=\"wp-post\" data-elementor-id=\"3459\" class=\"elementor elementor-3459\">\n\t\t\t\t\t\t\t\t\t<section class=\"elementor-section elementor-top-section elementor-element elementor-element-51c23a4c elementor-section-boxed elementor-section-height-default elementor-section-height-default\" data-id=\"51c23a4c\" data-element_type=\"section\">\n\t\t\t\t\t\t<div class=\"elementor-container elementor-column-gap-default\">\n\t\t\t\t\t<div class=\"elementor-column elementor-col-100 elementor-top-column elementor-element elementor-element-7d2e0b6e\" data-id=\"7d2e0b6e\" data-element_type=\"column\">\n\t\t\t<div class=\"elementor-widget-wrap elementor-element-populated\">\n\t\t\t\t\t\t\t\t<div class=\"elementor-element elementor-element-2f2290cd elementor-widget elementor-widget-text-editor\" data-id=\"2f2290cd\" data-element_type=\"widget\" data-widget_type=\"text-editor.default\">\n\t\t\t\t<div class=\"elementor-widget-container\">\n\t\t\t<style>\/*! elementor - v3.10.2 - 29-01-2023 *\/\n.elementor-widget-text-editor.elementor-drop-cap-view-stacked .elementor-drop-cap{background-color:#818a91;color:#fff}.elementor-widget-text-editor.elementor-drop-cap-view-framed .elementor-drop-cap{color:#818a91;border:3px solid;background-color:transparent}.elementor-widget-text-editor:not(.elementor-drop-cap-view-default) .elementor-drop-cap{margin-top:8px}.elementor-widget-text-editor:not(.elementor-drop-cap-view-default) .elementor-drop-cap-letter{width:1em;height:1em}.elementor-widget-text-editor .elementor-drop-cap{float:left;text-align:center;line-height:1;font-size:50px}.elementor-widget-text-editor .elementor-drop-cap-letter{display:inline-block}<\/style>\t\t\t\t<p><strong>-La cita es a partir de las 10:00 horas en el Auditorio del Pol\u00edgono La Ca\u00f1ada <\/strong><\/p><p><strong>Tulancingo, Hgo. 7 de marzo de 2023.-<\/strong>El programa Salud a Tu Alcance se sumar\u00e1 este mi\u00e9rcoles a la conmemoraci\u00f3n del D\u00eda Internacional de la Mujer y para ello se han preparado diversos servicios a su alcance, en la jornada m\u00e9dica que tendr\u00e1 como sede al pol\u00edgono la Ca\u00f1ada.<\/p><p>La referida jornada comenzar\u00e1 a las 10:00 horas y se ofrecer\u00e1n: valoraciones oftalmol\u00f3gicas y nutricionales, as\u00ed como consultas de psicol\u00f3gica y m\u00e9dicas.<\/p><p>Se ha previsto que al menos un centenar de Tulancinguenses, se beneficien de estas jornadas que se encuentran recorriendo el municipio para garantizar el acceso a la salud en zonas de alta vulnerabilidad y aquellos que no cuenten con seguridad social<\/p><p>Con la realizaci\u00f3n de estas jornadas se han detectado enfermedades cr\u00f3nicas no transmisibles como diabetes mellitus, obesidad e hipertensi\u00f3n arterial sist\u00e9mica, prevaleciendo la obesidad abdominal en poblaci\u00f3n juvenil.<\/p><p>Tambi\u00e9n se ha contribuido a la detecci\u00f3n temprana de c\u00e1ncer de mama, en mujeres que desconoc\u00edan su condici\u00f3n.<\/p><p>Salud a Tu Alcance comenz\u00f3 en el municipio el 25 de agosto del 2021 y en una prueba piloto se realiz\u00f3 consulta m\u00e9dica domiciliaria en pacientes postrados y\/ o vulnerables como aquellos en abandono social.<\/p><p>Dada la demanda de la poblaci\u00f3n, en este a\u00f1o, se inauguraron jornadas m\u00e9dicas para los sectores m\u00e1s desprotegidos y esta actividad se realizar\u00e1 una vez al mes.<\/p><p>Al contar con un diagn\u00f3stico situacional, se eval\u00faan los sectores m\u00e1s propicios para canalizar el equipo m\u00e9dico, pero tambi\u00e9n hay disponibilidad de agendar colonias, siempre y cuando se solicite al tel\u00e9fono 7751867269 o por v\u00eda Facebook Salud a Tu Alcance Tulancingo.<\/p><p>En esta administraci\u00f3n, se han otorgado m\u00e1s de 2 mil 300 consultas principalmente a embarazadas sin control prenatal, pacientes postrados o en abandono social y con las nuevas jornadas se suman pacientes con enfermedades cr\u00f3nicas no transmisibles.<\/p>\t\t\t\t\t\t<\/div>\n\t\t\t\t<\/div>\n\t\t\t\t\t<\/div>\n\t\t<\/div>\n\t\t\t\t\t\t\t<\/div>\n\t\t<\/section>\n\t\t\t\t\t\t\t<\/div>\n\t\t","protected":false},"excerpt":{"rendered":"<p>-La cita es a partir de las 10:00 horas en el Auditorio del Pol\u00edgono La Ca\u00f1ada Tulancingo, Hgo. 7 de marzo de 2023.-El programa Salud a Tu Alcance se sumar\u00e1 este mi\u00e9rcoles a la conmemoraci\u00f3n del D\u00eda Internacional de la Mujer y para ello se han preparado diversos servicios a su alcance, en la jornada [&hellip;]<\/p>\n","protected":false},"author":1,"featured_media":3461,"comment_status":"closed","ping_status":"closed","sticky":false,"template":"","format":"standard","meta":[],"categories":[9,5],"tags":[],"_links":{"self":[{"href":"https:\/\/www.diarionoti7.com.mx\/index.php?rest_route=\/wp\/v2\/posts\/3459"}],"collection":[{"href":"https:\/\/www.diarionoti7.com.mx\/index.php?rest_route=\/wp\/v2\/posts"}],"about":[{"href":"https:\/\/www.diarionoti7.com.mx\/index.php?rest_route=\/wp\/v2\/types\/post"}],"author":[{"embeddable":true,"href":"https:\/\/www.diarionoti7.com.mx\/index.php?rest_route=\/wp\/v2\/users\/1"}],"replies":[{"embeddable":true,"href":"https:\/\/www.diarionoti7.com.mx\/index.php?rest_route=%2Fwp%2Fv2%2Fcomments&post=3459"}],"version-history":[{"count":4,"href":"https:\/\/www.diarionoti7.com.mx\/index.php?rest_route=\/wp\/v2\/posts\/3459\/revisions"}],"predecessor-version":[{"id":3464,"href":"https:\/\/www.diarionoti7.com.mx\/index.php?rest_route=\/wp\/v2\/posts\/3459\/revisions\/3464"}],"wp:featuredmedia":[{"embeddable":true,"href":"https:\/\/www.diarionoti7.com.mx\/index.php?rest_route=\/wp\/v2\/media\/3461"}],"wp:attachment":[{"href":"https:\/\/www.diarionoti7.com.mx\/index.php?rest_route=%2Fwp%2Fv2%2Fmedia&parent=3459"}],"wp:term":[{"taxonomy":"category","embeddable":true,"href":"https:\/\/www.diarionoti7.com.mx\/index.php?rest_route=%2Fwp%2Fv2%2Fcategories&post=3459"},{"taxonomy":"post_tag","embeddable":true,"href":"https:\/\/www.diarionoti7.com.mx\/index.php?rest_route=%2Fwp%2Fv2%2Ftags&post=3459"}],"curies":[{"name":"wp","href":"https:\/\/api.w.org\/{rel}","templated":true}]}}