{"id":3453,"date":"2023-03-08T17:23:50","date_gmt":"2023-03-08T17:23:50","guid":{"rendered":"https:\/\/www.diarionoti7.com.mx\/?p=3453"},"modified":"2023-03-08T17:24:47","modified_gmt":"2023-03-08T17:24:47","slug":"coordinara-la-eleccion-de-rectora-o-rector-para-el-periodo-2023-2029-la-junta-de-gobierno-de-la-uaeh","status":"publish","type":"post","link":"https:\/\/www.diarionoti7.com.mx\/?p=3453","title":{"rendered":"Coordinar\u00e1 la Elecci\u00f3n de Rectora o Rector Para el Periodo 2023-2029 la Junta de Gobierno  de la UAEH"},"content":{"rendered":"\t\t<div data-elementor-type=\"wp-post\" data-elementor-id=\"3453\" class=\"elementor elementor-3453\">\n\t\t\t\t\t\t\t\t\t<section class=\"elementor-section elementor-top-section elementor-element elementor-element-51c23a4c elementor-section-boxed elementor-section-height-default elementor-section-height-default\" data-id=\"51c23a4c\" data-element_type=\"section\">\n\t\t\t\t\t\t<div class=\"elementor-container elementor-column-gap-default\">\n\t\t\t\t\t<div class=\"elementor-column elementor-col-100 elementor-top-column elementor-element elementor-element-7d2e0b6e\" data-id=\"7d2e0b6e\" data-element_type=\"column\">\n\t\t\t<div class=\"elementor-widget-wrap elementor-element-populated\">\n\t\t\t\t\t\t\t\t<div class=\"elementor-element elementor-element-2f2290cd elementor-widget elementor-widget-text-editor\" data-id=\"2f2290cd\" data-element_type=\"widget\" data-widget_type=\"text-editor.default\">\n\t\t\t\t<div class=\"elementor-widget-container\">\n\t\t\t<style>\/*! elementor - v3.10.2 - 29-01-2023 *\/\n.elementor-widget-text-editor.elementor-drop-cap-view-stacked .elementor-drop-cap{background-color:#818a91;color:#fff}.elementor-widget-text-editor.elementor-drop-cap-view-framed .elementor-drop-cap{color:#818a91;border:3px solid;background-color:transparent}.elementor-widget-text-editor:not(.elementor-drop-cap-view-default) .elementor-drop-cap{margin-top:8px}.elementor-widget-text-editor:not(.elementor-drop-cap-view-default) .elementor-drop-cap-letter{width:1em;height:1em}.elementor-widget-text-editor .elementor-drop-cap{float:left;text-align:center;line-height:1;font-size:50px}.elementor-widget-text-editor .elementor-drop-cap-letter{display:inline-block}<\/style>\t\t\t\t<p><strong>*Se Erigi\u00f3 en \u00d3rgano Electoral y rinde protesta y emitira la convocatoria <\/strong><\/p><p><strong>Pachuca, Higo. 7 de Marzo 2023.- &#8211;<\/strong> Con base en la Ley Org\u00e1nica y el Estatuto General de la Universidad Aut\u00f3noma del Estado de Hidalgo (UAEH), este martes 07 de marzo rindi\u00f3 protesta la nueva Junta de Gobierno ante integrantes en funci\u00f3n, misma que ser\u00e1 la autoridad encargada del proceso de elecci\u00f3n y de emitir la convocatoria para determinar qui\u00e9n encabezar\u00e1 la Rector\u00eda de esta casa de estudios durante el periodo 2023-2029.<\/p><p>Conforme al art\u00edculo 23 de la Ley Org\u00e1nica, en sesi\u00f3n extraordinaria del Honorable Consejo Universitario, m\u00e1xima autoridad de la Aut\u00f3noma de Hidalgo, a partir de hoy la Junta de Gobierno qued\u00f3 constituida por el rector Octavio Castillo Acosta, como presidente; el secretario general, Julio C\u00e9sar Leines Med\u00e9cigo; los l\u00edderes de los sindicatos de Personal Acad\u00e9mico (SPAUAEH) y \u00danico de Trabajadores y Empleados (SUTEUAEH), Agust\u00edn Sosa Castel\u00e1n y Norma Ba\u00f1os Hern\u00e1ndez, respectivamente; el presidente del Consejo Estudiantil Universitario del Estado de Hidalgo (CEUEH), Jos\u00e9 Esteban Rodr\u00edguez D\u00e1vila; y los ex rectores Juan Manuel Menes Llaguno, Juan Alberto Flores \u00c1lvarez, Juan Manuel Camacho Bertr\u00e1n, Humberto Veras Godoy y Adolfo Pontigo Loyola.<\/p><p>De esta manera, el decano de la Aut\u00f3noma de Hidalgo, No\u00e9 Chapa Guti\u00e9rrez, fue el encargado de tomar protesta a los nuevos integrantes de la Junta de Gobierno, la cual se erigi\u00f3 en \u00d3rgano Electoral con el fin de coordinar la elecci\u00f3n de rectora o rector para el periodo 2023-2029. Dicha Junta sesionar\u00e1 en la Sala de Consejo Acad\u00e9mico, localizada en el Centro Cultural Universitario \u201cLa Garza\u201d.<\/p><p>Lo anterior est\u00e1 dispuesto por el art\u00edculo 25, fracci\u00f3n segunda, de la Ley Org\u00e1nica, as\u00ed como el art\u00edculo 39, fracci\u00f3n primera y segunda, del Estatuto General de la UAEH. La Junta de Gobierno se encargar\u00e1 de conducir el proceso de elecci\u00f3n de rectora o rector, as\u00ed como formular y publicar la convocatoria para tal efecto.<\/p><p>En el momento en que as\u00ed lo determine, la Junta de Gobierno publicar\u00e1 la convocatoria para elegir rector o rectora en la Garceta, \u00f3rgano informativo oficial de esta casa de estudios, adem\u00e1s de colocarla en todos los planteles y dependencias universitarias para el conocimiento de su comunidad.\u00a0<\/p><p>Es as\u00ed que la Universidad Aut\u00f3noma del Estado de Hidalgo se prepara para comenzar un nuevo periodo en el que se dar\u00e1 continuidad al trabajo que comenz\u00f3 hace m\u00e1s de 30 a\u00f1os y en el que se plantea colocarse entre las mejores 500 universidades del mundo, todo en beneficio de las y los hidalguenses y, por ende, de nuestro pa\u00eds.<\/p>\t\t\t\t\t\t<\/div>\n\t\t\t\t<\/div>\n\t\t\t\t\t<\/div>\n\t\t<\/div>\n\t\t\t\t\t\t\t<\/div>\n\t\t<\/section>\n\t\t\t\t\t\t\t<\/div>\n\t\t","protected":false},"excerpt":{"rendered":"<p>*Se Erigi\u00f3 en \u00d3rgano Electoral y rinde protesta y emitira la convocatoria Pachuca, Higo. 7 de Marzo 2023.- &#8211; Con base en la Ley Org\u00e1nica y el Estatuto General de la Universidad Aut\u00f3noma del Estado de Hidalgo (UAEH), este martes 07 de marzo rindi\u00f3 protesta la nueva Junta de Gobierno ante integrantes en funci\u00f3n, misma [&hellip;]<\/p>\n","protected":false},"author":1,"featured_media":3455,"comment_status":"closed","ping_status":"closed","sticky":false,"template":"","format":"standard","meta":[],"categories":[4],"tags":[],"_links":{"self":[{"href":"https:\/\/www.diarionoti7.com.mx\/index.php?rest_route=\/wp\/v2\/posts\/3453"}],"collection":[{"href":"https:\/\/www.diarionoti7.com.mx\/index.php?rest_route=\/wp\/v2\/posts"}],"about":[{"href":"https:\/\/www.diarionoti7.com.mx\/index.php?rest_route=\/wp\/v2\/types\/post"}],"author":[{"embeddable":true,"href":"https:\/\/www.diarionoti7.com.mx\/index.php?rest_route=\/wp\/v2\/users\/1"}],"replies":[{"embeddable":true,"href":"https:\/\/www.diarionoti7.com.mx\/index.php?rest_route=%2Fwp%2Fv2%2Fcomments&post=3453"}],"version-history":[{"count":4,"href":"https:\/\/www.diarionoti7.com.mx\/index.php?rest_route=\/wp\/v2\/posts\/3453\/revisions"}],"predecessor-version":[{"id":3458,"href":"https:\/\/www.diarionoti7.com.mx\/index.php?rest_route=\/wp\/v2\/posts\/3453\/revisions\/3458"}],"wp:featuredmedia":[{"embeddable":true,"href":"https:\/\/www.diarionoti7.com.mx\/index.php?rest_route=\/wp\/v2\/media\/3455"}],"wp:attachment":[{"href":"https:\/\/www.diarionoti7.com.mx\/index.php?rest_route=%2Fwp%2Fv2%2Fmedia&parent=3453"}],"wp:term":[{"taxonomy":"category","embeddable":true,"href":"https:\/\/www.diarionoti7.com.mx\/index.php?rest_route=%2Fwp%2Fv2%2Fcategories&post=3453"},{"taxonomy":"post_tag","embeddable":true,"href":"https:\/\/www.diarionoti7.com.mx\/index.php?rest_route=%2Fwp%2Fv2%2Ftags&post=3453"}],"curies":[{"name":"wp","href":"https:\/\/api.w.org\/{rel}","templated":true}]}}