{"id":3441,"date":"2023-03-08T17:21:13","date_gmt":"2023-03-08T17:21:13","guid":{"rendered":"https:\/\/www.diarionoti7.com.mx\/?p=3441"},"modified":"2023-03-08T17:22:28","modified_gmt":"2023-03-08T17:22:28","slug":"hidalgo-recibira-en-casa-judo-el-macro-regional-de-la-disciplina-con-27-seleccionados-hidalguenses","status":"publish","type":"post","link":"https:\/\/www.diarionoti7.com.mx\/?p=3441","title":{"rendered":"Hidalgo Recibir\u00e1 en Casa Judo el Macro Regional de La Disciplina Con 27 Seleccionados Hidalguenses"},"content":{"rendered":"\t\t<div data-elementor-type=\"wp-post\" data-elementor-id=\"3441\" class=\"elementor elementor-3441\">\n\t\t\t\t\t\t\t\t\t<section class=\"elementor-section elementor-top-section elementor-element elementor-element-51c23a4c elementor-section-boxed elementor-section-height-default elementor-section-height-default\" data-id=\"51c23a4c\" data-element_type=\"section\">\n\t\t\t\t\t\t<div class=\"elementor-container elementor-column-gap-default\">\n\t\t\t\t\t<div class=\"elementor-column elementor-col-100 elementor-top-column elementor-element elementor-element-7d2e0b6e\" data-id=\"7d2e0b6e\" data-element_type=\"column\">\n\t\t\t<div class=\"elementor-widget-wrap elementor-element-populated\">\n\t\t\t\t\t\t\t\t<div class=\"elementor-element elementor-element-2f2290cd elementor-widget elementor-widget-text-editor\" data-id=\"2f2290cd\" data-element_type=\"widget\" data-widget_type=\"text-editor.default\">\n\t\t\t\t<div class=\"elementor-widget-container\">\n\t\t\t<style>\/*! elementor - v3.10.2 - 29-01-2023 *\/\n.elementor-widget-text-editor.elementor-drop-cap-view-stacked .elementor-drop-cap{background-color:#818a91;color:#fff}.elementor-widget-text-editor.elementor-drop-cap-view-framed .elementor-drop-cap{color:#818a91;border:3px solid;background-color:transparent}.elementor-widget-text-editor:not(.elementor-drop-cap-view-default) .elementor-drop-cap{margin-top:8px}.elementor-widget-text-editor:not(.elementor-drop-cap-view-default) .elementor-drop-cap-letter{width:1em;height:1em}.elementor-widget-text-editor .elementor-drop-cap{float:left;text-align:center;line-height:1;font-size:50px}.elementor-widget-text-editor .elementor-drop-cap-letter{display:inline-block}<\/style>\t\t\t\t<p><strong>*Se \u00a0verificara del 17 a 19 de marzo en La Floresta de Tulancingo.<\/strong><\/p><p><strong>Tulancingo de Bravo, Hgo., 7 de marzo de 2023.-<\/strong>As\u00ed se comunic\u00f3 durante la conferencia de prensa que tuvo como sede al corredor cultural del ferrocarril y en donde se cont\u00f3 con representatividad del Gobierno Estatal con el subsecretario de Turismo Salvador Navarrete Zorrilla y como anfitriones al secretario de Desarrollo Econ\u00f3mico de Tulancingo Juan Garc\u00eda Melo y la directora de Turismo Yolanda Vera Melo.<\/p><p>Organizadores del festival estimaron que asistir\u00e1n a esta cita gastron\u00f3mica, m\u00e1s de 20 mil visitantes y el reto es conquistar los paladares m\u00e1s exigentes.<\/p><p>Durante la presentaci\u00f3n del festival, se subray\u00f3 que seguido del comercio, el segundo motivo de visita a Tulancingo, es por su amplia oferta de alimentos, bebidas y postres que conjugan la tradici\u00f3n y la innovaci\u00f3n.<\/p><p>Se afirm\u00f3 que el Gobierno Municipal de Tulancingo le ha apostado fuertemente al turismo gastron\u00f3mico, ya que comer es una de las principales necesidades del ser humano y que mejor que la oferta de alimentos sea la que marque la diferencia y posicione a la ciudad como referente.<\/p><p>El festival gastron\u00f3mico de marzo, se anticip\u00f3 como un evento sin precedente que congregar\u00e1 a talentosos hombres y mujeres que hacen de la cocina un arte.<\/p><p>Se revel\u00f3 que, en el caso de los viajeros, querr\u00e1n regresar a Tulancingo pues adem\u00e1s de barato, se come delicioso.\u00a0<\/p><p>Y como es costumbre, la oferta gastron\u00f3mica tambi\u00e9n ser\u00e1 aderezada con un programa art\u00edstico cultural que incluir\u00e1 una callejoneada, presentaci\u00f3n de encuentros de box, una caravana de VW y muchas m\u00e1s sorpresas.<\/p><p>Se agradeci\u00f3 a Tuxp\u00e1n ser invitado a este festival, con lo cual se generan alianzas para la conformaci\u00f3n de rutas gastron\u00f3micas ofreciendo a los locales\u00a0 y visitantes\u00a0 una mezcla de aventuras y sabores.<\/p><p>Es encargo del presidente Jorge M\u00e1rquez Alvarado, que Tulancingo en su calidad de pueblo con sabor, forje nuevos caminos culinarios, pero sin dejar de celebrar, enaltecer y promover sus platillos tradicionales.<\/p>\t\t\t\t\t\t<\/div>\n\t\t\t\t<\/div>\n\t\t\t\t\t<\/div>\n\t\t<\/div>\n\t\t\t\t\t\t\t<\/div>\n\t\t<\/section>\n\t\t\t\t\t\t\t<\/div>\n\t\t","protected":false},"excerpt":{"rendered":"<p>*Se \u00a0verificara del 17 a 19 de marzo en La Floresta de Tulancingo. Tulancingo de Bravo, Hgo., 7 de marzo de 2023.-As\u00ed se comunic\u00f3 durante la conferencia de prensa que tuvo como sede al corredor cultural del ferrocarril y en donde se cont\u00f3 con representatividad del Gobierno Estatal con el subsecretario de Turismo Salvador Navarrete [&hellip;]<\/p>\n","protected":false},"author":1,"featured_media":3437,"comment_status":"closed","ping_status":"closed","sticky":false,"template":"","format":"standard","meta":[],"categories":[8],"tags":[],"_links":{"self":[{"href":"https:\/\/www.diarionoti7.com.mx\/index.php?rest_route=\/wp\/v2\/posts\/3441"}],"collection":[{"href":"https:\/\/www.diarionoti7.com.mx\/index.php?rest_route=\/wp\/v2\/posts"}],"about":[{"href":"https:\/\/www.diarionoti7.com.mx\/index.php?rest_route=\/wp\/v2\/types\/post"}],"author":[{"embeddable":true,"href":"https:\/\/www.diarionoti7.com.mx\/index.php?rest_route=\/wp\/v2\/users\/1"}],"replies":[{"embeddable":true,"href":"https:\/\/www.diarionoti7.com.mx\/index.php?rest_route=%2Fwp%2Fv2%2Fcomments&post=3441"}],"version-history":[{"count":1,"href":"https:\/\/www.diarionoti7.com.mx\/index.php?rest_route=\/wp\/v2\/posts\/3441\/revisions"}],"predecessor-version":[{"id":3442,"href":"https:\/\/www.diarionoti7.com.mx\/index.php?rest_route=\/wp\/v2\/posts\/3441\/revisions\/3442"}],"wp:featuredmedia":[{"embeddable":true,"href":"https:\/\/www.diarionoti7.com.mx\/index.php?rest_route=\/wp\/v2\/media\/3437"}],"wp:attachment":[{"href":"https:\/\/www.diarionoti7.com.mx\/index.php?rest_route=%2Fwp%2Fv2%2Fmedia&parent=3441"}],"wp:term":[{"taxonomy":"category","embeddable":true,"href":"https:\/\/www.diarionoti7.com.mx\/index.php?rest_route=%2Fwp%2Fv2%2Fcategories&post=3441"},{"taxonomy":"post_tag","embeddable":true,"href":"https:\/\/www.diarionoti7.com.mx\/index.php?rest_route=%2Fwp%2Fv2%2Ftags&post=3441"}],"curies":[{"name":"wp","href":"https:\/\/api.w.org\/{rel}","templated":true}]}}