{"id":3429,"date":"2023-03-08T17:19:08","date_gmt":"2023-03-08T17:19:08","guid":{"rendered":"https:\/\/www.diarionoti7.com.mx\/?p=3429"},"modified":"2023-03-08T17:19:55","modified_gmt":"2023-03-08T17:19:55","slug":"eligira-policia-industrial-bancaria-pibeh-7-subcomandantes-de-region-emite-convocatoria","status":"publish","type":"post","link":"https:\/\/www.diarionoti7.com.mx\/?p=3429","title":{"rendered":"Eligir\u00e1 Policia Industrial Bancaria PIBEH 7 Subcomandantes de Regi\u00f3n, Emite Convocatoria"},"content":{"rendered":"\t\t<div data-elementor-type=\"wp-post\" data-elementor-id=\"3429\" class=\"elementor elementor-3429\">\n\t\t\t\t\t\t\t\t\t<section class=\"elementor-section elementor-top-section elementor-element elementor-element-51c23a4c elementor-section-boxed elementor-section-height-default elementor-section-height-default\" data-id=\"51c23a4c\" data-element_type=\"section\">\n\t\t\t\t\t\t<div class=\"elementor-container elementor-column-gap-default\">\n\t\t\t\t\t<div class=\"elementor-column elementor-col-100 elementor-top-column elementor-element elementor-element-7d2e0b6e\" data-id=\"7d2e0b6e\" data-element_type=\"column\">\n\t\t\t<div class=\"elementor-widget-wrap elementor-element-populated\">\n\t\t\t\t\t\t\t\t<div class=\"elementor-element elementor-element-2f2290cd elementor-widget elementor-widget-text-editor\" data-id=\"2f2290cd\" data-element_type=\"widget\" data-widget_type=\"text-editor.default\">\n\t\t\t\t<div class=\"elementor-widget-container\">\n\t\t\t<style>\/*! elementor - v3.10.2 - 29-01-2023 *\/\n.elementor-widget-text-editor.elementor-drop-cap-view-stacked .elementor-drop-cap{background-color:#818a91;color:#fff}.elementor-widget-text-editor.elementor-drop-cap-view-framed .elementor-drop-cap{color:#818a91;border:3px solid;background-color:transparent}.elementor-widget-text-editor:not(.elementor-drop-cap-view-default) .elementor-drop-cap{margin-top:8px}.elementor-widget-text-editor:not(.elementor-drop-cap-view-default) .elementor-drop-cap-letter{width:1em;height:1em}.elementor-widget-text-editor .elementor-drop-cap{float:left;text-align:center;line-height:1;font-size:50px}.elementor-widget-text-editor .elementor-drop-cap-letter{display:inline-block}<\/style>\t\t\t\t<p><strong>*Podr\u00e1n participar mujeres y hombres con cualquier jerarqu\u00eda, que tengan por lo menos dos a\u00f1os de antig\u00fcedad en la corporaci\u00f3n y con bachillerato concluido<\/strong><\/p><p><strong>*La publicaci\u00f3n de los resultados ser\u00e1 el 26 de mayo<\/strong><\/p><p><strong>Pachuca, Hgo. 7 de marzo de 2023.-<\/strong>El titular de la Polic\u00eda Industrial Bancaria del Estado de Hidalgo, Francisco Mart\u00ednez G\u00f3mez, emiti\u00f3 la primera convocatoria de este 2023, para la ocupaci\u00f3n del nivel de Subcomandante de Regi\u00f3n, mediante la cual se ofertan un total de siete plazas, es decir, una para cada una de las regiones de Actopan, Tepeji, Tula, Tulancingo, Tizayuca, Huejutla y Ciudad Sahag\u00fan.<\/p><p>El objetivo de la convocatoria es contribuir al desarrollo profesional del personal operativo que integra este organismo policial a las expectativas de crecimiento y las necesidades de operatividad institucionales, de conformidad con los principios constitucionales de legalidad, objetividad, eficiencia, honradez, profesionalismo y respeto a los derechos humanos.<\/p><p>En esta ocasi\u00f3n podr\u00e1n participar mujeres y hombres con cualquier jerarqu\u00eda, que tengan por lo menos dos a\u00f1os de antig\u00fcedad en la corporaci\u00f3n y con bachillerato concluido, mismos que deber\u00e1n solicitar su registro para participar en cada comandancia regional o en la Subdirecci\u00f3n de Recursos Humanos del organismo, entre el 13 y el 17 de marzo de 2023, ya sea de manera telef\u00f3nica o v\u00eda correo electr\u00f3nico.<\/p><p>El director general de la Polic\u00eda Industrial Bancaria dio a conocer que los aspirantes recibir\u00e1n un folio de inscripci\u00f3n y una gu\u00eda de estudio, mismos que les servir\u00e1n para participar en el proceso de evaluaci\u00f3n que consta de 2 fases; la primera que contempla la de conocimientos y la psicol\u00f3gica, las cuales de no ser acreditadas imposibilitan a continuar con el proceso de evaluaci\u00f3n.<\/p><p>Y la segunda etapa que consta de 5 evaluaciones que son: rendimiento f\u00edsico, manejo a la defensiva, comprensi\u00f3n de an\u00e1lisis de riesgo, conocimiento del armamento, puesta a disposici\u00f3n, pr\u00e1ctica de tiro y don de mando, a las que se<\/p><p>sumar\u00e1 la calificaci\u00f3n de 4 factores como los antecedentes disciplinarios, escolaridad, antig\u00fcedad, capacitaciones, diplomados y certificaciones.<\/p><p>Con respecto a la evaluaci\u00f3n de conocimientos Francisco Mart\u00ednez G\u00f3mez, adelant\u00f3 que esta ser\u00e1 el d\u00eda 3 de abril, en tanto que la psicol\u00f3gica se aplicar\u00e1 en dos etapas, el test que se efectuar\u00e1 los d\u00edas 10 y 11 de abril y la de entrevista que se llevar\u00e1 a cabo los d\u00edas 17 y 18 de abril.<\/p><p>Mientras que la evaluaci\u00f3n de rendimiento f\u00edsico se realizar\u00e1 el s\u00e1bado 22 de abril, la de manejo tendr\u00e1 verificativo los d\u00edas 27 y 28 de abril; la de armamento el jueves 04 y viernes 05 de mayo; la de puesta a disposici\u00f3n el jueves 11 y viernes 12 de mayo y la de imagen policial y don de mando los d\u00edas jueves 18 y viernes 19 de mayo; mientras que la publicaci\u00f3n de los resultados ser\u00e1 el 26 de mayo.<\/p><p>Es preciso manifestar que el Comit\u00e9 de Evaluaci\u00f3n estar\u00e1 integrado por el director general y los titulares de las direcciones de administraci\u00f3n, operativa, jur\u00eddica y finanzas, quienes analizar\u00e1n y evaluar\u00e1n los resultados obtenidos en el proceso de las y los sustentantes, ya que el resultado ser\u00e1 inapelable.<\/p><p><strong>\u00a0<\/strong><\/p>\t\t\t\t\t\t<\/div>\n\t\t\t\t<\/div>\n\t\t\t\t\t<\/div>\n\t\t<\/div>\n\t\t\t\t\t\t\t<\/div>\n\t\t<\/section>\n\t\t\t\t\t\t\t<\/div>\n\t\t","protected":false},"excerpt":{"rendered":"<p>*Podr\u00e1n participar mujeres y hombres con cualquier jerarqu\u00eda, que tengan por lo menos dos a\u00f1os de antig\u00fcedad en la corporaci\u00f3n y con bachillerato concluido *La publicaci\u00f3n de los resultados ser\u00e1 el 26 de mayo Pachuca, Hgo. 7 de marzo de 2023.-El titular de la Polic\u00eda Industrial Bancaria del Estado de Hidalgo, Francisco Mart\u00ednez G\u00f3mez, emiti\u00f3 [&hellip;]<\/p>\n","protected":false},"author":1,"featured_media":3431,"comment_status":"closed","ping_status":"closed","sticky":false,"template":"","format":"standard","meta":[],"categories":[22],"tags":[],"_links":{"self":[{"href":"https:\/\/www.diarionoti7.com.mx\/index.php?rest_route=\/wp\/v2\/posts\/3429"}],"collection":[{"href":"https:\/\/www.diarionoti7.com.mx\/index.php?rest_route=\/wp\/v2\/posts"}],"about":[{"href":"https:\/\/www.diarionoti7.com.mx\/index.php?rest_route=\/wp\/v2\/types\/post"}],"author":[{"embeddable":true,"href":"https:\/\/www.diarionoti7.com.mx\/index.php?rest_route=\/wp\/v2\/users\/1"}],"replies":[{"embeddable":true,"href":"https:\/\/www.diarionoti7.com.mx\/index.php?rest_route=%2Fwp%2Fv2%2Fcomments&post=3429"}],"version-history":[{"count":4,"href":"https:\/\/www.diarionoti7.com.mx\/index.php?rest_route=\/wp\/v2\/posts\/3429\/revisions"}],"predecessor-version":[{"id":3434,"href":"https:\/\/www.diarionoti7.com.mx\/index.php?rest_route=\/wp\/v2\/posts\/3429\/revisions\/3434"}],"wp:featuredmedia":[{"embeddable":true,"href":"https:\/\/www.diarionoti7.com.mx\/index.php?rest_route=\/wp\/v2\/media\/3431"}],"wp:attachment":[{"href":"https:\/\/www.diarionoti7.com.mx\/index.php?rest_route=%2Fwp%2Fv2%2Fmedia&parent=3429"}],"wp:term":[{"taxonomy":"category","embeddable":true,"href":"https:\/\/www.diarionoti7.com.mx\/index.php?rest_route=%2Fwp%2Fv2%2Fcategories&post=3429"},{"taxonomy":"post_tag","embeddable":true,"href":"https:\/\/www.diarionoti7.com.mx\/index.php?rest_route=%2Fwp%2Fv2%2Ftags&post=3429"}],"curies":[{"name":"wp","href":"https:\/\/api.w.org\/{rel}","templated":true}]}}