{"id":3423,"date":"2023-03-08T17:17:02","date_gmt":"2023-03-08T17:17:02","guid":{"rendered":"https:\/\/www.diarionoti7.com.mx\/?p=3423"},"modified":"2023-03-08T17:22:08","modified_gmt":"2023-03-08T17:22:08","slug":"ssph-ha-efectuado-mas-de-6-mil-acciones-de-orientacion-y-auxilio-en-beneficio-de-mujeres-ninas-y-adolescentes","status":"publish","type":"post","link":"https:\/\/www.diarionoti7.com.mx\/?p=3423","title":{"rendered":"SSPH Ha Efectuado M\u00e1s De 6 Mil Acciones de Orientaci\u00f3n y Auxilio en Beneficio de Mujeres, Ni\u00f1as y Adolescentes"},"content":{"rendered":"\t\t<div data-elementor-type=\"wp-post\" data-elementor-id=\"3423\" class=\"elementor elementor-3423\">\n\t\t\t\t\t\t\t\t\t<section class=\"elementor-section elementor-top-section elementor-element elementor-element-51c23a4c elementor-section-boxed elementor-section-height-default elementor-section-height-default\" data-id=\"51c23a4c\" data-element_type=\"section\">\n\t\t\t\t\t\t<div class=\"elementor-container elementor-column-gap-default\">\n\t\t\t\t\t<div class=\"elementor-column elementor-col-100 elementor-top-column elementor-element elementor-element-7d2e0b6e\" data-id=\"7d2e0b6e\" data-element_type=\"column\">\n\t\t\t<div class=\"elementor-widget-wrap elementor-element-populated\">\n\t\t\t\t\t\t\t\t<div class=\"elementor-element elementor-element-2f2290cd elementor-widget elementor-widget-text-editor\" data-id=\"2f2290cd\" data-element_type=\"widget\" data-widget_type=\"text-editor.default\">\n\t\t\t\t<div class=\"elementor-widget-container\">\n\t\t\t<style>\/*! elementor - v3.10.2 - 29-01-2023 *\/\n.elementor-widget-text-editor.elementor-drop-cap-view-stacked .elementor-drop-cap{background-color:#818a91;color:#fff}.elementor-widget-text-editor.elementor-drop-cap-view-framed .elementor-drop-cap{color:#818a91;border:3px solid;background-color:transparent}.elementor-widget-text-editor:not(.elementor-drop-cap-view-default) .elementor-drop-cap{margin-top:8px}.elementor-widget-text-editor:not(.elementor-drop-cap-view-default) .elementor-drop-cap-letter{width:1em;height:1em}.elementor-widget-text-editor .elementor-drop-cap{float:left;text-align:center;line-height:1;font-size:50px}.elementor-widget-text-editor .elementor-drop-cap-letter{display:inline-block}<\/style>\t\t\t\t<p><strong>*Hidalgo competir\u00e1 en las categor\u00edas sub 15, 18 y 21.<\/strong><\/p><p><strong>*Los judocas clasificados a la etapa nacional, viajaran a la sede de Tabasco.<\/strong><\/p><p><strong>Pachuca, Hgo. 7 de marzo de 2023.-<\/strong>En busca de los boletos nacionales, judo albergar\u00e1 en casa la etapa macro regional de la disciplina, donde recibir\u00e1 a Campeche, Chiapas, Oaxaca, Puebla, Quintana Roo, Tabasco, Veracruz, Yucat\u00e1n, la Universidad Nacional Aut\u00f3noma de M\u00e9xico (UNAM) y el Instituto Mexicano del Seguro Social.<\/p><p>Hidalgo, participar\u00e1 con 27 seleccionados, quienes se reparten en las categor\u00edas sub 15, 18 y 21, teniendo dentro de la lista a Kelly Astrid Olvera -40, Linda Pamela Hern\u00e1ndez -44, Romina Alc\u00e1ntara -64, Emiliano Barr\u00f3n -48, Alan Serralde -53 y Jos\u00e9 Miguel Castillo +64 kilogramos, en la sub 15.<\/p><p>Por su parte, en la sub 18, los hidalguenses Cynthia Rubio -43, Kali Olvera -48, Mariana Flores -52, Mitzi Gayosso -57, Amaya Marige Hern\u00e1ndez -60, Alberto Gayosso -50, V\u00edctor Mart\u00ednez -55, Ra\u00fal Hern\u00e1ndez -60, H\u00e9ctor Daniel Islas -60 y Rams\u00e9s Enrique Aguilar -90 kilogramos, buscar\u00e1n su clasificaci\u00f3n nacional.<\/p><p>Diana Santana en los -48, Karol Olvera -52, Marcela Garc\u00eda -70, Mar\u00eda de Guadalupe M\u00e1rquez +78, Emiliano Rubio y Juan Manuel Mart\u00ednez en -60, Daniel Alc\u00e1ntara -66, Alexis Eduardo Espinoza -73, Jos\u00e9 Sebasti\u00e1n Islas -81 y Guillermo Guti\u00e9rrez en los -90 kilogramos, representar\u00e1n al estado en la sub 21.<\/p><p>Bajo la direcci\u00f3n de Ver\u00f3nica Pasten, presidenta de la Asociaci\u00f3n Hidalguense de Judo, los atletas buscar\u00e1n volver hacer historia en la m\u00e1xima justa nacional.<\/p>\t\t\t\t\t\t<\/div>\n\t\t\t\t<\/div>\n\t\t\t\t\t<\/div>\n\t\t<\/div>\n\t\t\t\t\t\t\t<\/div>\n\t\t<\/section>\n\t\t\t\t\t\t\t<\/div>\n\t\t","protected":false},"excerpt":{"rendered":"<p>*Hidalgo competir\u00e1 en las categor\u00edas sub 15, 18 y 21. *Los judocas clasificados a la etapa nacional, viajaran a la sede de Tabasco. Pachuca, Hgo. 7 de marzo de 2023.-En busca de los boletos nacionales, judo albergar\u00e1 en casa la etapa macro regional de la disciplina, donde recibir\u00e1 a Campeche, Chiapas, Oaxaca, Puebla, Quintana Roo, [&hellip;]<\/p>\n","protected":false},"author":1,"featured_media":3443,"comment_status":"closed","ping_status":"closed","sticky":false,"template":"","format":"standard","meta":[],"categories":[22],"tags":[],"_links":{"self":[{"href":"https:\/\/www.diarionoti7.com.mx\/index.php?rest_route=\/wp\/v2\/posts\/3423"}],"collection":[{"href":"https:\/\/www.diarionoti7.com.mx\/index.php?rest_route=\/wp\/v2\/posts"}],"about":[{"href":"https:\/\/www.diarionoti7.com.mx\/index.php?rest_route=\/wp\/v2\/types\/post"}],"author":[{"embeddable":true,"href":"https:\/\/www.diarionoti7.com.mx\/index.php?rest_route=\/wp\/v2\/users\/1"}],"replies":[{"embeddable":true,"href":"https:\/\/www.diarionoti7.com.mx\/index.php?rest_route=%2Fwp%2Fv2%2Fcomments&post=3423"}],"version-history":[{"count":7,"href":"https:\/\/www.diarionoti7.com.mx\/index.php?rest_route=\/wp\/v2\/posts\/3423\/revisions"}],"predecessor-version":[{"id":3446,"href":"https:\/\/www.diarionoti7.com.mx\/index.php?rest_route=\/wp\/v2\/posts\/3423\/revisions\/3446"}],"wp:featuredmedia":[{"embeddable":true,"href":"https:\/\/www.diarionoti7.com.mx\/index.php?rest_route=\/wp\/v2\/media\/3443"}],"wp:attachment":[{"href":"https:\/\/www.diarionoti7.com.mx\/index.php?rest_route=%2Fwp%2Fv2%2Fmedia&parent=3423"}],"wp:term":[{"taxonomy":"category","embeddable":true,"href":"https:\/\/www.diarionoti7.com.mx\/index.php?rest_route=%2Fwp%2Fv2%2Fcategories&post=3423"},{"taxonomy":"post_tag","embeddable":true,"href":"https:\/\/www.diarionoti7.com.mx\/index.php?rest_route=%2Fwp%2Fv2%2Ftags&post=3423"}],"curies":[{"name":"wp","href":"https:\/\/api.w.org\/{rel}","templated":true}]}}