{"id":3398,"date":"2023-03-08T03:59:29","date_gmt":"2023-03-08T03:59:29","guid":{"rendered":"https:\/\/www.diarionoti7.com.mx\/?p=3398"},"modified":"2023-03-08T04:00:35","modified_gmt":"2023-03-08T04:00:35","slug":"morena-propone-visibilizar-a-la-gerontologia-como-actividad-profesional-que-tiene-como-objetivo-el-estudio-del-proceso-de-envejecimiento","status":"publish","type":"post","link":"https:\/\/www.diarionoti7.com.mx\/?p=3398","title":{"rendered":"Morena Propone Visibilizar a la Gerontolog\u00eda Como Actividad Profesional Que Tiene Como Objetivo el Estudio del Proceso de Envejecimiento"},"content":{"rendered":"\t\t<div data-elementor-type=\"wp-post\" data-elementor-id=\"3398\" class=\"elementor elementor-3398\">\n\t\t\t\t\t\t\t\t\t<section class=\"elementor-section elementor-top-section elementor-element elementor-element-51c23a4c elementor-section-boxed elementor-section-height-default elementor-section-height-default\" data-id=\"51c23a4c\" data-element_type=\"section\">\n\t\t\t\t\t\t<div class=\"elementor-container elementor-column-gap-default\">\n\t\t\t\t\t<div class=\"elementor-column elementor-col-100 elementor-top-column elementor-element elementor-element-7d2e0b6e\" data-id=\"7d2e0b6e\" data-element_type=\"column\">\n\t\t\t<div class=\"elementor-widget-wrap elementor-element-populated\">\n\t\t\t\t\t\t\t\t<div class=\"elementor-element elementor-element-2f2290cd elementor-widget elementor-widget-text-editor\" data-id=\"2f2290cd\" data-element_type=\"widget\" data-widget_type=\"text-editor.default\">\n\t\t\t\t<div class=\"elementor-widget-container\">\n\t\t\t<style>\/*! elementor - v3.10.2 - 29-01-2023 *\/\n.elementor-widget-text-editor.elementor-drop-cap-view-stacked .elementor-drop-cap{background-color:#818a91;color:#fff}.elementor-widget-text-editor.elementor-drop-cap-view-framed .elementor-drop-cap{color:#818a91;border:3px solid;background-color:transparent}.elementor-widget-text-editor:not(.elementor-drop-cap-view-default) .elementor-drop-cap{margin-top:8px}.elementor-widget-text-editor:not(.elementor-drop-cap-view-default) .elementor-drop-cap-letter{width:1em;height:1em}.elementor-widget-text-editor .elementor-drop-cap{float:left;text-align:center;line-height:1;font-size:50px}.elementor-widget-text-editor .elementor-drop-cap-letter{display:inline-block}<\/style>\t\t\t\t<p><strong>Pachuca, Hgo. 6 de marzo de 2023.- <\/strong>El diputado del partido Movimiento de Regeneraci\u00f3n Nacional, Timoteo L\u00f3pez P\u00e9rez, dio a conocer la iniciativa por el que se reforma y adiciona el art\u00edculo 12 Bis de la Ley de Salud de Hidalgo.<\/p><p>El objetivo, dijo, es visibilizar a la gerontolog\u00eda como una actividad profesional que tiene como objetivo el estudio del proceso de envejecimiento en toda su extensi\u00f3n.<\/p><p>Por su parte, la diputada morenista, Sharon Macotela Cisneros, present\u00f3 al Pleno la iniciativa en la que se agrega la fracci\u00f3n XVIII al art\u00edculo siete de la Ley de Derechos a las Personas Adultas Mayores de Hidalgo.<\/p><p>Lo anterior con el objetivo de crear y difundir programas de activaci\u00f3n f\u00edsica adecuada, con el fin de impulsar el libre desarrollo psicomotriz.<\/p><p>El diputado, Miguel \u00c1ngel Mart\u00ednez G\u00f3mez, representante partidista del Partido de la Revoluci\u00f3n Democr\u00e1tica (PRD), dio a conocer la iniciativa que reforma y adiciona el art\u00edculo 61 de la Ley Integral para las Personas con Discapacidad de Hidalgo.<\/p><p>La propuesta, explic\u00f3, busca legislar a efecto de que nuestras leyes para personas con discapacidad cuenten con personal especializado en impartici\u00f3n de justicia, as\u00ed como formatos en escritura braille y formato de lectura f\u00e1cil, esto con la finalidad de lograr una verdadera inclusi\u00f3n.<\/p><p>Tania Valdez Cuellar, diputada integrante del Grupo Legislativo del Partido del Trabajo, present\u00f3 la iniciativa con proyecto de decreto por el que se adiciona la fracci\u00f3n XVIII Bis del art\u00edculo 4 de la Ley de Adquisiciones, Arrendamientos y Servicios del sector p\u00fablico para incluir el m\u00e9todo de evaluaci\u00f3n costo-eficiencia en los procesos de contrataciones p\u00fablicas de la administraci\u00f3n p\u00fablica de hidalgo.<\/p>\t\t\t\t\t\t<\/div>\n\t\t\t\t<\/div>\n\t\t\t\t\t<\/div>\n\t\t<\/div>\n\t\t\t\t\t\t\t<\/div>\n\t\t<\/section>\n\t\t\t\t\t\t\t<\/div>\n\t\t","protected":false},"excerpt":{"rendered":"<p>Pachuca, Hgo. 6 de marzo de 2023.- El diputado del partido Movimiento de Regeneraci\u00f3n Nacional, Timoteo L\u00f3pez P\u00e9rez, dio a conocer la iniciativa por el que se reforma y adiciona el art\u00edculo 12 Bis de la Ley de Salud de Hidalgo. El objetivo, dijo, es visibilizar a la gerontolog\u00eda como una actividad profesional que tiene [&hellip;]<\/p>\n","protected":false},"author":1,"featured_media":3400,"comment_status":"closed","ping_status":"closed","sticky":false,"template":"","format":"standard","meta":[],"categories":[7],"tags":[],"_links":{"self":[{"href":"https:\/\/www.diarionoti7.com.mx\/index.php?rest_route=\/wp\/v2\/posts\/3398"}],"collection":[{"href":"https:\/\/www.diarionoti7.com.mx\/index.php?rest_route=\/wp\/v2\/posts"}],"about":[{"href":"https:\/\/www.diarionoti7.com.mx\/index.php?rest_route=\/wp\/v2\/types\/post"}],"author":[{"embeddable":true,"href":"https:\/\/www.diarionoti7.com.mx\/index.php?rest_route=\/wp\/v2\/users\/1"}],"replies":[{"embeddable":true,"href":"https:\/\/www.diarionoti7.com.mx\/index.php?rest_route=%2Fwp%2Fv2%2Fcomments&post=3398"}],"version-history":[{"count":4,"href":"https:\/\/www.diarionoti7.com.mx\/index.php?rest_route=\/wp\/v2\/posts\/3398\/revisions"}],"predecessor-version":[{"id":3403,"href":"https:\/\/www.diarionoti7.com.mx\/index.php?rest_route=\/wp\/v2\/posts\/3398\/revisions\/3403"}],"wp:featuredmedia":[{"embeddable":true,"href":"https:\/\/www.diarionoti7.com.mx\/index.php?rest_route=\/wp\/v2\/media\/3400"}],"wp:attachment":[{"href":"https:\/\/www.diarionoti7.com.mx\/index.php?rest_route=%2Fwp%2Fv2%2Fmedia&parent=3398"}],"wp:term":[{"taxonomy":"category","embeddable":true,"href":"https:\/\/www.diarionoti7.com.mx\/index.php?rest_route=%2Fwp%2Fv2%2Fcategories&post=3398"},{"taxonomy":"post_tag","embeddable":true,"href":"https:\/\/www.diarionoti7.com.mx\/index.php?rest_route=%2Fwp%2Fv2%2Ftags&post=3398"}],"curies":[{"name":"wp","href":"https:\/\/api.w.org\/{rel}","templated":true}]}}