{"id":3379,"date":"2023-03-08T03:53:43","date_gmt":"2023-03-08T03:53:43","guid":{"rendered":"https:\/\/www.diarionoti7.com.mx\/?p=3379"},"modified":"2023-03-08T03:54:21","modified_gmt":"2023-03-08T03:54:21","slug":"inaugura-infraestructura-la-uaeh-para-contribuir-a-la-transformacion-de-hidalgo","status":"publish","type":"post","link":"https:\/\/www.diarionoti7.com.mx\/?p=3379","title":{"rendered":"Inaugura infraestructura la UAEH Para Contribuir a la Transformaci\u00f3n de Hidalgo"},"content":{"rendered":"\t\t<div data-elementor-type=\"wp-post\" data-elementor-id=\"3379\" class=\"elementor elementor-3379\">\n\t\t\t\t\t\t\t\t\t<section class=\"elementor-section elementor-top-section elementor-element elementor-element-51c23a4c elementor-section-boxed elementor-section-height-default elementor-section-height-default\" data-id=\"51c23a4c\" data-element_type=\"section\">\n\t\t\t\t\t\t<div class=\"elementor-container elementor-column-gap-default\">\n\t\t\t\t\t<div class=\"elementor-column elementor-col-100 elementor-top-column elementor-element elementor-element-7d2e0b6e\" data-id=\"7d2e0b6e\" data-element_type=\"column\">\n\t\t\t<div class=\"elementor-widget-wrap elementor-element-populated\">\n\t\t\t\t\t\t\t\t<div class=\"elementor-element elementor-element-2f2290cd elementor-widget elementor-widget-text-editor\" data-id=\"2f2290cd\" data-element_type=\"widget\" data-widget_type=\"text-editor.default\">\n\t\t\t\t<div class=\"elementor-widget-container\">\n\t\t\t<style>\/*! elementor - v3.10.2 - 29-01-2023 *\/\n.elementor-widget-text-editor.elementor-drop-cap-view-stacked .elementor-drop-cap{background-color:#818a91;color:#fff}.elementor-widget-text-editor.elementor-drop-cap-view-framed .elementor-drop-cap{color:#818a91;border:3px solid;background-color:transparent}.elementor-widget-text-editor:not(.elementor-drop-cap-view-default) .elementor-drop-cap{margin-top:8px}.elementor-widget-text-editor:not(.elementor-drop-cap-view-default) .elementor-drop-cap-letter{width:1em;height:1em}.elementor-widget-text-editor .elementor-drop-cap{float:left;text-align:center;line-height:1;font-size:50px}.elementor-widget-text-editor .elementor-drop-cap-letter{display:inline-block}<\/style>\t\t\t\t<p><strong>* Recorren autoridades universitarias y gubernamentales la Universidad<\/strong><\/p><p><strong>* \u201cLa Universidad de Hidalgo ratifica su compromiso con la sociedad y su alianza con el gobierno para lograr un mejor estado en beneficio de todos los hidalguenses\u201d: rector<\/strong><\/p><p><strong>* \u201cSoy orgullosamente egresado de la Universidad Aut\u00f3noma del Estado de Hidalgo\u201d: gobernador<\/strong><\/p><p><strong>Pachuca de Soto, Hidalgo. \u2013<\/strong> En beneficio de la educaci\u00f3n superior y de la sociedad hidalguense, la Universidad Aut\u00f3noma del Estado de Hidalgo (UAEH) entreg\u00f3 infraestructura de calidad que permitir\u00e1 a la comunidad de esta casa de estudios continuar con su desarrollo acad\u00e9mico y cient\u00edfico, esto en el marco del Sexto Informe de la Administraci\u00f3n Universitaria 2017-2023, as\u00ed como de los 154 a\u00f1os de historia, 75 de autonom\u00eda y 62 de vida de una de las mejores universidades de M\u00e9xico y Am\u00e9rica Latina.<\/p><p>El rector de la UAEH, Octavio Castillo Acosta, en compa\u00f1\u00eda del gobernador constitucional de Hidalgo, Julio Ram\u00f3n Menchaca Salazar; del secretario de Educaci\u00f3n P\u00fablica de la entidad, Natividad Castrej\u00f3n Valdez; y la presidenta del Patronato Universitario, Lidia Garc\u00eda Anaya, realizaron un recorrido por la Escuela Preparatoria N\u00famero 1, la Ciudad Universitaria de Tulancingo, la Unidad Central de Laboratorios y la Torre de Posgrado.<\/p><p>El recorrido comenz\u00f3 en la Escuela Preparatoria N\u00famero 1, en donde las autoridades conocieron la Unidad de Laboratorios de Biolog\u00eda, F\u00edsica y Qu\u00edmica, equipados con alta tecnolog\u00eda alemana. En este sitio, el rector de la Aut\u00f3noma de Hidalgo hizo entrega de un chaleco conmemorativo al gobernador, el cual port\u00f3 durante toda la gira.<\/p><p>Como segundo punto, se visit\u00f3 la Ciudad Universitaria de Tulancingo para inaugurar el segundo m\u00f3dulo de las residencias universitarias, que consta de una planta baja, tres pisos de habitaciones, una terraza, un elevador, adem\u00e1s las \u00e1reas de esparcimiento. Posteriormente, las autoridades se trasladaron al \u00c1rea Acad\u00e9mica de Medicina para mostrar el equipo tecnol\u00f3gico de la m\u00e1s alta calidad que se usa dentro del proceso de ense\u00f1anza aprendizaje, para la pr\u00e1ctica que sin duda aporta un panorama m\u00e1s real al alumnado.<\/p><p>Enseguida, se dirigieron a cortar el list\u00f3n de la segunda etapa del Centro Integral de Servicios Acad\u00e9micos (CISA), donde en la planta alta se concentra espacios din\u00e1micos para aprender un segundo idioma, fomentar el coworking, una sala de producci\u00f3n audiovisual, laboratorios de audio y video, entre otros espacios. Tras esto, acudieron a inaugurar la nueva Cafeter\u00eda Unicaf\u00e9.<\/p><p>Con estos nuevos espacios, se beneficiar\u00e1 a toda la comunidad universitaria del Instituto de Ciencias Agropecuarias (ICAp), as\u00ed como a quienes estudian en el \u00c1rea Acad\u00e9mica de Medicina que se encuentra en el lugar.<\/p><p>Antes de finalizar su visita en ese sitio, las autoridades universitarias y gubernamentales tuvieron una participaci\u00f3n en Radio UAEH Tulancingo 91.1 FM, en la que ofrecieron una entrevista.<\/p><p>&#8220;Yo soy orgullosamente egresado de la Universidad Aut\u00f3noma del Estado de Hidalgo y me siento muy orgulloso del trabajo que han venido haciendo, de los resultados palpables y, adem\u00e1s, de la ubicaci\u00f3n de la Universidad en el esquema nacional e internacional. Hoy hemos visitado \u00e1reas que ser\u00edan la envidia de muchas universidades, siendo \u00e9sta una instituci\u00f3n p\u00fablica que va a contar sin duda con todo el respaldo del gobierno estatal para seguir creciendo, para seguir siendo el soporte acad\u00e9mico fundamental de la generaci\u00f3n de profesionistas de nuestro estado&#8221;.<\/p><p>En tanto, Castillo Acosta reconoci\u00f3 el trabajo de quienes lideran los tres sectores de esta universidad como el estudiantil, el personal y el Patronato Universitario. Asimismo, agradeci\u00f3 de manera anticipada el apoyo que la instituci\u00f3n habr\u00e1 de tener durante el actual gobierno estatal, \u201cas\u00ed pues, la Universidad de Hidalgo ratifica su compromiso con la sociedad y su alianza con el gobierno que encabeza Julio Menchaca, para lograr un mejor estado en beneficio de todos los hidalguenses&#8221;, destac\u00f3 el rector.<\/p><p>Por su parte, el secretario de educaci\u00f3n p\u00fablica en la entidad, Natividad Castrej\u00f3n, refiri\u00f3: &#8220;La Universidad Aut\u00f3noma del Estado Hidalgo es nuestra m\u00e1xima casa de estudios y debe ser el referente para todas las otras instituciones p\u00fablicas con que cuenta el estado y potenciar el desarrollo de Hidalgo, que es lo que m\u00e1s necesitamos, desarrollar el potencial de todos los estudiantes para poder tener ciudadanos con competencias profesionales, con pensamiento global, pero tambi\u00e9n con acciones locales y que podamos hacer lo que el gobernador instruye permanentemente, que entre todos hagamos de Hidalgo una potencia&#8221;.<\/p><p>Mientras, Lidia Garc\u00eda Anaya, presidenta del Patronato Universitario, coment\u00f3 el gusto de escuchar de voz de un egresado Garza, ahora tambi\u00e9n gobernador hidalguense, el reconocimiento del trabajo realizado para que siga creciendo esta casa de estudios. &#8220;Desde el Patronato promovemos la transparencia y la rendici\u00f3n de cuentas, pues precisamente esta es una demostraci\u00f3n de que todos los recursos que se reciben en la UAEH son invertidos de manera responsable; as\u00ed continuaremos con esta pol\u00edtica institucional y de una buena administraci\u00f3n que rinda frutos hacia la sociedad hidalguense y tambi\u00e9n a otros estudiantes que no son hidalguenses\u201d.<\/p>\t\t\t\t\t\t<\/div>\n\t\t\t\t<\/div>\n\t\t\t\t\t<\/div>\n\t\t<\/div>\n\t\t\t\t\t\t\t<\/div>\n\t\t<\/section>\n\t\t\t\t\t\t\t<\/div>\n\t\t","protected":false},"excerpt":{"rendered":"<p>* Recorren autoridades universitarias y gubernamentales la Universidad * \u201cLa Universidad de Hidalgo ratifica su compromiso con la sociedad y su alianza con el gobierno para lograr un mejor estado en beneficio de todos los hidalguenses\u201d: rector * \u201cSoy orgullosamente egresado de la Universidad Aut\u00f3noma del Estado de Hidalgo\u201d: gobernador Pachuca de Soto, Hidalgo. \u2013 [&hellip;]<\/p>\n","protected":false},"author":1,"featured_media":3381,"comment_status":"closed","ping_status":"closed","sticky":false,"template":"","format":"standard","meta":[],"categories":[4],"tags":[],"_links":{"self":[{"href":"https:\/\/www.diarionoti7.com.mx\/index.php?rest_route=\/wp\/v2\/posts\/3379"}],"collection":[{"href":"https:\/\/www.diarionoti7.com.mx\/index.php?rest_route=\/wp\/v2\/posts"}],"about":[{"href":"https:\/\/www.diarionoti7.com.mx\/index.php?rest_route=\/wp\/v2\/types\/post"}],"author":[{"embeddable":true,"href":"https:\/\/www.diarionoti7.com.mx\/index.php?rest_route=\/wp\/v2\/users\/1"}],"replies":[{"embeddable":true,"href":"https:\/\/www.diarionoti7.com.mx\/index.php?rest_route=%2Fwp%2Fv2%2Fcomments&post=3379"}],"version-history":[{"count":4,"href":"https:\/\/www.diarionoti7.com.mx\/index.php?rest_route=\/wp\/v2\/posts\/3379\/revisions"}],"predecessor-version":[{"id":3384,"href":"https:\/\/www.diarionoti7.com.mx\/index.php?rest_route=\/wp\/v2\/posts\/3379\/revisions\/3384"}],"wp:featuredmedia":[{"embeddable":true,"href":"https:\/\/www.diarionoti7.com.mx\/index.php?rest_route=\/wp\/v2\/media\/3381"}],"wp:attachment":[{"href":"https:\/\/www.diarionoti7.com.mx\/index.php?rest_route=%2Fwp%2Fv2%2Fmedia&parent=3379"}],"wp:term":[{"taxonomy":"category","embeddable":true,"href":"https:\/\/www.diarionoti7.com.mx\/index.php?rest_route=%2Fwp%2Fv2%2Fcategories&post=3379"},{"taxonomy":"post_tag","embeddable":true,"href":"https:\/\/www.diarionoti7.com.mx\/index.php?rest_route=%2Fwp%2Fv2%2Ftags&post=3379"}],"curies":[{"name":"wp","href":"https:\/\/api.w.org\/{rel}","templated":true}]}}