{"id":3355,"date":"2023-03-08T03:50:02","date_gmt":"2023-03-08T03:50:02","guid":{"rendered":"https:\/\/www.diarionoti7.com.mx\/?p=3355"},"modified":"2023-03-08T03:50:49","modified_gmt":"2023-03-08T03:50:49","slug":"carrera-por-el-dia-internacional-de-la-mujer-en-tulancingo","status":"publish","type":"post","link":"https:\/\/www.diarionoti7.com.mx\/?p=3355","title":{"rendered":"Carrera Por El D\u00eda Internacional de La Mujer en Tulancingo"},"content":{"rendered":"\t\t<div data-elementor-type=\"wp-post\" data-elementor-id=\"3355\" class=\"elementor elementor-3355\">\n\t\t\t\t\t\t\t\t\t<section class=\"elementor-section elementor-top-section elementor-element elementor-element-51c23a4c elementor-section-boxed elementor-section-height-default elementor-section-height-default\" data-id=\"51c23a4c\" data-element_type=\"section\">\n\t\t\t\t\t\t<div class=\"elementor-container elementor-column-gap-default\">\n\t\t\t\t\t<div class=\"elementor-column elementor-col-100 elementor-top-column elementor-element elementor-element-7d2e0b6e\" data-id=\"7d2e0b6e\" data-element_type=\"column\">\n\t\t\t<div class=\"elementor-widget-wrap elementor-element-populated\">\n\t\t\t\t\t\t\t\t<div class=\"elementor-element elementor-element-2f2290cd elementor-widget elementor-widget-text-editor\" data-id=\"2f2290cd\" data-element_type=\"widget\" data-widget_type=\"text-editor.default\">\n\t\t\t\t<div class=\"elementor-widget-container\">\n\t\t\t<style>\/*! elementor - v3.10.2 - 29-01-2023 *\/\n.elementor-widget-text-editor.elementor-drop-cap-view-stacked .elementor-drop-cap{background-color:#818a91;color:#fff}.elementor-widget-text-editor.elementor-drop-cap-view-framed .elementor-drop-cap{color:#818a91;border:3px solid;background-color:transparent}.elementor-widget-text-editor:not(.elementor-drop-cap-view-default) .elementor-drop-cap{margin-top:8px}.elementor-widget-text-editor:not(.elementor-drop-cap-view-default) .elementor-drop-cap-letter{width:1em;height:1em}.elementor-widget-text-editor .elementor-drop-cap{float:left;text-align:center;line-height:1;font-size:50px}.elementor-widget-text-editor .elementor-drop-cap-letter{display:inline-block}<\/style>\t\t\t\t<p><strong>-Fernanda Cervantes Cano y Jonathan del Razo Garc\u00eda, los ganadores<\/strong><\/p><p><strong>Tulancingo de Bravo, Hgo., 6 de marzo de 2023.-<\/strong>Con la participaci\u00f3n de m\u00e1s de 200 atletas y conmemorando el D\u00eda Internacional de la Mujer, ayer domingo 5 de marzo, se efectu\u00f3 una carrera recreativa de 5 kil\u00f3metros en Tulancingo.<\/p><p>La triunfadora absoluta de la rama femenil, fue: Fernanda Cervantes Cano con el n\u00famero 54 del club Kinein3T con un tiempo de 19 minutos 25 segundos, en el segundo sitio, lleg\u00f3 Abril Jim\u00e9nez portando el 1, de Kiwi Santiago, y en el tercero, Dania Alarc\u00f3n de Kiwi.\u00a0\u00a0\u00a0\u00a0\u00a0\u00a0\u00a0\u00a0\u00a0\u00a0\u00a0<\/p><p>En la varonil, los ganadores fueron: Jonathan del Razo Garc\u00eda, con un tiempo de 16 minutos 25 segundos del club Team Razo; Jorge Rodr\u00edguez y Mart\u00edn Vargas, primero, segundo y tercer lugar respectivamente.<\/p><p>Dicha actividad deportiva fue efectuada por la administraci\u00f3n presidida por Jorge M\u00e1rquez Alvarado, quien encabez\u00f3 el evento, a trav\u00e9s de la Instancia Municipal de la Mujer y la Secretar\u00eda de Educaci\u00f3n, Cultura, Deporte y Juventud, as\u00ed como la direcci\u00f3n de Cultura F\u00edsica y Recreaci\u00f3n.<\/p><p>\u00a0<\/p><p>Participaron en ambas ramas, personas desde los 7 a\u00f1os hasta los de la tercera edad, y la salida y meta, fue en la Estaci\u00f3n del Ferrocarril.<\/p><p>La premiaci\u00f3n consisti\u00f3 en est\u00edmulos econ\u00f3micos de 2 mil pesos para el primer lugar, mil, para el segundo y 500 para el tercer lugar, para ambas categor\u00edas que fueron entregados en el podio, por la directora de la instancia, Carolina M\u00e1rquez, junto con la colocaci\u00f3n de las medallas, donde particip\u00f3 la presidenta del Sistema DIF, Yolanda Magaldi Rivera.<\/p><p>A los corredores se les proporcion\u00f3 un kit consistente en hidrataci\u00f3n, medalla, n\u00famero y recuperaci\u00f3n, as\u00ed como una playera conmemorativa, que los competidores vistieron durante el recorrido y previo a la justa, se realiz\u00f3 un ejercicio de calistenia.<\/p><p>De esta manera, el gobierno municipal se suma a una fecha tan representativa como es el D\u00eda Internacional de la Mujer.\u00a0\u00a0<\/p><p>\u00a0<\/p>\t\t\t\t\t\t<\/div>\n\t\t\t\t<\/div>\n\t\t\t\t\t<\/div>\n\t\t<\/div>\n\t\t\t\t\t\t\t<\/div>\n\t\t<\/section>\n\t\t\t\t\t\t\t<\/div>\n\t\t","protected":false},"excerpt":{"rendered":"<p>-Fernanda Cervantes Cano y Jonathan del Razo Garc\u00eda, los ganadores Tulancingo de Bravo, Hgo., 6 de marzo de 2023.-Con la participaci\u00f3n de m\u00e1s de 200 atletas y conmemorando el D\u00eda Internacional de la Mujer, ayer domingo 5 de marzo, se efectu\u00f3 una carrera recreativa de 5 kil\u00f3metros en Tulancingo. La triunfadora absoluta de la rama [&hellip;]<\/p>\n","protected":false},"author":1,"featured_media":3357,"comment_status":"closed","ping_status":"closed","sticky":false,"template":"","format":"standard","meta":[],"categories":[9],"tags":[],"_links":{"self":[{"href":"https:\/\/www.diarionoti7.com.mx\/index.php?rest_route=\/wp\/v2\/posts\/3355"}],"collection":[{"href":"https:\/\/www.diarionoti7.com.mx\/index.php?rest_route=\/wp\/v2\/posts"}],"about":[{"href":"https:\/\/www.diarionoti7.com.mx\/index.php?rest_route=\/wp\/v2\/types\/post"}],"author":[{"embeddable":true,"href":"https:\/\/www.diarionoti7.com.mx\/index.php?rest_route=\/wp\/v2\/users\/1"}],"replies":[{"embeddable":true,"href":"https:\/\/www.diarionoti7.com.mx\/index.php?rest_route=%2Fwp%2Fv2%2Fcomments&post=3355"}],"version-history":[{"count":4,"href":"https:\/\/www.diarionoti7.com.mx\/index.php?rest_route=\/wp\/v2\/posts\/3355\/revisions"}],"predecessor-version":[{"id":3360,"href":"https:\/\/www.diarionoti7.com.mx\/index.php?rest_route=\/wp\/v2\/posts\/3355\/revisions\/3360"}],"wp:featuredmedia":[{"embeddable":true,"href":"https:\/\/www.diarionoti7.com.mx\/index.php?rest_route=\/wp\/v2\/media\/3357"}],"wp:attachment":[{"href":"https:\/\/www.diarionoti7.com.mx\/index.php?rest_route=%2Fwp%2Fv2%2Fmedia&parent=3355"}],"wp:term":[{"taxonomy":"category","embeddable":true,"href":"https:\/\/www.diarionoti7.com.mx\/index.php?rest_route=%2Fwp%2Fv2%2Fcategories&post=3355"},{"taxonomy":"post_tag","embeddable":true,"href":"https:\/\/www.diarionoti7.com.mx\/index.php?rest_route=%2Fwp%2Fv2%2Ftags&post=3355"}],"curies":[{"name":"wp","href":"https:\/\/api.w.org\/{rel}","templated":true}]}}