{"id":3349,"date":"2023-03-08T03:48:22","date_gmt":"2023-03-08T03:48:22","guid":{"rendered":"https:\/\/www.diarionoti7.com.mx\/?p=3349"},"modified":"2023-03-08T03:49:41","modified_gmt":"2023-03-08T03:49:41","slug":"vinculan-a-proceso-de-13-sujetos-detenidos-en-posesion-de-armas-de-fuego-cargadores-cartuchos-chalecos-antibalas-y-droga-en-tula","status":"publish","type":"post","link":"https:\/\/www.diarionoti7.com.mx\/?p=3349","title":{"rendered":"Vinculan a Proceso de 13 Sujetos Detenidos en Posesi\u00f3n de Armas de Fuego, Cargadores, Cartuchos, Chalecos Antibalas y Droga, en Tula"},"content":{"rendered":"\t\t<div data-elementor-type=\"wp-post\" data-elementor-id=\"3349\" class=\"elementor elementor-3349\">\n\t\t\t\t\t\t\t\t\t<section class=\"elementor-section elementor-top-section elementor-element elementor-element-51c23a4c elementor-section-boxed elementor-section-height-default elementor-section-height-default\" data-id=\"51c23a4c\" data-element_type=\"section\">\n\t\t\t\t\t\t<div class=\"elementor-container elementor-column-gap-default\">\n\t\t\t\t\t<div class=\"elementor-column elementor-col-100 elementor-top-column elementor-element elementor-element-7d2e0b6e\" data-id=\"7d2e0b6e\" data-element_type=\"column\">\n\t\t\t<div class=\"elementor-widget-wrap elementor-element-populated\">\n\t\t\t\t\t\t\t\t<div class=\"elementor-element elementor-element-2f2290cd elementor-widget elementor-widget-text-editor\" data-id=\"2f2290cd\" data-element_type=\"widget\" data-widget_type=\"text-editor.default\">\n\t\t\t\t<div class=\"elementor-widget-container\">\n\t\t\t<style>\/*! elementor - v3.10.2 - 29-01-2023 *\/\n.elementor-widget-text-editor.elementor-drop-cap-view-stacked .elementor-drop-cap{background-color:#818a91;color:#fff}.elementor-widget-text-editor.elementor-drop-cap-view-framed .elementor-drop-cap{color:#818a91;border:3px solid;background-color:transparent}.elementor-widget-text-editor:not(.elementor-drop-cap-view-default) .elementor-drop-cap{margin-top:8px}.elementor-widget-text-editor:not(.elementor-drop-cap-view-default) .elementor-drop-cap-letter{width:1em;height:1em}.elementor-widget-text-editor .elementor-drop-cap{float:left;text-align:center;line-height:1;font-size:50px}.elementor-widget-text-editor .elementor-drop-cap-letter{display:inline-block}<\/style>\t\t\t\t<p><strong>Pachuca, Hgo., 6 de marzo de 2023.-<\/strong>Por delito contra la salud, portaci\u00f3n de armas y cargadores de cartuchos para armas de fuego de uso exclusivo del ej\u00e9rcito, armada y fuerza a\u00e9rea, fueron vinculadas a proceso 13 personas detenidas tras un enfrentamiento con armas de fuego en Tula de Allende.<\/p><p>El pasado 2 de marzo de 2023, en el citado municipio se suscit\u00f3 un enfrentamiento con disparos de armas de fuego donde una persona perdi\u00f3 la vida, motivo por el que las corporaciones de polic\u00eda se movilizaron para ubicar al o los responsables.<\/p><p>Derivado de dicho operativo, fueron detenidas 13 personas, identificadas como V\u00edctor &#8220;N&#8221;, Alfonso &#8220;N&#8221;, Lilian &#8220;N&#8221;, Johana &#8220;N&#8221;, Isai &#8220;N&#8221;, Axel &#8220;N&#8221;, Naum &#8220;N&#8221;, Oscar &#8220;N&#8221;, Jorge &#8220;N&#8221;, Ricardo &#8220;N&#8221;, Cristian &#8220;N&#8221;, Kenji &#8220;N&#8221; y H\u00e9ctor &#8220;N&#8221;.<\/p><p>Las personas antes mencionadas fueron detenidas en la calle Maple, colonia Alvarado, municipio de Tula de Allende y se les aseguraron: 19 armas de fuego largas, 57 cargadores calibre 223, mil 800 cartuchos 223, 11 chalecos antibalas, adem\u00e1s de sustancias con caracter\u00edsticas propias de la mariguana y drogas sint\u00e9ticas.<\/p><p>Con base en los datos de prueba aportados por el Ministerio P\u00fablico de la Procuradur\u00eda General de Justicia del Estado de Hidalgo, un juez de control dict\u00f3 la vinculaci\u00f3n a proceso para las y los imputados. La autoridad judicial impuso como medida cautelar la prisi\u00f3n preventiva justificada, adem\u00e1s la jueza que conoci\u00f3 de la causa penal declin\u00f3 incompetencia a un juez federal.<\/p><p>\u00a0<\/p>\t\t\t\t\t\t<\/div>\n\t\t\t\t<\/div>\n\t\t\t\t\t<\/div>\n\t\t<\/div>\n\t\t\t\t\t\t\t<\/div>\n\t\t<\/section>\n\t\t\t\t\t\t\t<\/div>\n\t\t","protected":false},"excerpt":{"rendered":"<p>Pachuca, Hgo., 6 de marzo de 2023.-Por delito contra la salud, portaci\u00f3n de armas y cargadores de cartuchos para armas de fuego de uso exclusivo del ej\u00e9rcito, armada y fuerza a\u00e9rea, fueron vinculadas a proceso 13 personas detenidas tras un enfrentamiento con armas de fuego en Tula de Allende. El pasado 2 de marzo de [&hellip;]<\/p>\n","protected":false},"author":1,"featured_media":3351,"comment_status":"closed","ping_status":"closed","sticky":false,"template":"","format":"standard","meta":[],"categories":[22],"tags":[],"_links":{"self":[{"href":"https:\/\/www.diarionoti7.com.mx\/index.php?rest_route=\/wp\/v2\/posts\/3349"}],"collection":[{"href":"https:\/\/www.diarionoti7.com.mx\/index.php?rest_route=\/wp\/v2\/posts"}],"about":[{"href":"https:\/\/www.diarionoti7.com.mx\/index.php?rest_route=\/wp\/v2\/types\/post"}],"author":[{"embeddable":true,"href":"https:\/\/www.diarionoti7.com.mx\/index.php?rest_route=\/wp\/v2\/users\/1"}],"replies":[{"embeddable":true,"href":"https:\/\/www.diarionoti7.com.mx\/index.php?rest_route=%2Fwp%2Fv2%2Fcomments&post=3349"}],"version-history":[{"count":4,"href":"https:\/\/www.diarionoti7.com.mx\/index.php?rest_route=\/wp\/v2\/posts\/3349\/revisions"}],"predecessor-version":[{"id":3354,"href":"https:\/\/www.diarionoti7.com.mx\/index.php?rest_route=\/wp\/v2\/posts\/3349\/revisions\/3354"}],"wp:featuredmedia":[{"embeddable":true,"href":"https:\/\/www.diarionoti7.com.mx\/index.php?rest_route=\/wp\/v2\/media\/3351"}],"wp:attachment":[{"href":"https:\/\/www.diarionoti7.com.mx\/index.php?rest_route=%2Fwp%2Fv2%2Fmedia&parent=3349"}],"wp:term":[{"taxonomy":"category","embeddable":true,"href":"https:\/\/www.diarionoti7.com.mx\/index.php?rest_route=%2Fwp%2Fv2%2Fcategories&post=3349"},{"taxonomy":"post_tag","embeddable":true,"href":"https:\/\/www.diarionoti7.com.mx\/index.php?rest_route=%2Fwp%2Fv2%2Ftags&post=3349"}],"curies":[{"name":"wp","href":"https:\/\/api.w.org\/{rel}","templated":true}]}}