{"id":33307,"date":"2024-01-24T19:26:44","date_gmt":"2024-01-24T19:26:44","guid":{"rendered":"https:\/\/www.diarionoti7.com.mx\/?p=33307"},"modified":"2024-01-24T19:27:48","modified_gmt":"2024-01-24T19:27:48","slug":"sheinbaum-y-xochitl-aun-en-la-cuerda-floja-de-sus-partidos-politica-en-movimiento","status":"publish","type":"post","link":"https:\/\/www.diarionoti7.com.mx\/?p=33307","title":{"rendered":"Sheinbaum y X\u00f3chitl, a\u00fan en la cuerda floja de sus partidos Pol\u00edtica en Movimiento"},"content":{"rendered":"\t\t<div data-elementor-type=\"wp-post\" data-elementor-id=\"33307\" class=\"elementor elementor-33307\">\n\t\t\t\t\t\t\t\t\t<section class=\"elementor-section elementor-top-section elementor-element elementor-element-c09b8f0 elementor-section-boxed elementor-section-height-default elementor-section-height-default\" data-id=\"c09b8f0\" data-element_type=\"section\">\n\t\t\t\t\t\t<div class=\"elementor-container elementor-column-gap-default\">\n\t\t\t\t\t<div class=\"elementor-column elementor-col-100 elementor-top-column elementor-element elementor-element-955a561\" data-id=\"955a561\" data-element_type=\"column\">\n\t\t\t<div class=\"elementor-widget-wrap elementor-element-populated\">\n\t\t\t\t\t\t\t\t<div class=\"elementor-element elementor-element-0ce869c elementor-widget elementor-widget-text-editor\" data-id=\"0ce869c\" data-element_type=\"widget\" data-widget_type=\"text-editor.default\">\n\t\t\t\t<div class=\"elementor-widget-container\">\n\t\t\t<style>\/*! elementor - v3.10.2 - 29-01-2023 *\/\n.elementor-widget-text-editor.elementor-drop-cap-view-stacked .elementor-drop-cap{background-color:#818a91;color:#fff}.elementor-widget-text-editor.elementor-drop-cap-view-framed .elementor-drop-cap{color:#818a91;border:3px solid;background-color:transparent}.elementor-widget-text-editor:not(.elementor-drop-cap-view-default) .elementor-drop-cap{margin-top:8px}.elementor-widget-text-editor:not(.elementor-drop-cap-view-default) .elementor-drop-cap-letter{width:1em;height:1em}.elementor-widget-text-editor .elementor-drop-cap{float:left;text-align:center;line-height:1;font-size:50px}.elementor-widget-text-editor .elementor-drop-cap-letter{display:inline-block}<\/style>\t\t\t\t<p><strong>Ang\u00e9lica Beltr\u00e1n<\/strong><\/p><p><strong>CDMX a 23 de enero, 2024 (Noticias de M\u00e9xico).-<\/strong> Siempre s\u00ed cerraron filas en torno a Sheinbaum el resto de las llamadas corcholatas, al menos en apariencia y para la foto, como se mostr\u00f3 en el cierre de campa\u00f1a de la jefa de gobierno con licencia; donde Ebrard, Ad\u00e1n Augusto y Monreal, acudieron y nutrieron con sus huestes el \u00faltimo acto de la precampa\u00f1a de #EsClaudia.<\/p><p>Aunado a ello, el consejo nacional de MORENA ratific\u00f3 como candidata presidencial a Sheinbaum Pardo; aunque, claro, todav\u00eda falta el registro ante el INE para que no haya lugar a duda de qui\u00e9n ser\u00e1, en definitiva.<\/p><p>Pues no obstante el despliegue de precampa\u00f1a, Sheinbaum todav\u00eda no tiene segura la candidatura\u2026 falta un paso, el m\u00e1s importante, el registro oficial. Por lo que habr\u00e1 que esperar; pues como dice el refr\u00e1n: del plato a la boca se cae la sopa.\u00a0\u00a0\u00a0<\/p><p>X\u00f3chitl ha intentado ganar popularidad. Del lado de la oposici\u00f3n corre la misma suerte la senadora con licencia, X\u00f3chitl G\u00e1lvez, del PAN, pues tras la farsa de la elecci\u00f3n interna &#8212;igual que en MORENA para elegir a Sheinbaum\u2014la hidalguense no tiene a\u00fan la candidatura en las manos. Su precampa\u00f1a ha sido tambi\u00e9n un ejercicio para medir posibilidades de voto, percepci\u00f3n ciudadana y popularidad; siendo esta \u00faltima, de lo que m\u00e1s adolece la oposici\u00f3n PAN-PRI-PRD.\u00a0<\/p><p>\u00a0\u00a0\u00a0\u00a0\u00a0 Y aunque ha hecho su esfuerzo, a la medida de sus limitaciones como profesionista, como pol\u00edtica y como persona, la aspirante presidencial panista no tiene ganada la candidatura a\u00fan; y menos si insiste en enfrentarse con Santiago Creel; ya que, si bien el diputado con licencia es gris en lo popular, sigue siendo jerarca del PAN. *Por ello, tambi\u00e9n habr\u00e1 que esperar el registro oficial de X\u00f3chitl ante el INE.<\/p><p>Salud federalizada. El gobernador Mauricio Kuri, de Quer\u00e9taro, destac\u00f3 de entre los mandatarios estatales que \u2013convencidos&#8211; han firmado el pacto con el presidente AMLO para unificar el sistema de salud p\u00fablica, de acuerdo al programa federal del Bienestar.<\/p><p>\u00a0\u00a0\u00a0\u00a0\u00a0\u00a0 Y destaca porque si bien los gobernadores firmantes del pacto son parte del mismo movimiento y comparten filosof\u00eda e ideario de la 4T; el panista era contra de la administraci\u00f3n Obradorista; al menos al inicio de esta.\u00a0<\/p><p>\u00a0\u00a0\u00a0\u00a0\u00a0\u00a0\u00a0\u00a0\u00a0 Ahora ya cambi\u00f3 la visi\u00f3n del gobernador queretano y ha mostrado haberse \u201csensibilizando\u201d al modo del presidente AMLO. Ello no significa que Mauricio Kuri haya perdido su perfil.<\/p><p>En su discurso de ayer lunes en evento con el mandatario federal, el gobernador mostr\u00f3 una congruencia a prueba de todo. Expuso la visi\u00f3n que tiene como panista y empresario, pero tambi\u00e9n dej\u00f3 claro que entend\u00eda la necesidad de los programas sociales.<\/p><p>\u00a0\u00a0\u00a0\u00a0 Dijo estar convencido de los empleos formales y bien pagados para dar estabilidad a la sociedad y desarrollo econ\u00f3mico al pa\u00eds; pero reconoci\u00f3 que hasta que ello no sea una realidad, hay que ofrecer programas sociales emergentes en apoyo a las familias de m\u00e1s bajos recursos. *Bien por este entendimiento de un panista en el poder.<\/p>\t\t\t\t\t\t<\/div>\n\t\t\t\t<\/div>\n\t\t\t\t\t<\/div>\n\t\t<\/div>\n\t\t\t\t\t\t\t<\/div>\n\t\t<\/section>\n\t\t\t\t\t\t\t<\/div>\n\t\t","protected":false},"excerpt":{"rendered":"<p>Ang\u00e9lica Beltr\u00e1n CDMX a 23 de enero, 2024 (Noticias de M\u00e9xico).- Siempre s\u00ed cerraron filas en torno a Sheinbaum el resto de las llamadas corcholatas, al menos en apariencia y para la foto, como se mostr\u00f3 en el cierre de campa\u00f1a de la jefa de gobierno con licencia; donde Ebrard, Ad\u00e1n Augusto y Monreal, acudieron [&hellip;]<\/p>\n","protected":false},"author":1,"featured_media":30805,"comment_status":"closed","ping_status":"closed","sticky":false,"template":"","format":"standard","meta":[],"categories":[23],"tags":[],"_links":{"self":[{"href":"https:\/\/www.diarionoti7.com.mx\/index.php?rest_route=\/wp\/v2\/posts\/33307"}],"collection":[{"href":"https:\/\/www.diarionoti7.com.mx\/index.php?rest_route=\/wp\/v2\/posts"}],"about":[{"href":"https:\/\/www.diarionoti7.com.mx\/index.php?rest_route=\/wp\/v2\/types\/post"}],"author":[{"embeddable":true,"href":"https:\/\/www.diarionoti7.com.mx\/index.php?rest_route=\/wp\/v2\/users\/1"}],"replies":[{"embeddable":true,"href":"https:\/\/www.diarionoti7.com.mx\/index.php?rest_route=%2Fwp%2Fv2%2Fcomments&post=33307"}],"version-history":[{"count":4,"href":"https:\/\/www.diarionoti7.com.mx\/index.php?rest_route=\/wp\/v2\/posts\/33307\/revisions"}],"predecessor-version":[{"id":33311,"href":"https:\/\/www.diarionoti7.com.mx\/index.php?rest_route=\/wp\/v2\/posts\/33307\/revisions\/33311"}],"wp:featuredmedia":[{"embeddable":true,"href":"https:\/\/www.diarionoti7.com.mx\/index.php?rest_route=\/wp\/v2\/media\/30805"}],"wp:attachment":[{"href":"https:\/\/www.diarionoti7.com.mx\/index.php?rest_route=%2Fwp%2Fv2%2Fmedia&parent=33307"}],"wp:term":[{"taxonomy":"category","embeddable":true,"href":"https:\/\/www.diarionoti7.com.mx\/index.php?rest_route=%2Fwp%2Fv2%2Fcategories&post=33307"},{"taxonomy":"post_tag","embeddable":true,"href":"https:\/\/www.diarionoti7.com.mx\/index.php?rest_route=%2Fwp%2Fv2%2Ftags&post=33307"}],"curies":[{"name":"wp","href":"https:\/\/api.w.org\/{rel}","templated":true}]}}