{"id":3328,"date":"2023-03-06T15:34:05","date_gmt":"2023-03-06T15:34:05","guid":{"rendered":"https:\/\/www.diarionoti7.com.mx\/?p=3328"},"modified":"2023-03-06T15:34:43","modified_gmt":"2023-03-06T15:34:43","slug":"sedeco-y-cjmh-coordinan-acciones-para-el-desarrollo-integral-de-las-mujeres","status":"publish","type":"post","link":"https:\/\/www.diarionoti7.com.mx\/?p=3328","title":{"rendered":"SEDECO y CJMH Coordinan Acciones Para el Desarrollo Integral de las Mujeres"},"content":{"rendered":"\t\t<div data-elementor-type=\"wp-post\" data-elementor-id=\"3328\" class=\"elementor elementor-3328\">\n\t\t\t\t\t\t\t\t\t<section class=\"elementor-section elementor-top-section elementor-element elementor-element-51c23a4c elementor-section-boxed elementor-section-height-default elementor-section-height-default\" data-id=\"51c23a4c\" data-element_type=\"section\">\n\t\t\t\t\t\t<div class=\"elementor-container elementor-column-gap-default\">\n\t\t\t\t\t<div class=\"elementor-column elementor-col-100 elementor-top-column elementor-element elementor-element-7d2e0b6e\" data-id=\"7d2e0b6e\" data-element_type=\"column\">\n\t\t\t<div class=\"elementor-widget-wrap elementor-element-populated\">\n\t\t\t\t\t\t\t\t<div class=\"elementor-element elementor-element-2f2290cd elementor-widget elementor-widget-text-editor\" data-id=\"2f2290cd\" data-element_type=\"widget\" data-widget_type=\"text-editor.default\">\n\t\t\t\t<div class=\"elementor-widget-container\">\n\t\t\t<style>\/*! elementor - v3.10.2 - 29-01-2023 *\/\n.elementor-widget-text-editor.elementor-drop-cap-view-stacked .elementor-drop-cap{background-color:#818a91;color:#fff}.elementor-widget-text-editor.elementor-drop-cap-view-framed .elementor-drop-cap{color:#818a91;border:3px solid;background-color:transparent}.elementor-widget-text-editor:not(.elementor-drop-cap-view-default) .elementor-drop-cap{margin-top:8px}.elementor-widget-text-editor:not(.elementor-drop-cap-view-default) .elementor-drop-cap-letter{width:1em;height:1em}.elementor-widget-text-editor .elementor-drop-cap{float:left;text-align:center;line-height:1;font-size:50px}.elementor-widget-text-editor .elementor-drop-cap-letter{display:inline-block}<\/style>\t\t\t\t<p><strong>Pachuca, Hgo,. 5 de marzo de 2023.-<\/strong>En el marco del 8 de marzo D\u00eda Internacional de la Mujer y en seguimiento a la pol\u00edtica p\u00fablica del gobernador Julio Menchaca Salazar en favor de las mujeres para impulsar acciones en favor de su desarrollo econ\u00f3mico, se realiz\u00f3 el Taller \u201cDesarrollo de habilidades para la b\u00fasqueda de empleo\u201d.<\/p><p>El cual fue impartido por personal de la Secretar\u00eda de Desarrollo Econ\u00f3mico a usuarias del Centro de Justicia para Mujeres del Estado de Hidalgo con el prop\u00f3sito de que desarrollen nuevas habilidades para una entrevista laboral, elevando las posibilidades de contrataci\u00f3n.<\/p><p>Al hacer uso de la palabra, la directora general del CJMH, Margarita Cabrera Rom\u00e1n, indic\u00f3 que se trabaja para impulsar el desarrollo pleno e integral de las mujeres hidalguenses, de manera coordinada con diversas instituciones para brindar igualdad de oportunidades, garantizando el ejercicio pleno de sus derechos a una vida digna con oportunidades para su bienestar.<\/p><p>Por su parte Luis Carlos Franco P\u00e9rez, director general de Normatividad de Sedeco coment\u00f3 que como parte de la trasformaci\u00f3n de Hidalgo se trabaja en la generaci\u00f3n de empleos bien remunerados y el desarrollo del comercio local, por lo que es necesario continuar brindando herramientas para su desarrollo generando mayores oportunidades de empleo y las condiciones para su bienestar.<\/p><p>Durante el desarrollo del taller la psic\u00f3loga Roc\u00edo Garibaldi Osorio comparti\u00f3 diversas t\u00e9cnicas para que las mujeres fortalezcan sus habilidades y realicen una mejor b\u00fasqueda de empleo.<\/p><p>#PrimeroLasMujeres<\/p>\t\t\t\t\t\t<\/div>\n\t\t\t\t<\/div>\n\t\t\t\t\t<\/div>\n\t\t<\/div>\n\t\t\t\t\t\t\t<\/div>\n\t\t<\/section>\n\t\t\t\t\t\t\t<\/div>\n\t\t","protected":false},"excerpt":{"rendered":"<p>Pachuca, Hgo,. 5 de marzo de 2023.-En el marco del 8 de marzo D\u00eda Internacional de la Mujer y en seguimiento a la pol\u00edtica p\u00fablica del gobernador Julio Menchaca Salazar en favor de las mujeres para impulsar acciones en favor de su desarrollo econ\u00f3mico, se realiz\u00f3 el Taller \u201cDesarrollo de habilidades para la b\u00fasqueda de [&hellip;]<\/p>\n","protected":false},"author":1,"featured_media":3330,"comment_status":"closed","ping_status":"closed","sticky":false,"template":"","format":"standard","meta":[],"categories":[7],"tags":[],"_links":{"self":[{"href":"https:\/\/www.diarionoti7.com.mx\/index.php?rest_route=\/wp\/v2\/posts\/3328"}],"collection":[{"href":"https:\/\/www.diarionoti7.com.mx\/index.php?rest_route=\/wp\/v2\/posts"}],"about":[{"href":"https:\/\/www.diarionoti7.com.mx\/index.php?rest_route=\/wp\/v2\/types\/post"}],"author":[{"embeddable":true,"href":"https:\/\/www.diarionoti7.com.mx\/index.php?rest_route=\/wp\/v2\/users\/1"}],"replies":[{"embeddable":true,"href":"https:\/\/www.diarionoti7.com.mx\/index.php?rest_route=%2Fwp%2Fv2%2Fcomments&post=3328"}],"version-history":[{"count":4,"href":"https:\/\/www.diarionoti7.com.mx\/index.php?rest_route=\/wp\/v2\/posts\/3328\/revisions"}],"predecessor-version":[{"id":3333,"href":"https:\/\/www.diarionoti7.com.mx\/index.php?rest_route=\/wp\/v2\/posts\/3328\/revisions\/3333"}],"wp:featuredmedia":[{"embeddable":true,"href":"https:\/\/www.diarionoti7.com.mx\/index.php?rest_route=\/wp\/v2\/media\/3330"}],"wp:attachment":[{"href":"https:\/\/www.diarionoti7.com.mx\/index.php?rest_route=%2Fwp%2Fv2%2Fmedia&parent=3328"}],"wp:term":[{"taxonomy":"category","embeddable":true,"href":"https:\/\/www.diarionoti7.com.mx\/index.php?rest_route=%2Fwp%2Fv2%2Fcategories&post=3328"},{"taxonomy":"post_tag","embeddable":true,"href":"https:\/\/www.diarionoti7.com.mx\/index.php?rest_route=%2Fwp%2Fv2%2Ftags&post=3328"}],"curies":[{"name":"wp","href":"https:\/\/api.w.org\/{rel}","templated":true}]}}