{"id":3292,"date":"2023-03-06T15:26:33","date_gmt":"2023-03-06T15:26:33","guid":{"rendered":"https:\/\/www.diarionoti7.com.mx\/?p=3292"},"modified":"2023-03-06T15:27:37","modified_gmt":"2023-03-06T15:27:37","slug":"la-osuaeh-abrira-temporada-el-10-de-marzo-bajo-la-batuta-del-enrique-batiz-en-el-aula-magna-alfonso-cravioto-mejorada","status":"publish","type":"post","link":"https:\/\/www.diarionoti7.com.mx\/?p=3292","title":{"rendered":"La OSUAEH Abrir\u00e1 Temporada el 10 de Marzo Bajo la batuta del  Enrique B\u00e1tiz, en el Aula Magna \u201cAlfonso Cravioto Mejorada\u201d"},"content":{"rendered":"\t\t<div data-elementor-type=\"wp-post\" data-elementor-id=\"3292\" class=\"elementor elementor-3292\">\n\t\t\t\t\t\t\t\t\t<section class=\"elementor-section elementor-top-section elementor-element elementor-element-51c23a4c elementor-section-boxed elementor-section-height-default elementor-section-height-default\" data-id=\"51c23a4c\" data-element_type=\"section\">\n\t\t\t\t\t\t<div class=\"elementor-container elementor-column-gap-default\">\n\t\t\t\t\t<div class=\"elementor-column elementor-col-100 elementor-top-column elementor-element elementor-element-7d2e0b6e\" data-id=\"7d2e0b6e\" data-element_type=\"column\">\n\t\t\t<div class=\"elementor-widget-wrap elementor-element-populated\">\n\t\t\t\t\t\t\t\t<div class=\"elementor-element elementor-element-2f2290cd elementor-widget elementor-widget-text-editor\" data-id=\"2f2290cd\" data-element_type=\"widget\" data-widget_type=\"text-editor.default\">\n\t\t\t\t<div class=\"elementor-widget-container\">\n\t\t\t<style>\/*! elementor - v3.10.2 - 29-01-2023 *\/\n.elementor-widget-text-editor.elementor-drop-cap-view-stacked .elementor-drop-cap{background-color:#818a91;color:#fff}.elementor-widget-text-editor.elementor-drop-cap-view-framed .elementor-drop-cap{color:#818a91;border:3px solid;background-color:transparent}.elementor-widget-text-editor:not(.elementor-drop-cap-view-default) .elementor-drop-cap{margin-top:8px}.elementor-widget-text-editor:not(.elementor-drop-cap-view-default) .elementor-drop-cap-letter{width:1em;height:1em}.elementor-widget-text-editor .elementor-drop-cap{float:left;text-align:center;line-height:1;font-size:50px}.elementor-widget-text-editor .elementor-drop-cap-letter{display:inline-block}<\/style>\t\t\t\t<p><strong>*Previo al comienzo, la Orquesta realizar\u00e1 una Master Class con el violinista Gernot Winischhofer <\/strong><\/p><p><strong>Pachuca, Hgo. 5 de marzo 223.- <\/strong>\u00a0La Orquesta Sinf\u00f3nica de la Universidad Aut\u00f3noma del Estado de Hidalgo (OSUAEH) invita a la comunidad universitaria y p\u00fablico en general a la gran apertura de la Primera Temporada de Conciertos del 2023, bajo la batuta de Enrique B\u00e1tiz, este 10 de marzo en punto de las 19:00 horas en el Aula Magna \u201cAlfonso Cravioto Mejorada\u201d.<\/p><p>El recinto oficial de conciertos de la m\u00e1xima embajadora cultural de la Aut\u00f3noma de Hidalgo realizar\u00e1 un homenaje a Ludwig van Beethoven, a trav\u00e9s de la gala \u201cLa liberta del h\u00e9roe\u201d, en el que tambi\u00e9n participar\u00e1 como concertista el violinista de Viena Gernot Winischhofer.<\/p><p>El programa que se disfrutar\u00e1 el pr\u00f3ximo viernes incluye la \u201cObertura Coriolano Op. 62\u201d y el \u201cConcierto para viol\u00edn en Re mayor Op. 61\u201d. Los accesos est\u00e1n disponibles en las oficinas de la OSUAEH y tienen un costo de $100 pesos en zona general, $120 e preferente y $150 en VIP.<\/p><p>En el marco de este gran comienzo, se impartir\u00e1 una Master Class de viol\u00edn por parte del maestro Gernot Winischhofer, quien es un reconocido m\u00fasico de talla internacional. Dicha clase de efectuar\u00e1 en el Aula Magna \u201cAlfonso Cravioto Mejorada\u201d, los d\u00edas 06 y 07 de marzo del presente a\u00f1o.<\/p><p>Las y los interesados pueden inscribirse a trav\u00e9s del correo osuaeh@gmail.com, o bien en el tel\u00e9fono 771 717 2000 extensiones 2994 y 3031. Asimismo, para mayores informes pueden comunicarse a trav\u00e9s del WhatsApp 771 606 8428.<\/p><p>El objetivo de esta clase es que los nuevos talentos musicales puedan conocer de primera mano de la experiencia de Gernot Winischhofer, su experiencia y recorrido dentro del mundo de la m\u00fasica cl\u00e1sica y las grandes orquestas en las que ha participado. Adem\u00e1s de aprender los m\u00e9todos del viol\u00edn, ofrecido por uno de los m\u00e1s destacados m\u00fasicos en el mundo en dicho instrumento.<\/p><p>Gernot Winischhofer naci\u00f3 en Viena, Austria, donde tuvo su educaci\u00f3n musical y t\u00e9cnica recibiendo su diploma con honores. Estudi\u00f3 con Max Rostal, Wolfgang Schneiderhan, Sandor Vegh, Gidon Kremer, Andre Gertler y Alexander Arenkov. Ha ganado varios premios en competiciones nacionales e internacionales y una beca de estudios que lo llev\u00f3 a estudiar al Conservatorio Tschaikowsky, en Mosc\u00fa.<\/p><p>All\u00ed fue alumno de Valery Klimov, siguiendo la tradici\u00f3n de David Oistrach al ser calificados con honores. Desde entonces, Gernot Winischhofer se presenta en diferentes festivales como Athen, Astana, Budapest, Ossiach, Moskau, Nordrhein- Westfalen, Nueva York, Praga, Viena y otros de igual renombre internacional.\u00a0<\/p><p>Es fundador del Oistrachensemble, Vienna Philharmonic Pianoquintett; ha realizado giras por Austria, Egipto, Inglaterra, Francia, Finlandia, Alemania, Hungria, Iran, Jap\u00f3n, Portugal, Turqu\u00eda, Chechoslovaquia Rusia, Estados Unidos como solista con orquestas y ensambles camar\u00edsticos.<\/p><p>De 1992 a 2014 fue profesor en el Conservatorio de Viena. Desde 1987 es el manager art\u00edstico del Festival Musical Este Oeste.<\/p><p>Ha compartido escenario con Josef Suk, Igor Oistrach, Paul Badura Skoda, J\u00f6rg Demus, Hans Kann, Pavel Gililov, Tanja Grindenko, con agrupaciones como la Orquesta de Eremitage St. Petersburg, Mozarteum Salzburg in Festspielhaus, Athen Stateorchestra, Bukarest Enescu-Philharmonie, N\u00fcrnberg-, Slovak-Philharmonic Orchestras, entre otras.<\/p>\t\t\t\t\t\t<\/div>\n\t\t\t\t<\/div>\n\t\t\t\t\t<\/div>\n\t\t<\/div>\n\t\t\t\t\t\t\t<\/div>\n\t\t<\/section>\n\t\t\t\t\t\t\t<\/div>\n\t\t","protected":false},"excerpt":{"rendered":"<p>*Previo al comienzo, la Orquesta realizar\u00e1 una Master Class con el violinista Gernot Winischhofer Pachuca, Hgo. 5 de marzo 223.- \u00a0La Orquesta Sinf\u00f3nica de la Universidad Aut\u00f3noma del Estado de Hidalgo (OSUAEH) invita a la comunidad universitaria y p\u00fablico en general a la gran apertura de la Primera Temporada de Conciertos del 2023, bajo la [&hellip;]<\/p>\n","protected":false},"author":1,"featured_media":3294,"comment_status":"closed","ping_status":"closed","sticky":false,"template":"","format":"standard","meta":[],"categories":[4],"tags":[],"_links":{"self":[{"href":"https:\/\/www.diarionoti7.com.mx\/index.php?rest_route=\/wp\/v2\/posts\/3292"}],"collection":[{"href":"https:\/\/www.diarionoti7.com.mx\/index.php?rest_route=\/wp\/v2\/posts"}],"about":[{"href":"https:\/\/www.diarionoti7.com.mx\/index.php?rest_route=\/wp\/v2\/types\/post"}],"author":[{"embeddable":true,"href":"https:\/\/www.diarionoti7.com.mx\/index.php?rest_route=\/wp\/v2\/users\/1"}],"replies":[{"embeddable":true,"href":"https:\/\/www.diarionoti7.com.mx\/index.php?rest_route=%2Fwp%2Fv2%2Fcomments&post=3292"}],"version-history":[{"count":4,"href":"https:\/\/www.diarionoti7.com.mx\/index.php?rest_route=\/wp\/v2\/posts\/3292\/revisions"}],"predecessor-version":[{"id":3297,"href":"https:\/\/www.diarionoti7.com.mx\/index.php?rest_route=\/wp\/v2\/posts\/3292\/revisions\/3297"}],"wp:featuredmedia":[{"embeddable":true,"href":"https:\/\/www.diarionoti7.com.mx\/index.php?rest_route=\/wp\/v2\/media\/3294"}],"wp:attachment":[{"href":"https:\/\/www.diarionoti7.com.mx\/index.php?rest_route=%2Fwp%2Fv2%2Fmedia&parent=3292"}],"wp:term":[{"taxonomy":"category","embeddable":true,"href":"https:\/\/www.diarionoti7.com.mx\/index.php?rest_route=%2Fwp%2Fv2%2Fcategories&post=3292"},{"taxonomy":"post_tag","embeddable":true,"href":"https:\/\/www.diarionoti7.com.mx\/index.php?rest_route=%2Fwp%2Fv2%2Ftags&post=3292"}],"curies":[{"name":"wp","href":"https:\/\/api.w.org\/{rel}","templated":true}]}}