{"id":3274,"date":"2023-03-06T15:22:45","date_gmt":"2023-03-06T15:22:45","guid":{"rendered":"https:\/\/www.diarionoti7.com.mx\/?p=3274"},"modified":"2023-03-06T15:23:55","modified_gmt":"2023-03-06T15:23:55","slug":"sujeto-fue-vinculado-a-proceso-por-homicidio-doloso-en-grado-de-tentativa-baleo-a-un-automovil-con-50-disparos-e-hirio-de-dos-personas","status":"publish","type":"post","link":"https:\/\/www.diarionoti7.com.mx\/?p=3274","title":{"rendered":"Sujeto Fue Vinculado a Proceso Por Homicidio Doloso en Grado de Tentativa, Baleo a un Autom\u00f3vil con 50 Disparos e Hiri\u00f3 de Dos Personas"},"content":{"rendered":"\t\t<div data-elementor-type=\"wp-post\" data-elementor-id=\"3274\" class=\"elementor elementor-3274\">\n\t\t\t\t\t\t\t\t\t<section class=\"elementor-section elementor-top-section elementor-element elementor-element-51c23a4c elementor-section-boxed elementor-section-height-default elementor-section-height-default\" data-id=\"51c23a4c\" data-element_type=\"section\">\n\t\t\t\t\t\t<div class=\"elementor-container elementor-column-gap-default\">\n\t\t\t\t\t<div class=\"elementor-column elementor-col-100 elementor-top-column elementor-element elementor-element-7d2e0b6e\" data-id=\"7d2e0b6e\" data-element_type=\"column\">\n\t\t\t<div class=\"elementor-widget-wrap elementor-element-populated\">\n\t\t\t\t\t\t\t\t<div class=\"elementor-element elementor-element-2f2290cd elementor-widget elementor-widget-text-editor\" data-id=\"2f2290cd\" data-element_type=\"widget\" data-widget_type=\"text-editor.default\">\n\t\t\t\t<div class=\"elementor-widget-container\">\n\t\t\t<style>\/*! elementor - v3.10.2 - 29-01-2023 *\/\n.elementor-widget-text-editor.elementor-drop-cap-view-stacked .elementor-drop-cap{background-color:#818a91;color:#fff}.elementor-widget-text-editor.elementor-drop-cap-view-framed .elementor-drop-cap{color:#818a91;border:3px solid;background-color:transparent}.elementor-widget-text-editor:not(.elementor-drop-cap-view-default) .elementor-drop-cap{margin-top:8px}.elementor-widget-text-editor:not(.elementor-drop-cap-view-default) .elementor-drop-cap-letter{width:1em;height:1em}.elementor-widget-text-editor .elementor-drop-cap{float:left;text-align:center;line-height:1;font-size:50px}.elementor-widget-text-editor .elementor-drop-cap-letter{display:inline-block}<\/style>\t\t\t\t<p><strong>Pachuca, Hgo. 5 de marzo de 2023.-<\/strong>Agentes del Ministerio P\u00fablico adscritos a la Unidad Especializada en la Investigaci\u00f3n de Homicidio Doloso y Narcomenudeo, de la Procuradur\u00eda General de Justicia del Estado de Hidalgo (PGJEH), lograron la vinculaci\u00f3n a proceso de una persona investigada por homicidio doloso en grado de tentativa.<\/p><p>Los hechos imputados ocurrieron en Tula de Allende el pasado 24 de febrero, cuando las v\u00edctimas identificadas con las iniciales M. L. C., y A. G. G. A., viajaban en un autom\u00f3vil tipo Camaro, en el momento en que fueron atacados con disparos de arma de fuego.<\/p><p>Despu\u00e9s de la agresi\u00f3n, diversas corporaciones de polic\u00eda montaron un operativo mediante el que se detuvo a uno de los probables, quien est\u00e1 identificado como C. G. G.<\/p><p>Luego de la detenci\u00f3n, el Ministerio P\u00fablico se alleg\u00f3 de datos de prueba y en audiencia inicial formul\u00f3 imputaci\u00f3n contra C. G. G., por homicidio doloso en grado de tentativa, en agravio de dos personas.<\/p><p>El imputado se acogi\u00f3 a la duplicidad del t\u00e9rmino constitucional de 144 horas y durante la continuidad de la audiencia inicial la autoridad judicial determin\u00f3 la vinculaci\u00f3n a proceso y estableci\u00f3 un plazo de tres meses para el cierre de la investigaci\u00f3n complementaria.<\/p><p>La medida cautelar impuesta al vinculado a proceso es la prisi\u00f3n preventiva oficiosa.<\/p>\t\t\t\t\t\t<\/div>\n\t\t\t\t<\/div>\n\t\t\t\t\t<\/div>\n\t\t<\/div>\n\t\t\t\t\t\t\t<\/div>\n\t\t<\/section>\n\t\t\t\t\t\t\t<\/div>\n\t\t","protected":false},"excerpt":{"rendered":"<p>Pachuca, Hgo. 5 de marzo de 2023.-Agentes del Ministerio P\u00fablico adscritos a la Unidad Especializada en la Investigaci\u00f3n de Homicidio Doloso y Narcomenudeo, de la Procuradur\u00eda General de Justicia del Estado de Hidalgo (PGJEH), lograron la vinculaci\u00f3n a proceso de una persona investigada por homicidio doloso en grado de tentativa. Los hechos imputados ocurrieron en [&hellip;]<\/p>\n","protected":false},"author":1,"featured_media":3276,"comment_status":"closed","ping_status":"closed","sticky":false,"template":"","format":"standard","meta":[],"categories":[22],"tags":[],"_links":{"self":[{"href":"https:\/\/www.diarionoti7.com.mx\/index.php?rest_route=\/wp\/v2\/posts\/3274"}],"collection":[{"href":"https:\/\/www.diarionoti7.com.mx\/index.php?rest_route=\/wp\/v2\/posts"}],"about":[{"href":"https:\/\/www.diarionoti7.com.mx\/index.php?rest_route=\/wp\/v2\/types\/post"}],"author":[{"embeddable":true,"href":"https:\/\/www.diarionoti7.com.mx\/index.php?rest_route=\/wp\/v2\/users\/1"}],"replies":[{"embeddable":true,"href":"https:\/\/www.diarionoti7.com.mx\/index.php?rest_route=%2Fwp%2Fv2%2Fcomments&post=3274"}],"version-history":[{"count":4,"href":"https:\/\/www.diarionoti7.com.mx\/index.php?rest_route=\/wp\/v2\/posts\/3274\/revisions"}],"predecessor-version":[{"id":3279,"href":"https:\/\/www.diarionoti7.com.mx\/index.php?rest_route=\/wp\/v2\/posts\/3274\/revisions\/3279"}],"wp:featuredmedia":[{"embeddable":true,"href":"https:\/\/www.diarionoti7.com.mx\/index.php?rest_route=\/wp\/v2\/media\/3276"}],"wp:attachment":[{"href":"https:\/\/www.diarionoti7.com.mx\/index.php?rest_route=%2Fwp%2Fv2%2Fmedia&parent=3274"}],"wp:term":[{"taxonomy":"category","embeddable":true,"href":"https:\/\/www.diarionoti7.com.mx\/index.php?rest_route=%2Fwp%2Fv2%2Fcategories&post=3274"},{"taxonomy":"post_tag","embeddable":true,"href":"https:\/\/www.diarionoti7.com.mx\/index.php?rest_route=%2Fwp%2Fv2%2Ftags&post=3274"}],"curies":[{"name":"wp","href":"https:\/\/api.w.org\/{rel}","templated":true}]}}