{"id":3263,"date":"2023-03-05T17:19:53","date_gmt":"2023-03-05T17:19:53","guid":{"rendered":"https:\/\/www.diarionoti7.com.mx\/?p=3263"},"modified":"2023-03-05T17:21:10","modified_gmt":"2023-03-05T17:21:10","slug":"julio-menchaca-evalua-resultados-de-seis-meses-de-su-gobierno-en-reunion-con-su-gabinete","status":"publish","type":"post","link":"https:\/\/www.diarionoti7.com.mx\/?p=3263","title":{"rendered":"Julio Menchaca Eval\u00faa Resultados de Seis Meses de  su Gobierno en Reuni\u00f3n con su Gabinete"},"content":{"rendered":"\t\t<div data-elementor-type=\"wp-post\" data-elementor-id=\"3263\" class=\"elementor elementor-3263\">\n\t\t\t\t\t\t\t\t\t<section class=\"elementor-section elementor-top-section elementor-element elementor-element-51c23a4c elementor-section-boxed elementor-section-height-default elementor-section-height-default\" data-id=\"51c23a4c\" data-element_type=\"section\">\n\t\t\t\t\t\t<div class=\"elementor-container elementor-column-gap-default\">\n\t\t\t\t\t<div class=\"elementor-column elementor-col-100 elementor-top-column elementor-element elementor-element-7d2e0b6e\" data-id=\"7d2e0b6e\" data-element_type=\"column\">\n\t\t\t<div class=\"elementor-widget-wrap elementor-element-populated\">\n\t\t\t\t\t\t\t\t<div class=\"elementor-element elementor-element-2f2290cd elementor-widget elementor-widget-text-editor\" data-id=\"2f2290cd\" data-element_type=\"widget\" data-widget_type=\"text-editor.default\">\n\t\t\t\t<div class=\"elementor-widget-container\">\n\t\t\t<style>\/*! elementor - v3.10.2 - 29-01-2023 *\/\n.elementor-widget-text-editor.elementor-drop-cap-view-stacked .elementor-drop-cap{background-color:#818a91;color:#fff}.elementor-widget-text-editor.elementor-drop-cap-view-framed .elementor-drop-cap{color:#818a91;border:3px solid;background-color:transparent}.elementor-widget-text-editor:not(.elementor-drop-cap-view-default) .elementor-drop-cap{margin-top:8px}.elementor-widget-text-editor:not(.elementor-drop-cap-view-default) .elementor-drop-cap-letter{width:1em;height:1em}.elementor-widget-text-editor .elementor-drop-cap{float:left;text-align:center;line-height:1;font-size:50px}.elementor-widget-text-editor .elementor-drop-cap-letter{display:inline-block}<\/style>\t\t\t\t<p><strong>Pachuca, Hgo. 4 de marzo 2023.- <\/strong>El gobernador de Hidalgo,\u00a0Julio Menchaca Salazar, \u00a0dio a conocer a trav\u00e9s de sus redes sociales\u00a0 que se reuni\u00f3 con su gabinete para evaluar los resultados a seis meses de su gobierno.<\/p><p>Precisa el mandatario hidalguense: \u201cMe reun\u00ed con las y los titulares de cada Secretar\u00eda para evaluar los resultados y avances despu\u00e9s de 6 meses de administraci\u00f3n\u201d.<\/p><p>Y asegur\u00f3: \u201cEstamos caminando hacia el Hidalgo que queremos, por ello les invit\u00e9 a redoblar esfuerzos, trabajar en equipo y continuar esta labor con compromiso para el beneficio de todas y todos los hidalguenses\u201d.<\/p>\t\t\t\t\t\t<\/div>\n\t\t\t\t<\/div>\n\t\t\t\t\t<\/div>\n\t\t<\/div>\n\t\t\t\t\t\t\t<\/div>\n\t\t<\/section>\n\t\t\t\t\t\t\t<\/div>\n\t\t","protected":false},"excerpt":{"rendered":"<p>Pachuca, Hgo. 4 de marzo 2023.- El gobernador de Hidalgo,\u00a0Julio Menchaca Salazar, \u00a0dio a conocer a trav\u00e9s de sus redes sociales\u00a0 que se reuni\u00f3 con su gabinete para evaluar los resultados a seis meses de su gobierno. Precisa el mandatario hidalguense: \u201cMe reun\u00ed con las y los titulares de cada Secretar\u00eda para evaluar los resultados [&hellip;]<\/p>\n","protected":false},"author":1,"featured_media":3265,"comment_status":"closed","ping_status":"closed","sticky":false,"template":"","format":"standard","meta":[],"categories":[7],"tags":[],"_links":{"self":[{"href":"https:\/\/www.diarionoti7.com.mx\/index.php?rest_route=\/wp\/v2\/posts\/3263"}],"collection":[{"href":"https:\/\/www.diarionoti7.com.mx\/index.php?rest_route=\/wp\/v2\/posts"}],"about":[{"href":"https:\/\/www.diarionoti7.com.mx\/index.php?rest_route=\/wp\/v2\/types\/post"}],"author":[{"embeddable":true,"href":"https:\/\/www.diarionoti7.com.mx\/index.php?rest_route=\/wp\/v2\/users\/1"}],"replies":[{"embeddable":true,"href":"https:\/\/www.diarionoti7.com.mx\/index.php?rest_route=%2Fwp%2Fv2%2Fcomments&post=3263"}],"version-history":[{"count":4,"href":"https:\/\/www.diarionoti7.com.mx\/index.php?rest_route=\/wp\/v2\/posts\/3263\/revisions"}],"predecessor-version":[{"id":3268,"href":"https:\/\/www.diarionoti7.com.mx\/index.php?rest_route=\/wp\/v2\/posts\/3263\/revisions\/3268"}],"wp:featuredmedia":[{"embeddable":true,"href":"https:\/\/www.diarionoti7.com.mx\/index.php?rest_route=\/wp\/v2\/media\/3265"}],"wp:attachment":[{"href":"https:\/\/www.diarionoti7.com.mx\/index.php?rest_route=%2Fwp%2Fv2%2Fmedia&parent=3263"}],"wp:term":[{"taxonomy":"category","embeddable":true,"href":"https:\/\/www.diarionoti7.com.mx\/index.php?rest_route=%2Fwp%2Fv2%2Fcategories&post=3263"},{"taxonomy":"post_tag","embeddable":true,"href":"https:\/\/www.diarionoti7.com.mx\/index.php?rest_route=%2Fwp%2Fv2%2Ftags&post=3263"}],"curies":[{"name":"wp","href":"https:\/\/api.w.org\/{rel}","templated":true}]}}