{"id":3257,"date":"2023-03-05T17:18:07","date_gmt":"2023-03-05T17:18:07","guid":{"rendered":"https:\/\/www.diarionoti7.com.mx\/?p=3257"},"modified":"2023-03-05T17:19:45","modified_gmt":"2023-03-05T17:19:45","slug":"participa-sedeco-en-el-1er-encuentro-internacional-de-negocios-de-la-anierm","status":"publish","type":"post","link":"https:\/\/www.diarionoti7.com.mx\/?p=3257","title":{"rendered":"Participa Sedeco en el 1er  Encuentro Internacional de Negocios de la ANIERM"},"content":{"rendered":"\t\t<div data-elementor-type=\"wp-post\" data-elementor-id=\"3257\" class=\"elementor elementor-3257\">\n\t\t\t\t\t\t\t\t\t<section class=\"elementor-section elementor-top-section elementor-element elementor-element-51c23a4c elementor-section-boxed elementor-section-height-default elementor-section-height-default\" data-id=\"51c23a4c\" data-element_type=\"section\">\n\t\t\t\t\t\t<div class=\"elementor-container elementor-column-gap-default\">\n\t\t\t\t\t<div class=\"elementor-column elementor-col-100 elementor-top-column elementor-element elementor-element-7d2e0b6e\" data-id=\"7d2e0b6e\" data-element_type=\"column\">\n\t\t\t<div class=\"elementor-widget-wrap elementor-element-populated\">\n\t\t\t\t\t\t\t\t<div class=\"elementor-element elementor-element-2f2290cd elementor-widget elementor-widget-text-editor\" data-id=\"2f2290cd\" data-element_type=\"widget\" data-widget_type=\"text-editor.default\">\n\t\t\t\t<div class=\"elementor-widget-container\">\n\t\t\t<style>\/*! elementor - v3.10.2 - 29-01-2023 *\/\n.elementor-widget-text-editor.elementor-drop-cap-view-stacked .elementor-drop-cap{background-color:#818a91;color:#fff}.elementor-widget-text-editor.elementor-drop-cap-view-framed .elementor-drop-cap{color:#818a91;border:3px solid;background-color:transparent}.elementor-widget-text-editor:not(.elementor-drop-cap-view-default) .elementor-drop-cap{margin-top:8px}.elementor-widget-text-editor:not(.elementor-drop-cap-view-default) .elementor-drop-cap-letter{width:1em;height:1em}.elementor-widget-text-editor .elementor-drop-cap{float:left;text-align:center;line-height:1;font-size:50px}.elementor-widget-text-editor .elementor-drop-cap-letter{display:inline-block}<\/style>\t\t\t\t<p><strong>*Asistieron representantes de las embajadas de Azerbaiy\u00e1n, B\u00e9lgica, Canad\u00e1, Colombia, Costa Rica, Ecuador, Panam\u00e1, Rep\u00fablica Isl\u00e1mica de Ir\u00e1n, Malasia y Per\u00fa<\/strong><\/p><p><strong>Pachuca, Hgo, 4 de marzo 2023.- <\/strong>La Secretar\u00eda de Desarrollo Econ\u00f3mico de Hidalgo, particip\u00f3 en el 1.er Encuentro Internacional de Negocios de la Asociaci\u00f3n Nacional de Importadores y Exportadores de la Rep\u00fablica Mexicana (ANIERM).<\/p><p>Este encuentro ofrece las bases para generar colaboraci\u00f3n y trabajo coordinado entre el Gobierno del Estado de Hidalgo, el municipio de Villa de Tezontepec y el Parque Industrial PLATAH, a fin de atraer inversi\u00f3n extranjera y para la exportaci\u00f3n de productos locales y regionales, impulsando as\u00ed el desarrollo econ\u00f3mico de la regi\u00f3n.<\/p><p>El subsecretario de Fomento Econ\u00f3mico, Horacio R\u00edos Cano, asisti\u00f3 en representaci\u00f3n del secretario de Desarrollo Econ\u00f3mico, Carlos Henkel Escorza, donde mencion\u00f3 que la Sedeco cuenta con diversas estrategias para fomentar la coordinaci\u00f3n entre los sectores empresariales nacionales e internacionales y el gobierno estatal y municipal, a fin de impulsar las operaciones de comercio exterior en la entidad.<\/p><p>\u201cEste encuentro fomenta la cultura y potencializa el desarrollo econ\u00f3mico mediante el comercio de sus productos, demuestra las cualidades y ventajas log\u00edsticas de las regiones de Hidalgo, teniendo como referente al Parque Industrial PLATAH, el cual es de suma importancia por su conectividad y cercan\u00eda al AIFA, permiti\u00e9ndonos seguir trabajando para la generaci\u00f3n de nuevas oportunidades para las y los hidalguenses\u201d enfatiz\u00f3.<\/p><p>Con estas acciones se demuestra que en Hidalgo existe talento y recursos para recibir inversiones nacionales e internacionales de gran nivel, en concordancia con la visi\u00f3n del gobernador Julio Menchaca Salazar para lograr la transformaci\u00f3n de nuestro estado e impulsando las virtudes y potencialidades que ofrece sus zonas y parques industriales.<\/p>\t\t\t\t\t\t<\/div>\n\t\t\t\t<\/div>\n\t\t\t\t\t<\/div>\n\t\t<\/div>\n\t\t\t\t\t\t\t<\/div>\n\t\t<\/section>\n\t\t\t\t\t\t\t<\/div>\n\t\t","protected":false},"excerpt":{"rendered":"<p>*Asistieron representantes de las embajadas de Azerbaiy\u00e1n, B\u00e9lgica, Canad\u00e1, Colombia, Costa Rica, Ecuador, Panam\u00e1, Rep\u00fablica Isl\u00e1mica de Ir\u00e1n, Malasia y Per\u00fa Pachuca, Hgo, 4 de marzo 2023.- La Secretar\u00eda de Desarrollo Econ\u00f3mico de Hidalgo, particip\u00f3 en el 1.er Encuentro Internacional de Negocios de la Asociaci\u00f3n Nacional de Importadores y Exportadores de la Rep\u00fablica Mexicana (ANIERM). [&hellip;]<\/p>\n","protected":false},"author":1,"featured_media":3259,"comment_status":"closed","ping_status":"closed","sticky":false,"template":"","format":"standard","meta":[],"categories":[6],"tags":[],"_links":{"self":[{"href":"https:\/\/www.diarionoti7.com.mx\/index.php?rest_route=\/wp\/v2\/posts\/3257"}],"collection":[{"href":"https:\/\/www.diarionoti7.com.mx\/index.php?rest_route=\/wp\/v2\/posts"}],"about":[{"href":"https:\/\/www.diarionoti7.com.mx\/index.php?rest_route=\/wp\/v2\/types\/post"}],"author":[{"embeddable":true,"href":"https:\/\/www.diarionoti7.com.mx\/index.php?rest_route=\/wp\/v2\/users\/1"}],"replies":[{"embeddable":true,"href":"https:\/\/www.diarionoti7.com.mx\/index.php?rest_route=%2Fwp%2Fv2%2Fcomments&post=3257"}],"version-history":[{"count":4,"href":"https:\/\/www.diarionoti7.com.mx\/index.php?rest_route=\/wp\/v2\/posts\/3257\/revisions"}],"predecessor-version":[{"id":3262,"href":"https:\/\/www.diarionoti7.com.mx\/index.php?rest_route=\/wp\/v2\/posts\/3257\/revisions\/3262"}],"wp:featuredmedia":[{"embeddable":true,"href":"https:\/\/www.diarionoti7.com.mx\/index.php?rest_route=\/wp\/v2\/media\/3259"}],"wp:attachment":[{"href":"https:\/\/www.diarionoti7.com.mx\/index.php?rest_route=%2Fwp%2Fv2%2Fmedia&parent=3257"}],"wp:term":[{"taxonomy":"category","embeddable":true,"href":"https:\/\/www.diarionoti7.com.mx\/index.php?rest_route=%2Fwp%2Fv2%2Fcategories&post=3257"},{"taxonomy":"post_tag","embeddable":true,"href":"https:\/\/www.diarionoti7.com.mx\/index.php?rest_route=%2Fwp%2Fv2%2Ftags&post=3257"}],"curies":[{"name":"wp","href":"https:\/\/api.w.org\/{rel}","templated":true}]}}