{"id":3245,"date":"2023-03-05T17:14:22","date_gmt":"2023-03-05T17:14:22","guid":{"rendered":"https:\/\/www.diarionoti7.com.mx\/?p=3245"},"modified":"2023-03-05T17:15:50","modified_gmt":"2023-03-05T17:15:50","slug":"la-pgjeh-ya-tiene-un-caso-de-tepetitlan-de-bien-inmueble-que-sera-entregado-al-instituto-para-devolver-al-pueblo-lo-robado","status":"publish","type":"post","link":"https:\/\/www.diarionoti7.com.mx\/?p=3245","title":{"rendered":"La PGJEH ya Tiene Un Caso de Tepetitlan de Bien Inmueble que Ser\u00e1 Entregado al Instituto Para Devolver al Pueblo lo Robado"},"content":{"rendered":"\t\t<div data-elementor-type=\"wp-post\" data-elementor-id=\"3245\" class=\"elementor elementor-3245\">\n\t\t\t\t\t\t\t\t\t<section class=\"elementor-section elementor-top-section elementor-element elementor-element-51c23a4c elementor-section-boxed elementor-section-height-default elementor-section-height-default\" data-id=\"51c23a4c\" data-element_type=\"section\">\n\t\t\t\t\t\t<div class=\"elementor-container elementor-column-gap-default\">\n\t\t\t\t\t<div class=\"elementor-column elementor-col-100 elementor-top-column elementor-element elementor-element-7d2e0b6e\" data-id=\"7d2e0b6e\" data-element_type=\"column\">\n\t\t\t<div class=\"elementor-widget-wrap elementor-element-populated\">\n\t\t\t\t\t\t\t\t<div class=\"elementor-element elementor-element-2f2290cd elementor-widget elementor-widget-text-editor\" data-id=\"2f2290cd\" data-element_type=\"widget\" data-widget_type=\"text-editor.default\">\n\t\t\t\t<div class=\"elementor-widget-container\">\n\t\t\t<style>\/*! elementor - v3.10.2 - 29-01-2023 *\/\n.elementor-widget-text-editor.elementor-drop-cap-view-stacked .elementor-drop-cap{background-color:#818a91;color:#fff}.elementor-widget-text-editor.elementor-drop-cap-view-framed .elementor-drop-cap{color:#818a91;border:3px solid;background-color:transparent}.elementor-widget-text-editor:not(.elementor-drop-cap-view-default) .elementor-drop-cap{margin-top:8px}.elementor-widget-text-editor:not(.elementor-drop-cap-view-default) .elementor-drop-cap-letter{width:1em;height:1em}.elementor-widget-text-editor .elementor-drop-cap{float:left;text-align:center;line-height:1;font-size:50px}.elementor-widget-text-editor .elementor-drop-cap-letter{display:inline-block}<\/style>\t\t\t\t<p><strong>*Adem\u00e1s, van a presentar son una serie de veh\u00edculos que no cuentan con reporte de robo y que han sido asegurados por parte del Ministerio P\u00fablico en distintos cateos, particularmente con los asuntos de narco menudeo y temas vinculados con secuestro<\/strong><\/p><p><strong>Pachuca, Hgo. 4 de marzo 2023.- <\/strong>La Procuradur\u00eda contribuir\u00e1 al presentar las primeras demandas ante la Tribunal Superior de Justicia, que se presentar\u00e1 en sede civil, y ya tienen un caso en Tepetitl\u00e1n de un bien inmueble que va a ser entregado, expres\u00f3 Santiago Nieto Castillo, encargado del Despacho de la Procuradur\u00eda General de Justicia del Estado de Hidalgo.<\/p><p>Adem\u00e1s, destaco \u00a0que van a presentar son una serie de veh\u00edculos que no cuentan con reporte de robo y que han sido asegurados por parte del Ministerio P\u00fablico en distintos cateos, particularmente con los asuntos de narco menudeo y temas vinculados con secuestro, porque no en todos los casos se permite la extensi\u00f3n de dominio.<\/p><p>Por ello explic\u00f3 \u00a0que presentar\u00e1n un informe en la siguiente sesi\u00f3n del Consejo Directivo del Instituto para Devolverlo al pueblo lo Robado, respecto a los bienes que plantearan \u00a0ante el Tribunal Superior de Justicia durante este mes, solo falta un aval\u00fao para determinar cu\u00e1l es el monto de los bienes.<\/p><p>Pero aclar\u00f3\u00a0 que \u00a0ser\u00e1 el propio Tribunal de Justicia que evaluar\u00e1 para efectos de poder extinguir el dominio y despu\u00e9s entreg\u00e1rselo al Instituto para que determine su venta, que puede ser por subasta o renta. \u00a0<\/p><p>Por ultimo dijo que \u00a0hay un gabinete social, de acuerdo con la propia ley que encabeza el gobernador Julio Menchaca, para poder determinar a qu\u00e9 municipios ser\u00e1n destinados los bienes en los que logren la extinci\u00f3n de dominio.<\/p>\t\t\t\t\t\t<\/div>\n\t\t\t\t<\/div>\n\t\t\t\t\t<\/div>\n\t\t<\/div>\n\t\t\t\t\t\t\t<\/div>\n\t\t<\/section>\n\t\t\t\t\t\t\t<\/div>\n\t\t","protected":false},"excerpt":{"rendered":"<p>*Adem\u00e1s, van a presentar son una serie de veh\u00edculos que no cuentan con reporte de robo y que han sido asegurados por parte del Ministerio P\u00fablico en distintos cateos, particularmente con los asuntos de narco menudeo y temas vinculados con secuestro Pachuca, Hgo. 4 de marzo 2023.- La Procuradur\u00eda contribuir\u00e1 al presentar las primeras demandas [&hellip;]<\/p>\n","protected":false},"author":1,"featured_media":3247,"comment_status":"closed","ping_status":"closed","sticky":false,"template":"","format":"standard","meta":[],"categories":[22],"tags":[],"_links":{"self":[{"href":"https:\/\/www.diarionoti7.com.mx\/index.php?rest_route=\/wp\/v2\/posts\/3245"}],"collection":[{"href":"https:\/\/www.diarionoti7.com.mx\/index.php?rest_route=\/wp\/v2\/posts"}],"about":[{"href":"https:\/\/www.diarionoti7.com.mx\/index.php?rest_route=\/wp\/v2\/types\/post"}],"author":[{"embeddable":true,"href":"https:\/\/www.diarionoti7.com.mx\/index.php?rest_route=\/wp\/v2\/users\/1"}],"replies":[{"embeddable":true,"href":"https:\/\/www.diarionoti7.com.mx\/index.php?rest_route=%2Fwp%2Fv2%2Fcomments&post=3245"}],"version-history":[{"count":4,"href":"https:\/\/www.diarionoti7.com.mx\/index.php?rest_route=\/wp\/v2\/posts\/3245\/revisions"}],"predecessor-version":[{"id":3250,"href":"https:\/\/www.diarionoti7.com.mx\/index.php?rest_route=\/wp\/v2\/posts\/3245\/revisions\/3250"}],"wp:featuredmedia":[{"embeddable":true,"href":"https:\/\/www.diarionoti7.com.mx\/index.php?rest_route=\/wp\/v2\/media\/3247"}],"wp:attachment":[{"href":"https:\/\/www.diarionoti7.com.mx\/index.php?rest_route=%2Fwp%2Fv2%2Fmedia&parent=3245"}],"wp:term":[{"taxonomy":"category","embeddable":true,"href":"https:\/\/www.diarionoti7.com.mx\/index.php?rest_route=%2Fwp%2Fv2%2Fcategories&post=3245"},{"taxonomy":"post_tag","embeddable":true,"href":"https:\/\/www.diarionoti7.com.mx\/index.php?rest_route=%2Fwp%2Fv2%2Ftags&post=3245"}],"curies":[{"name":"wp","href":"https:\/\/api.w.org\/{rel}","templated":true}]}}