{"id":3036,"date":"2023-03-02T16:47:45","date_gmt":"2023-03-02T16:47:45","guid":{"rendered":"https:\/\/www.diarionoti7.com.mx\/?p=3036"},"modified":"2023-03-02T16:48:32","modified_gmt":"2023-03-02T16:48:32","slug":"participa-menchaca-salazar-en-firma-de-convenio-de-seguridad-con-entidades-federativas","status":"publish","type":"post","link":"https:\/\/www.diarionoti7.com.mx\/?p=3036","title":{"rendered":"Participa Menchaca Salazar en Firma de Convenio de Seguridad Con Entidades Federativas"},"content":{"rendered":"\t\t<div data-elementor-type=\"wp-post\" data-elementor-id=\"3036\" class=\"elementor elementor-3036\">\n\t\t\t\t\t\t\t\t\t<section class=\"elementor-section elementor-top-section elementor-element elementor-element-51c23a4c elementor-section-boxed elementor-section-height-default elementor-section-height-default\" data-id=\"51c23a4c\" data-element_type=\"section\">\n\t\t\t\t\t\t<div class=\"elementor-container elementor-column-gap-default\">\n\t\t\t\t\t<div class=\"elementor-column elementor-col-100 elementor-top-column elementor-element elementor-element-7d2e0b6e\" data-id=\"7d2e0b6e\" data-element_type=\"column\">\n\t\t\t<div class=\"elementor-widget-wrap elementor-element-populated\">\n\t\t\t\t\t\t\t\t<div class=\"elementor-element elementor-element-2f2290cd elementor-widget elementor-widget-text-editor\" data-id=\"2f2290cd\" data-element_type=\"widget\" data-widget_type=\"text-editor.default\">\n\t\t\t\t<div class=\"elementor-widget-container\">\n\t\t\t<style>\/*! elementor - v3.10.2 - 29-01-2023 *\/\n.elementor-widget-text-editor.elementor-drop-cap-view-stacked .elementor-drop-cap{background-color:#818a91;color:#fff}.elementor-widget-text-editor.elementor-drop-cap-view-framed .elementor-drop-cap{color:#818a91;border:3px solid;background-color:transparent}.elementor-widget-text-editor:not(.elementor-drop-cap-view-default) .elementor-drop-cap{margin-top:8px}.elementor-widget-text-editor:not(.elementor-drop-cap-view-default) .elementor-drop-cap-letter{width:1em;height:1em}.elementor-widget-text-editor .elementor-drop-cap{float:left;text-align:center;line-height:1;font-size:50px}.elementor-widget-text-editor .elementor-drop-cap-letter{display:inline-block}<\/style>\t\t\t\t<p><strong>*El estado de Hidalgo recibir\u00e1 232 millones de pesos por parte de la Federaci\u00f3n para reforzar las tareas de seguridad y prevenci\u00f3n del delito<\/strong><\/p><p><strong>Puebla, Puebla, 1 de marzo de 2023.-<\/strong>Con el objetivo de reforzar los trabajos de cooperaci\u00f3n en materia de seguridad con los estados de la zona centro del pa\u00eds, el gobernador de Hidalgo Julio Menchaca Salazar, particip\u00f3 en la firma del Convenio de coordinaci\u00f3n del Fondo de Aportaciones para la Seguridad P\u00fablica (FASP), esfuerzo impulsado por el Gobierno de M\u00e9xico.<\/p><p>El secretario de Gobernaci\u00f3n, Ad\u00e1n Augusto L\u00f3pez Hern\u00e1ndez, destac\u00f3 que la obligaci\u00f3n de cualquier gobierno es proporcionar seguridad a las y los ciudadanos, por lo que el trabajo coordinado de los tres \u00f3rdenes de gobierno dar\u00e1 como resultado un pa\u00eds m\u00e1s seguro: \u201cTrabajamos juntas y juntos para ganarle la batalla a la delincuencia, les exhorto a que sigamos unidos y garantizar a las y los mexicanos paz y tranquilidad\u201d.<\/p><p>La secretaria de Seguridad y Protecci\u00f3n Ciudadana, Rosa Icela Rodr\u00edguez Vel\u00e1zquez, record\u00f3 que la seguridad es uno de los mayores compromisos del presidente Andr\u00e9s Manuel L\u00f3pez Obrador, por lo que esta coordinaci\u00f3n es clave en la disminuci\u00f3n de la incidencia delictiva y la impunidad.<\/p><p>\u201cTenemos como prioridad las cero corrupciones y las cero impunidades, los estados y los municipios cuentan con nosotros, porque solo as\u00ed podemos construir la paz que la sociedad demanda. Este a\u00f1o, creci\u00f3 el FASP en un 10 por ciento, por lo que contamos con m\u00e1s de 8 mil 786 millones de pesos para los estados de la zona centro del pa\u00eds, de los cuales el estado de Hidalgo recibir\u00e1 232 millones de pesos\u201d.<\/p><p>\u201cLa seguridad es una tarea compartida\u201d, puntualiz\u00f3 la titular del Secretariado Ejecutivo del Sistema Nacional de Seguridad P\u00fablica, Clara Luz Flores Carrales, quien dio a conocer que este fondo es un recurso que la Federaci\u00f3n transfiere a cada uno de los estados para garantizar la efectividad de la Estrategia Nacional de Seguridad en todo el territorio mexicano.<\/p><p>\u201cTenemos ocho prioridades en la materia autorizadas por el Consejo Nacional de Seguridad P\u00fablica; la dignificaci\u00f3n de las y los trabajadores de seguridad y procuraci\u00f3n de justicia, la profesionalizaci\u00f3n y capacitaci\u00f3n policiaca, la mejora de infraestructura, el Sistema de Est\u00e1ndares de Trabajo y Rendici\u00f3n de Cuentas, la prevenci\u00f3n de la violencia y el delito, la prevenci\u00f3n de la violencia contra las mujeres, el fortalecimiento del Sistema Penitenciario Nacional y el Sistema Nacional de Informaci\u00f3n\u201d, declar\u00f3.<\/p><p>Sergio Salom\u00f3n C\u00e9spedes Peregrina, gobernador del estado de Puebla y anfitri\u00f3n de este encuentro, explic\u00f3 que la firma de estos convenios de colaboraci\u00f3n en materia de seguridad representa el compromiso que busca dar la certeza de que el Estado asume el reto de brindar mejores espacios para el pueblo de M\u00e9xico.<\/p><p>\u201cHoy enfrentamos el compromiso de brindar seguridad a las personas y a su patrimonio. Vivimos tiempos convulsos donde como gobernadoras y gobernadores nos vemos inmersos en las exigencias que las nuevas generaciones reclaman\u201d, dijo.<\/p><p>Reiter\u00f3 que el Estado Mexicano debe priorizar el reclamo de seguridad por parte de la ciudadan\u00eda: \u201cEste es un llamado a las y los gobernadores para asumir el reto de hacernos cargo de las familias de nuestros cuerpos policiacos, generando mejores condiciones para que est\u00e9n tranquilas, mientras ellas y ellos nos protegen\u201d.<\/p><p>Al gobernador Menchaca Salazar le acompa\u00f1aron el titular del Secretariado Ejecutivo del Consejo Estatal de Seguridad, Carlos Emigdio Arozqueta Sol\u00eds, y el secretario de Seguridad, Salvador Cruz Neri, quienes se comprometieron a reforzar los trabajos de coordinaci\u00f3n con las entidades lim\u00edtrofes.<\/p>\t\t\t\t\t\t<\/div>\n\t\t\t\t<\/div>\n\t\t\t\t\t<\/div>\n\t\t<\/div>\n\t\t\t\t\t\t\t<\/div>\n\t\t<\/section>\n\t\t\t\t\t\t\t<\/div>\n\t\t","protected":false},"excerpt":{"rendered":"<p>*El estado de Hidalgo recibir\u00e1 232 millones de pesos por parte de la Federaci\u00f3n para reforzar las tareas de seguridad y prevenci\u00f3n del delito Puebla, Puebla, 1 de marzo de 2023.-Con el objetivo de reforzar los trabajos de cooperaci\u00f3n en materia de seguridad con los estados de la zona centro del pa\u00eds, el gobernador de [&hellip;]<\/p>\n","protected":false},"author":1,"featured_media":3038,"comment_status":"closed","ping_status":"closed","sticky":false,"template":"","format":"standard","meta":[],"categories":[7],"tags":[],"_links":{"self":[{"href":"https:\/\/www.diarionoti7.com.mx\/index.php?rest_route=\/wp\/v2\/posts\/3036"}],"collection":[{"href":"https:\/\/www.diarionoti7.com.mx\/index.php?rest_route=\/wp\/v2\/posts"}],"about":[{"href":"https:\/\/www.diarionoti7.com.mx\/index.php?rest_route=\/wp\/v2\/types\/post"}],"author":[{"embeddable":true,"href":"https:\/\/www.diarionoti7.com.mx\/index.php?rest_route=\/wp\/v2\/users\/1"}],"replies":[{"embeddable":true,"href":"https:\/\/www.diarionoti7.com.mx\/index.php?rest_route=%2Fwp%2Fv2%2Fcomments&post=3036"}],"version-history":[{"count":4,"href":"https:\/\/www.diarionoti7.com.mx\/index.php?rest_route=\/wp\/v2\/posts\/3036\/revisions"}],"predecessor-version":[{"id":3041,"href":"https:\/\/www.diarionoti7.com.mx\/index.php?rest_route=\/wp\/v2\/posts\/3036\/revisions\/3041"}],"wp:featuredmedia":[{"embeddable":true,"href":"https:\/\/www.diarionoti7.com.mx\/index.php?rest_route=\/wp\/v2\/media\/3038"}],"wp:attachment":[{"href":"https:\/\/www.diarionoti7.com.mx\/index.php?rest_route=%2Fwp%2Fv2%2Fmedia&parent=3036"}],"wp:term":[{"taxonomy":"category","embeddable":true,"href":"https:\/\/www.diarionoti7.com.mx\/index.php?rest_route=%2Fwp%2Fv2%2Fcategories&post=3036"},{"taxonomy":"post_tag","embeddable":true,"href":"https:\/\/www.diarionoti7.com.mx\/index.php?rest_route=%2Fwp%2Fv2%2Ftags&post=3036"}],"curies":[{"name":"wp","href":"https:\/\/api.w.org\/{rel}","templated":true}]}}