{"id":3030,"date":"2023-03-02T16:45:53","date_gmt":"2023-03-02T16:45:53","guid":{"rendered":"https:\/\/www.diarionoti7.com.mx\/?p=3030"},"modified":"2023-03-02T16:47:33","modified_gmt":"2023-03-02T16:47:33","slug":"sheinbaum-la-coordinacion-entre-el-gobierno-federal-y-las-entidades-de-la-republica-es-uno-de-los-elementos-fundamentales-para-propiciar-la-paz-y-la-seguridad","status":"publish","type":"post","link":"https:\/\/www.diarionoti7.com.mx\/?p=3030","title":{"rendered":"Sheinbaum: La Coordinaci\u00f3n Entre El Gobierno Federal y Las Entidades de La Rep\u00fablica, Es Uno de Los Elementos Fundamentales Para Propiciar La Paz y La Seguridad"},"content":{"rendered":"\t\t<div data-elementor-type=\"wp-post\" data-elementor-id=\"3030\" class=\"elementor elementor-3030\">\n\t\t\t\t\t\t\t\t\t<section class=\"elementor-section elementor-top-section elementor-element elementor-element-51c23a4c elementor-section-boxed elementor-section-height-default elementor-section-height-default\" data-id=\"51c23a4c\" data-element_type=\"section\">\n\t\t\t\t\t\t<div class=\"elementor-container elementor-column-gap-default\">\n\t\t\t\t\t<div class=\"elementor-column elementor-col-100 elementor-top-column elementor-element elementor-element-7d2e0b6e\" data-id=\"7d2e0b6e\" data-element_type=\"column\">\n\t\t\t<div class=\"elementor-widget-wrap elementor-element-populated\">\n\t\t\t\t\t\t\t\t<div class=\"elementor-element elementor-element-2f2290cd elementor-widget elementor-widget-text-editor\" data-id=\"2f2290cd\" data-element_type=\"widget\" data-widget_type=\"text-editor.default\">\n\t\t\t\t<div class=\"elementor-widget-container\">\n\t\t\t<style>\/*! elementor - v3.10.2 - 29-01-2023 *\/\n.elementor-widget-text-editor.elementor-drop-cap-view-stacked .elementor-drop-cap{background-color:#818a91;color:#fff}.elementor-widget-text-editor.elementor-drop-cap-view-framed .elementor-drop-cap{color:#818a91;border:3px solid;background-color:transparent}.elementor-widget-text-editor:not(.elementor-drop-cap-view-default) .elementor-drop-cap{margin-top:8px}.elementor-widget-text-editor:not(.elementor-drop-cap-view-default) .elementor-drop-cap-letter{width:1em;height:1em}.elementor-widget-text-editor .elementor-drop-cap{float:left;text-align:center;line-height:1;font-size:50px}.elementor-widget-text-editor .elementor-drop-cap-letter{display:inline-block}<\/style>\t\t\t\t<p><strong>-\u201cEn la Ciudad de M\u00e9xico hemos reducido en estos cuatro a\u00f1os alrededor del 50% los delitos de alto impacto y esto ha sido gracias a una estrategia de coordinaci\u00f3n\u201d, se\u00f1al\u00f3 Claudia Sheinbaum<\/strong><\/p><p><strong>&#8211; Este a\u00f1o por instrucci\u00f3n presidencial creci\u00f3 el Fondo de Aportaciones para la Seguridad P\u00fablica, en 10%, esto significa que para 2023 se destinar\u00e1n a 11 entidades m\u00e1s de 8,786 mdp.<\/strong><\/p><p><strong>Ciudad de M\u00e9xico, 1 de marzo de 2023.-<\/strong> La jefa de Gobierno de la Ciudad de M\u00e9xico, Claudia Sheinbaum Pardo asisti\u00f3 a la Firma de Convenio de Coordinaci\u00f3n del Fondo de Aportaciones para la Seguridad P\u00fablica (FASP) 2023 con entidades federativas, que se llev\u00f3 a cabo en el Estado de Puebla, bajo la anfitrion\u00eda del gobernador, Sergio Salom\u00f3n C\u00e9spedes Peregrina.<\/p><p>En su intervenci\u00f3n, Claudia Sheinbaum destac\u00f3 que, \u201cla coordinaci\u00f3n entre el Gobierno Federal y las entidades de la Rep\u00fablica es uno de los elementos fundamentales para poder propiciar la paz y la seguridad en nuestras entidades, en la Ciudad de M\u00e9xico hemos reducido en estos cuatro a\u00f1os alrededor del 50 por ciento los delitos de alto impacto\u201d.<\/p><p>A\u00f1adi\u00f3 que esto ha sido gracias a una estrategia de coordinaci\u00f3n en la que se prioriza tambi\u00e9n como uno de los ejes de acci\u00f3n la atenci\u00f3n a las causas.<\/p><p>\u201cPor supuesto como dice el presidente de la Rep\u00fablica coincidimos plenamente en que, sin atenci\u00f3n a las causas, sin darle oportunidad a las y a los j\u00f3venes ser\u00eda imposible poder concretar un espacio de seguridad y de paz\u201d, coment\u00f3.<\/p><p>La mandataria capitalina destac\u00f3 que, en la Ciudad de M\u00e9xico se han creado dos universidades nuevas y se han implementado una serie de acciones que complementan el programa de J\u00f3venes Construyendo el Futuro, al mismo tiempo que se ha priorizado la mejora de la Polic\u00eda de la Ciudad de M\u00e9xico, la inteligencia y la investigaci\u00f3n, pero sobre todo la coordinaci\u00f3n con la Secretar\u00eda de Seguridad P\u00fablica del Gobierno de M\u00e9xico, el gabinete de seguridad al que asiste la Secretar\u00eda de la Defensa, la Secretar\u00eda de la Marina y el apoyo de la Guardia Nacional.<\/p><p>\u201cPor supuesto como ciudad capital, es fundamental la coordinaci\u00f3n con las distintas entidades de la rep\u00fablica que son parte de la regi\u00f3n centro del pa\u00eds, yo agradezco mucho esta reuni\u00f3n ha sido muy fruct\u00edfera y adem\u00e1s este apoyo que se da a trav\u00e9s de los fondos federales, son fundamentales para poder propiciar la paz y la seguridad\u201d, dijo Claudia Sheinbaum, Pardo, jefa de gobierno de la capital del pa\u00eds.<\/p><p>\u201cHoy nos hemos dado cita en este lugar para cumplir con el compromiso de entregar recursos a los estados en materia de seguridad, hoy estuvimos reunidos con los m\u00e1ximos representantes de 11 entidades, con el prop\u00f3sito de fortalecer las actividades que se realizan en estos estados en materia de seguridad, este a\u00f1o por instrucci\u00f3n presidencial creci\u00f3 el Fondo de Aportaciones para la Seguridad P\u00fablica, el FASP, en 10%, esto significa que para 2023 tenemos m\u00e1s de 8 mil 786 millones de pesos\u201d, inform\u00f3, en su participaci\u00f3n, la Secretar\u00eda de Seguridad P\u00fablica del Gobierno de M\u00e9xico, Rosa Icela Rodr\u00edguez Vel\u00e1zquez.<\/p><p>La distribuci\u00f3n se dar\u00e1 de la siguiente manera: 227.5 millones para Aguascalientes; 233.2 millones para Colima; 542.1 millones para la Ciudad de M\u00e9xico; 604.5 millones para el Estado de M\u00e9xico; 250.6 millones para Guerrero; 232 millones para Hidalgo; 241.4 millones para Morelos; 287.1 millones para Puebla; 227 millones para Quer\u00e9taro; 228.7 millones para San Luis Potos\u00ed y 186.4 millones para Tlaxcala. A\u00f1adi\u00f3 que dichos recursos se entregan con base en el buen desempe\u00f1o y esfuerzo que realizan los gobiernos de los estados, y ejemplific\u00f3 el caso de Puebla, estado que reporta una tendencia a la baja en la incidencia delictiva en los \u00faltimos 8 meses, el homicidio doloso bajo13.5 por ciento; no se ha registrado un solo secuestro en los \u00faltimos 3 meses hay una disminuci\u00f3n del robo en sus distintas modalidades.<\/p><p>\u201cEse es el reto y el compromiso, si queremos lograr la pacificaci\u00f3n del pa\u00eds debemos trabajar juntos y juntas sin distinci\u00f3n de posiciones partidistas o pol\u00edticas, a nosotros en el Gobierno Federal, en el gobierno del presidente L\u00f3pez Obrador nos mueve el inter\u00e9s genuino de lograr el bienestar para todas y todos los mexicanos\u201d, concluy\u00f3 Rosa Icela Rodr\u00edguez, titular de Seguridad P\u00fablica del Gobierno de M\u00e9xico. Posterior a la firma de convenio, los titulares y representantes de las diversas entidades participaron en la entrega de 500 patrullas a presidentes municipales de Puebla.<\/p><p>Estuvieron presentes como parte de esta firma de convenio Ad\u00e1n Augusto L\u00f3pez Hern\u00e1ndez, Secretario de Gobernaci\u00f3n Federal y Clara Luz Flores Carrales, Secretaria Ejecutiva del Sistema Nacional de Seguridad P\u00fablica.<\/p><p>As\u00ed como, Mar\u00eda Teresa Jim\u00e9nez Esquivel, Gobernadora de Aguascalientes; Indira Vizca\u00edno Silva, Gobernadora de Colima; Alfredo Del Mazo Maza, Gobernador del Estado de M\u00e9xico; Evelyn Cecia Salgado Pineda, Gobernadora de Guerrero; Julio Ram\u00f3n Menchaca Salazar, Gobernador de Hidalgo; Mauricio Kuri Gonz\u00e1lez, Gobernador de Quer\u00e9taro; Jos\u00e9 Ricardo Gallardo Cardona, Gobernador de San Luis Potos\u00ed; secretario de Gobierno de Morelos, Jos\u00e9 Sotelo Salgado; y el secretario de Gobierno de Tlaxcala, Sergio Gonz\u00e1lez Hern\u00e1ndez.<\/p>\t\t\t\t\t\t<\/div>\n\t\t\t\t<\/div>\n\t\t\t\t\t<\/div>\n\t\t<\/div>\n\t\t\t\t\t\t\t<\/div>\n\t\t<\/section>\n\t\t\t\t\t\t\t<\/div>\n\t\t","protected":false},"excerpt":{"rendered":"<p>-\u201cEn la Ciudad de M\u00e9xico hemos reducido en estos cuatro a\u00f1os alrededor del 50% los delitos de alto impacto y esto ha sido gracias a una estrategia de coordinaci\u00f3n\u201d, se\u00f1al\u00f3 Claudia Sheinbaum &#8211; Este a\u00f1o por instrucci\u00f3n presidencial creci\u00f3 el Fondo de Aportaciones para la Seguridad P\u00fablica, en 10%, esto significa que para 2023 se [&hellip;]<\/p>\n","protected":false},"author":1,"featured_media":3032,"comment_status":"closed","ping_status":"closed","sticky":false,"template":"","format":"standard","meta":[],"categories":[3],"tags":[],"_links":{"self":[{"href":"https:\/\/www.diarionoti7.com.mx\/index.php?rest_route=\/wp\/v2\/posts\/3030"}],"collection":[{"href":"https:\/\/www.diarionoti7.com.mx\/index.php?rest_route=\/wp\/v2\/posts"}],"about":[{"href":"https:\/\/www.diarionoti7.com.mx\/index.php?rest_route=\/wp\/v2\/types\/post"}],"author":[{"embeddable":true,"href":"https:\/\/www.diarionoti7.com.mx\/index.php?rest_route=\/wp\/v2\/users\/1"}],"replies":[{"embeddable":true,"href":"https:\/\/www.diarionoti7.com.mx\/index.php?rest_route=%2Fwp%2Fv2%2Fcomments&post=3030"}],"version-history":[{"count":4,"href":"https:\/\/www.diarionoti7.com.mx\/index.php?rest_route=\/wp\/v2\/posts\/3030\/revisions"}],"predecessor-version":[{"id":3035,"href":"https:\/\/www.diarionoti7.com.mx\/index.php?rest_route=\/wp\/v2\/posts\/3030\/revisions\/3035"}],"wp:featuredmedia":[{"embeddable":true,"href":"https:\/\/www.diarionoti7.com.mx\/index.php?rest_route=\/wp\/v2\/media\/3032"}],"wp:attachment":[{"href":"https:\/\/www.diarionoti7.com.mx\/index.php?rest_route=%2Fwp%2Fv2%2Fmedia&parent=3030"}],"wp:term":[{"taxonomy":"category","embeddable":true,"href":"https:\/\/www.diarionoti7.com.mx\/index.php?rest_route=%2Fwp%2Fv2%2Fcategories&post=3030"},{"taxonomy":"post_tag","embeddable":true,"href":"https:\/\/www.diarionoti7.com.mx\/index.php?rest_route=%2Fwp%2Fv2%2Ftags&post=3030"}],"curies":[{"name":"wp","href":"https:\/\/api.w.org\/{rel}","templated":true}]}}