{"id":3018,"date":"2023-03-02T16:44:06","date_gmt":"2023-03-02T16:44:06","guid":{"rendered":"https:\/\/www.diarionoti7.com.mx\/?p=3018"},"modified":"2023-03-02T16:44:43","modified_gmt":"2023-03-02T16:44:43","slug":"carlos-arturo-sanchez-lugo-sera-el-titular-del-instituto-hidalguense-para-devolver-al-pueblo-lo-robado-julio-menchaca","status":"publish","type":"post","link":"https:\/\/www.diarionoti7.com.mx\/?p=3018","title":{"rendered":"Carlos Arturo S\u00e1nchez Lugo Ser\u00e1 el Titular del Instituto Hidalguense para Devolver al Pueblo lo Robado : Julio Menchaca."},"content":{"rendered":"\t\t<div data-elementor-type=\"wp-post\" data-elementor-id=\"3018\" class=\"elementor elementor-3018\">\n\t\t\t\t\t\t\t\t\t<section class=\"elementor-section elementor-top-section elementor-element elementor-element-51c23a4c elementor-section-boxed elementor-section-height-default elementor-section-height-default\" data-id=\"51c23a4c\" data-element_type=\"section\">\n\t\t\t\t\t\t<div class=\"elementor-container elementor-column-gap-default\">\n\t\t\t\t\t<div class=\"elementor-column elementor-col-100 elementor-top-column elementor-element elementor-element-7d2e0b6e\" data-id=\"7d2e0b6e\" data-element_type=\"column\">\n\t\t\t<div class=\"elementor-widget-wrap elementor-element-populated\">\n\t\t\t\t\t\t\t\t<div class=\"elementor-element elementor-element-2f2290cd elementor-widget elementor-widget-text-editor\" data-id=\"2f2290cd\" data-element_type=\"widget\" data-widget_type=\"text-editor.default\">\n\t\t\t\t<div class=\"elementor-widget-container\">\n\t\t\t<style>\/*! elementor - v3.10.2 - 29-01-2023 *\/\n.elementor-widget-text-editor.elementor-drop-cap-view-stacked .elementor-drop-cap{background-color:#818a91;color:#fff}.elementor-widget-text-editor.elementor-drop-cap-view-framed .elementor-drop-cap{color:#818a91;border:3px solid;background-color:transparent}.elementor-widget-text-editor:not(.elementor-drop-cap-view-default) .elementor-drop-cap{margin-top:8px}.elementor-widget-text-editor:not(.elementor-drop-cap-view-default) .elementor-drop-cap-letter{width:1em;height:1em}.elementor-widget-text-editor .elementor-drop-cap{float:left;text-align:center;line-height:1;font-size:50px}.elementor-widget-text-editor .elementor-drop-cap-letter{display:inline-block}<\/style>\t\t\t\t<p><strong>*El instituto surge como un organismo descentralizado de la administraci\u00f3n p\u00fablica estatal, por mandato de la Ley para la Administraci\u00f3n y Destino de Bienes Asegurados, Abandonados, Decomisados y Extinci\u00f3n de Dominio del Estado de Hidalgo<\/strong><\/p><p><strong>*\u201cVamos a aplicar los recursos que son derivados de actividades il\u00edcitas en bien de los sectores vulnerables, con transparencia, pero fundamentalmente con responsabilidad pol\u00edtica y social\u201d: JMS<\/strong><\/p><p><strong>Pachuca, Hgo; 1 de marzo de 2023.-<\/strong>En cumplimiento a uno de sus principales compromisos de campa\u00f1a, el gobernador de Hidalgo, Julio Menchaca Salazar, inform\u00f3 que Carlos Arturo S\u00e1nchez Lugo ser\u00e1 el titular del Instituto Hidalguense para Devolver al Pueblo lo Robado, organismo que administrar\u00e1 los recursos incautados en casos de corrupci\u00f3n, enajenaci\u00f3n judicial y de extinci\u00f3n de dominio en el estado.<\/p><p>\u201cVamos a aplicar los recursos que son derivados de actividades il\u00edcitas en bien de los sectores vulnerables, con transparencia, pero fundamentalmente con responsabilidad pol\u00edtica y social\u201d, enfatiz\u00f3.<\/p><p>Como lo hab\u00eda anunciado, el mandatario estatal record\u00f3 que los recursos antes referidos ser\u00e1n destinados a la atenci\u00f3n de los sectores m\u00e1s desfavorecidos de la entidad, en estricto apego a los lineamientos generados durante la creaci\u00f3n del Instituto para Devolver al Pueblo lo Robado a nivel nacional, proyecto en el que Menchaca Salazar particip\u00f3 como presidente de la Comisi\u00f3n de Justicia durante su paso por el Senado de la Rep\u00fablica.<\/p><p>A\u00f1adi\u00f3 que el instituto surge como un organismo descentralizado de la administraci\u00f3n p\u00fablica estatal, por mandato de la Ley para la Administraci\u00f3n y Destino de Bienes Asegurados, Abandonados, Decomisados y Extinci\u00f3n de Dominio del Estado de Hidalgo, publicada en el Peri\u00f3dico Oficial del Estado el 21 de diciembre de 2022, la cual entr\u00f3 en vigor el pasado 19 de febrero de 2023.<\/p><p>Con la puesta en marcha de este organismo estatal, el gobernador refrenda el compromiso de su administraci\u00f3n para que todo el recurso recuperado regrese a manos del pueblo hidalguense, como parte del combate frontal a la corrupci\u00f3n.<\/p><p>Respecto al personal con el que contar\u00e1 el Instituto Hidalguense para Devolver al Pueblo lo Robado, Menchaca Salazar inform\u00f3 que no se crear\u00e1n nuevas plazas, pues a trav\u00e9s de una reingenier\u00eda gubernamental se asignar\u00e1 a las y los colaboradores de esta dependencia.<\/p><p>La Junta de Gobierno qued\u00f3 integrada por la Secretar\u00eda de Finanzas P\u00fablicas, (presidencial del cuerpo colegiado), la Procuradur\u00eda General de Justicia del Estado de Hidalgo, el Tribunal Superior de Justicia del Estado de Hidalgo y la Secretar\u00eda de Gobierno.<\/p><p>Semblanza de Carlos Arturo S\u00e1nchez Lugo<\/p><p>Originario de la ciudad de Pachuca de Soto, Carlos Arturo S\u00e1nchez Lugo cuenta con 45 a\u00f1os de experiencia en el sector bancario, en su trayectoria ha ocupado puestos de gerencia en distintas zonas del pa\u00eds.<\/p><p>Destacan los siguientes cargos:<\/p><p>Titular de la Direcci\u00f3n General del Banco Mexicano Somex en los estados de Michoac\u00e1n, Chihuahua y en la zona norte de Sonora.<\/p><p>Gerente de Zona en Multibanco Comermex.<\/p><p>Director general en la mina de Acozac, en la Inmobiliaria y Constructora San Crist\u00f3bal y en la Uni\u00f3n de Cr\u00e9dito de Hidalgo.<\/p><p>Presidente del Centro Bancario de Pachuca en dos ocasiones.<\/p><p>Miembro de la C\u00e1mara Mexicana de la Industria de la Construcci\u00f3n.<\/p><p>Asesor del director del Banco del Bienestar.<\/p><p>Anterior a su llegada al Instituto Hidalguense para Devolver al Pueblo lo Robado se desempe\u00f1\u00f3 como director general de Negocios y Corresponsales del Banco del Bienestar.<\/p>\t\t\t\t\t\t<\/div>\n\t\t\t\t<\/div>\n\t\t\t\t\t<\/div>\n\t\t<\/div>\n\t\t\t\t\t\t\t<\/div>\n\t\t<\/section>\n\t\t\t\t\t\t\t<\/div>\n\t\t","protected":false},"excerpt":{"rendered":"<p>*El instituto surge como un organismo descentralizado de la administraci\u00f3n p\u00fablica estatal, por mandato de la Ley para la Administraci\u00f3n y Destino de Bienes Asegurados, Abandonados, Decomisados y Extinci\u00f3n de Dominio del Estado de Hidalgo *\u201cVamos a aplicar los recursos que son derivados de actividades il\u00edcitas en bien de los sectores vulnerables, con transparencia, pero [&hellip;]<\/p>\n","protected":false},"author":1,"featured_media":3020,"comment_status":"closed","ping_status":"closed","sticky":false,"template":"","format":"standard","meta":[],"categories":[7],"tags":[],"_links":{"self":[{"href":"https:\/\/www.diarionoti7.com.mx\/index.php?rest_route=\/wp\/v2\/posts\/3018"}],"collection":[{"href":"https:\/\/www.diarionoti7.com.mx\/index.php?rest_route=\/wp\/v2\/posts"}],"about":[{"href":"https:\/\/www.diarionoti7.com.mx\/index.php?rest_route=\/wp\/v2\/types\/post"}],"author":[{"embeddable":true,"href":"https:\/\/www.diarionoti7.com.mx\/index.php?rest_route=\/wp\/v2\/users\/1"}],"replies":[{"embeddable":true,"href":"https:\/\/www.diarionoti7.com.mx\/index.php?rest_route=%2Fwp%2Fv2%2Fcomments&post=3018"}],"version-history":[{"count":4,"href":"https:\/\/www.diarionoti7.com.mx\/index.php?rest_route=\/wp\/v2\/posts\/3018\/revisions"}],"predecessor-version":[{"id":3023,"href":"https:\/\/www.diarionoti7.com.mx\/index.php?rest_route=\/wp\/v2\/posts\/3018\/revisions\/3023"}],"wp:featuredmedia":[{"embeddable":true,"href":"https:\/\/www.diarionoti7.com.mx\/index.php?rest_route=\/wp\/v2\/media\/3020"}],"wp:attachment":[{"href":"https:\/\/www.diarionoti7.com.mx\/index.php?rest_route=%2Fwp%2Fv2%2Fmedia&parent=3018"}],"wp:term":[{"taxonomy":"category","embeddable":true,"href":"https:\/\/www.diarionoti7.com.mx\/index.php?rest_route=%2Fwp%2Fv2%2Fcategories&post=3018"},{"taxonomy":"post_tag","embeddable":true,"href":"https:\/\/www.diarionoti7.com.mx\/index.php?rest_route=%2Fwp%2Fv2%2Ftags&post=3018"}],"curies":[{"name":"wp","href":"https:\/\/api.w.org\/{rel}","templated":true}]}}