{"id":3006,"date":"2023-03-02T16:41:53","date_gmt":"2023-03-02T16:41:53","guid":{"rendered":"https:\/\/www.diarionoti7.com.mx\/?p=3006"},"modified":"2023-03-02T16:42:38","modified_gmt":"2023-03-02T16:42:38","slug":"promueve-sedeco-disminuir-brechas-de-genero-con-inclusion-en-el-sector-economico","status":"publish","type":"post","link":"https:\/\/www.diarionoti7.com.mx\/?p=3006","title":{"rendered":"Promueve Sedeco Disminuir Brechas de G\u00e9nero Con Inclusi\u00f3n en el Sector Econ\u00f3mico"},"content":{"rendered":"\t\t<div data-elementor-type=\"wp-post\" data-elementor-id=\"3006\" class=\"elementor elementor-3006\">\n\t\t\t\t\t\t\t\t\t<section class=\"elementor-section elementor-top-section elementor-element elementor-element-51c23a4c elementor-section-boxed elementor-section-height-default elementor-section-height-default\" data-id=\"51c23a4c\" data-element_type=\"section\">\n\t\t\t\t\t\t<div class=\"elementor-container elementor-column-gap-default\">\n\t\t\t\t\t<div class=\"elementor-column elementor-col-100 elementor-top-column elementor-element elementor-element-7d2e0b6e\" data-id=\"7d2e0b6e\" data-element_type=\"column\">\n\t\t\t<div class=\"elementor-widget-wrap elementor-element-populated\">\n\t\t\t\t\t\t\t\t<div class=\"elementor-element elementor-element-2f2290cd elementor-widget elementor-widget-text-editor\" data-id=\"2f2290cd\" data-element_type=\"widget\" data-widget_type=\"text-editor.default\">\n\t\t\t\t<div class=\"elementor-widget-container\">\n\t\t\t<style>\/*! elementor - v3.10.2 - 29-01-2023 *\/\n.elementor-widget-text-editor.elementor-drop-cap-view-stacked .elementor-drop-cap{background-color:#818a91;color:#fff}.elementor-widget-text-editor.elementor-drop-cap-view-framed .elementor-drop-cap{color:#818a91;border:3px solid;background-color:transparent}.elementor-widget-text-editor:not(.elementor-drop-cap-view-default) .elementor-drop-cap{margin-top:8px}.elementor-widget-text-editor:not(.elementor-drop-cap-view-default) .elementor-drop-cap-letter{width:1em;height:1em}.elementor-widget-text-editor .elementor-drop-cap{float:left;text-align:center;line-height:1;font-size:50px}.elementor-widget-text-editor .elementor-drop-cap-letter{display:inline-block}<\/style>\t\t\t\t<p><strong>*Los temas de g\u00e9nero dentro de gobierno del estado cuentan con el respaldo de gente con mucha experiencia en el tema<\/strong><\/p><p><strong>*-Se necesitan gobiernos y por ende Secretar\u00edas con Agendas de G\u00e9nero, s\u00f3lo as\u00ed se lograr\u00e1n presupuestos con lineamientos que garanticen la igualdad<\/strong><\/p><p><strong>Pachuca, Hgo. 1 de marzo de 2023.-<\/strong>En el marco de la instalaci\u00f3n y toma de protesta de las y los integrantes del Consejo General de Planeaci\u00f3n para la Agenda de G\u00e9nero de la Secretar\u00eda de Desarrollo Econ\u00f3mico, el titular Carlos Henkel Escorza expres\u00f3 que como parte de los objetivos de la Sedeco es garantizar la inclusi\u00f3n y participaci\u00f3n de todas y todos en igualdad de condiciones.<\/p><p>\u201cTrabajamos principalmente en el desarrollo econ\u00f3mico del estado a trav\u00e9s del acceso a oportunidades de empleo formal y mediante el impulso de programas y acciones orientadas a disminuir las brechas de g\u00e9nero y lograr la igualdad entre hombres y mujeres\u201d, resalt\u00f3.<\/p><p>Con la presencia de la directora general del Instituto Hidalguense de las Mujeres, Bertha Miranda Rodr\u00edguez, enfatiz\u00f3 que con voluntad y trabajo en armon\u00eda se lograr\u00e1n las metas enmarcadas en el objetivo general de la Pol\u00edtica Transversal, establecidas en el Plan Estatal de Desarrollo 2022 \u2013 2028, impulsado por el gobernador Julio Menchaca Salazar.<\/p><p>Henkel Escorza agradeci\u00f3 el apoyo del Instituto Hidalguense de las Mujeres para definir la transversalidad de las pol\u00edticas p\u00fablicas en materia econ\u00f3mica para la agenda de g\u00e9nero; y a quienes integran el consejo por sus aportaciones y compromiso para lograr un Hidalgo igualitario.<\/p><p>Destac\u00f3 que en esta secretar\u00eda hay un gran n\u00famero de mujeres colaborando y haciendo equipo con los hombres para trabajar de manera equitativa, con armon\u00eda y con resultados para desarrollar estrategias, programas y acciones que primero garanticen la igualdad al interior, y as\u00ed, desde cada una de las \u00e1reas impactar favorablemente hacia el exterior.<\/p><p>En su oportunidad, la directora general del IHM, Bertha Miranda, manifest\u00f3 que estas acciones m\u00e1s que ser institucionales, en esta administraci\u00f3n se hacen por voluntad, lo cual permite la transformaci\u00f3n de Hidalgo a trav\u00e9s de estrategias que abonen a la igualdad de g\u00e9nero.<\/p><p>Refiri\u00f3 que la Sedeco juega un papel importante al incorporar al sector productivo a las mujeres, principalmente a aquellas que desafortunadamente viven episodios de violencia o dependencia de sus parejas, y a trav\u00e9s de los programas y acciones que impulsa esta secretar\u00eda, se logra su empoderamiento y su independencia econ\u00f3mica.<\/p><p>Finalmente, la titular de la Unidad Institucional para la Igualdad entre Mujeres y Hombres de la Sedeco, Illeana Rodr\u00edguez, present\u00f3 el plan de trabajo y el calendario de sesiones con los cuales trabajar\u00e1 el consejo durante este a\u00f1o. \u200b<\/p>\t\t\t\t\t\t<\/div>\n\t\t\t\t<\/div>\n\t\t\t\t\t<\/div>\n\t\t<\/div>\n\t\t\t\t\t\t\t<\/div>\n\t\t<\/section>\n\t\t\t\t\t\t\t<\/div>\n\t\t","protected":false},"excerpt":{"rendered":"<p>*Los temas de g\u00e9nero dentro de gobierno del estado cuentan con el respaldo de gente con mucha experiencia en el tema *-Se necesitan gobiernos y por ende Secretar\u00edas con Agendas de G\u00e9nero, s\u00f3lo as\u00ed se lograr\u00e1n presupuestos con lineamientos que garanticen la igualdad Pachuca, Hgo. 1 de marzo de 2023.-En el marco de la instalaci\u00f3n [&hellip;]<\/p>\n","protected":false},"author":1,"featured_media":3008,"comment_status":"closed","ping_status":"closed","sticky":false,"template":"","format":"standard","meta":[],"categories":[7],"tags":[],"_links":{"self":[{"href":"https:\/\/www.diarionoti7.com.mx\/index.php?rest_route=\/wp\/v2\/posts\/3006"}],"collection":[{"href":"https:\/\/www.diarionoti7.com.mx\/index.php?rest_route=\/wp\/v2\/posts"}],"about":[{"href":"https:\/\/www.diarionoti7.com.mx\/index.php?rest_route=\/wp\/v2\/types\/post"}],"author":[{"embeddable":true,"href":"https:\/\/www.diarionoti7.com.mx\/index.php?rest_route=\/wp\/v2\/users\/1"}],"replies":[{"embeddable":true,"href":"https:\/\/www.diarionoti7.com.mx\/index.php?rest_route=%2Fwp%2Fv2%2Fcomments&post=3006"}],"version-history":[{"count":4,"href":"https:\/\/www.diarionoti7.com.mx\/index.php?rest_route=\/wp\/v2\/posts\/3006\/revisions"}],"predecessor-version":[{"id":3011,"href":"https:\/\/www.diarionoti7.com.mx\/index.php?rest_route=\/wp\/v2\/posts\/3006\/revisions\/3011"}],"wp:featuredmedia":[{"embeddable":true,"href":"https:\/\/www.diarionoti7.com.mx\/index.php?rest_route=\/wp\/v2\/media\/3008"}],"wp:attachment":[{"href":"https:\/\/www.diarionoti7.com.mx\/index.php?rest_route=%2Fwp%2Fv2%2Fmedia&parent=3006"}],"wp:term":[{"taxonomy":"category","embeddable":true,"href":"https:\/\/www.diarionoti7.com.mx\/index.php?rest_route=%2Fwp%2Fv2%2Fcategories&post=3006"},{"taxonomy":"post_tag","embeddable":true,"href":"https:\/\/www.diarionoti7.com.mx\/index.php?rest_route=%2Fwp%2Fv2%2Ftags&post=3006"}],"curies":[{"name":"wp","href":"https:\/\/api.w.org\/{rel}","templated":true}]}}