{"id":2994,"date":"2023-03-02T16:39:19","date_gmt":"2023-03-02T16:39:19","guid":{"rendered":"https:\/\/www.diarionoti7.com.mx\/?p=2994"},"modified":"2023-03-02T16:40:38","modified_gmt":"2023-03-02T16:40:38","slug":"signan-convenio-de-colaboracion-sedagroh-y-utmir-para-fortalecer-la-vinculacion-educativa-a-favor-del-campo","status":"publish","type":"post","link":"https:\/\/www.diarionoti7.com.mx\/?p=2994","title":{"rendered":"Signan Convenio de Colaboraci\u00f3n Sedagroh y UTMiR Para Fortalecer la Vinculaci\u00f3n Educativa a Favor Del Campo"},"content":{"rendered":"\t\t<div data-elementor-type=\"wp-post\" data-elementor-id=\"2994\" class=\"elementor elementor-2994\">\n\t\t\t\t\t\t\t\t\t<section class=\"elementor-section elementor-top-section elementor-element elementor-element-51c23a4c elementor-section-boxed elementor-section-height-default elementor-section-height-default\" data-id=\"51c23a4c\" data-element_type=\"section\">\n\t\t\t\t\t\t<div class=\"elementor-container elementor-column-gap-default\">\n\t\t\t\t\t<div class=\"elementor-column elementor-col-100 elementor-top-column elementor-element elementor-element-7d2e0b6e\" data-id=\"7d2e0b6e\" data-element_type=\"column\">\n\t\t\t<div class=\"elementor-widget-wrap elementor-element-populated\">\n\t\t\t\t\t\t\t\t<div class=\"elementor-element elementor-element-2f2290cd elementor-widget elementor-widget-text-editor\" data-id=\"2f2290cd\" data-element_type=\"widget\" data-widget_type=\"text-editor.default\">\n\t\t\t\t<div class=\"elementor-widget-container\">\n\t\t\t<style>\/*! elementor - v3.10.2 - 29-01-2023 *\/\n.elementor-widget-text-editor.elementor-drop-cap-view-stacked .elementor-drop-cap{background-color:#818a91;color:#fff}.elementor-widget-text-editor.elementor-drop-cap-view-framed .elementor-drop-cap{color:#818a91;border:3px solid;background-color:transparent}.elementor-widget-text-editor:not(.elementor-drop-cap-view-default) .elementor-drop-cap{margin-top:8px}.elementor-widget-text-editor:not(.elementor-drop-cap-view-default) .elementor-drop-cap-letter{width:1em;height:1em}.elementor-widget-text-editor .elementor-drop-cap{float:left;text-align:center;line-height:1;font-size:50px}.elementor-widget-text-editor .elementor-drop-cap-letter{display:inline-block}<\/style>\t\t\t\t<p><strong>*Fomentar\u00e1 el desarrollo de actividades conjuntas como talleres, cursos, congresos; entre otras actividades<\/strong><\/p><p><strong>Mineral de la Reforma, Hgo. 1 de marzo del 2023.-<\/strong>Con el objetivo de reforzar la colaboraci\u00f3n institucional y realizar actividades acad\u00e9micas en conjunto, donde estudiantes puedan conocer de cerca las acciones que se realizan en materia agropecuaria, la Secretar\u00eda de Desarrollo Agropecuario del Estado de Hidalgo (Sedagroh) firm\u00f3 un convenio de colaboraci\u00f3n con la Universidad Tecnol\u00f3gica de Mineral de la Reforma (UTMiR).<\/p><p>\u201cTal como nos lo ha pedido el gobernador Julio Menchaca Salazar, mantenemos un acercamiento constante con los productores, hombres y mujeres que trabajan el campo, pero tambi\u00e9n con la ciudadan\u00eda en general, en meses pasados realizamos diferentes fotos de consulta ciudadana, en la cual una de las demandas que m\u00e1s nos externaba la gente eran las capacitaciones\u201d, declar\u00f3 el titular de la Sedagroh, Napole\u00f3n Gonz\u00e1lez P\u00e9rez.<\/p><p>Dijo que con la firma de convenio se fortalece la educaci\u00f3n, \u201cpues ser\u00e1 de mucha utilidad para el campo hidalguense, donde los j\u00f3venes podr\u00e1n tener ese contacto directo con productores, que se enfrenten a la realidad que van a vivir una vez que salgan de la escuela\u201d.<\/p><p>Al dar su mensaje de bienvenida, V\u00edctor Manuel del Villar Delgadillo, rector de la UTMiR, destac\u00f3 \u201cque en esta universidad no s\u00f3lo se preparan estudiantes, tambi\u00e9n se cuenta con un gran capital humano muy sobresaliente; a trav\u00e9s del programa educativo de agrobiotecnolog\u00eda, con el que cuenta esta casa de estudios tambi\u00e9n se promueve el acercamiento con productores del estado\u201d.<\/p><p>La firma de este convenio de colaboraci\u00f3n favorecer\u00e1 el desarrollo de actividades conjuntas como talleres, cursos, congresos, diplomados, seminarios y estad\u00edas profesionales a favor del agro hidalguense.<\/p>\t\t\t\t\t\t<\/div>\n\t\t\t\t<\/div>\n\t\t\t\t\t<\/div>\n\t\t<\/div>\n\t\t\t\t\t\t\t<\/div>\n\t\t<\/section>\n\t\t\t\t\t\t\t<\/div>\n\t\t","protected":false},"excerpt":{"rendered":"<p>*Fomentar\u00e1 el desarrollo de actividades conjuntas como talleres, cursos, congresos; entre otras actividades Mineral de la Reforma, Hgo. 1 de marzo del 2023.-Con el objetivo de reforzar la colaboraci\u00f3n institucional y realizar actividades acad\u00e9micas en conjunto, donde estudiantes puedan conocer de cerca las acciones que se realizan en materia agropecuaria, la Secretar\u00eda de Desarrollo Agropecuario [&hellip;]<\/p>\n","protected":false},"author":1,"featured_media":2996,"comment_status":"closed","ping_status":"closed","sticky":false,"template":"","format":"standard","meta":[],"categories":[7],"tags":[],"_links":{"self":[{"href":"https:\/\/www.diarionoti7.com.mx\/index.php?rest_route=\/wp\/v2\/posts\/2994"}],"collection":[{"href":"https:\/\/www.diarionoti7.com.mx\/index.php?rest_route=\/wp\/v2\/posts"}],"about":[{"href":"https:\/\/www.diarionoti7.com.mx\/index.php?rest_route=\/wp\/v2\/types\/post"}],"author":[{"embeddable":true,"href":"https:\/\/www.diarionoti7.com.mx\/index.php?rest_route=\/wp\/v2\/users\/1"}],"replies":[{"embeddable":true,"href":"https:\/\/www.diarionoti7.com.mx\/index.php?rest_route=%2Fwp%2Fv2%2Fcomments&post=2994"}],"version-history":[{"count":4,"href":"https:\/\/www.diarionoti7.com.mx\/index.php?rest_route=\/wp\/v2\/posts\/2994\/revisions"}],"predecessor-version":[{"id":2999,"href":"https:\/\/www.diarionoti7.com.mx\/index.php?rest_route=\/wp\/v2\/posts\/2994\/revisions\/2999"}],"wp:featuredmedia":[{"embeddable":true,"href":"https:\/\/www.diarionoti7.com.mx\/index.php?rest_route=\/wp\/v2\/media\/2996"}],"wp:attachment":[{"href":"https:\/\/www.diarionoti7.com.mx\/index.php?rest_route=%2Fwp%2Fv2%2Fmedia&parent=2994"}],"wp:term":[{"taxonomy":"category","embeddable":true,"href":"https:\/\/www.diarionoti7.com.mx\/index.php?rest_route=%2Fwp%2Fv2%2Fcategories&post=2994"},{"taxonomy":"post_tag","embeddable":true,"href":"https:\/\/www.diarionoti7.com.mx\/index.php?rest_route=%2Fwp%2Fv2%2Ftags&post=2994"}],"curies":[{"name":"wp","href":"https:\/\/api.w.org\/{rel}","templated":true}]}}