{"id":2988,"date":"2023-03-02T16:38:20","date_gmt":"2023-03-02T16:38:20","guid":{"rendered":"https:\/\/www.diarionoti7.com.mx\/?p=2988"},"modified":"2023-03-02T16:39:04","modified_gmt":"2023-03-02T16:39:04","slug":"instala-lxv-legislatura-segundo-periodo-ordinario-de-sesiones","status":"publish","type":"post","link":"https:\/\/www.diarionoti7.com.mx\/?p=2988","title":{"rendered":"Instala LXV Legislatura Segundo Periodo Ordinario De Sesiones"},"content":{"rendered":"\t\t<div data-elementor-type=\"wp-post\" data-elementor-id=\"2988\" class=\"elementor elementor-2988\">\n\t\t\t\t\t\t\t\t\t<section class=\"elementor-section elementor-top-section elementor-element elementor-element-51c23a4c elementor-section-boxed elementor-section-height-default elementor-section-height-default\" data-id=\"51c23a4c\" data-element_type=\"section\">\n\t\t\t\t\t\t<div class=\"elementor-container elementor-column-gap-default\">\n\t\t\t\t\t<div class=\"elementor-column elementor-col-100 elementor-top-column elementor-element elementor-element-7d2e0b6e\" data-id=\"7d2e0b6e\" data-element_type=\"column\">\n\t\t\t<div class=\"elementor-widget-wrap elementor-element-populated\">\n\t\t\t\t\t\t\t\t<div class=\"elementor-element elementor-element-2f2290cd elementor-widget elementor-widget-text-editor\" data-id=\"2f2290cd\" data-element_type=\"widget\" data-widget_type=\"text-editor.default\">\n\t\t\t\t<div class=\"elementor-widget-container\">\n\t\t\t<style>\/*! elementor - v3.10.2 - 29-01-2023 *\/\n.elementor-widget-text-editor.elementor-drop-cap-view-stacked .elementor-drop-cap{background-color:#818a91;color:#fff}.elementor-widget-text-editor.elementor-drop-cap-view-framed .elementor-drop-cap{color:#818a91;border:3px solid;background-color:transparent}.elementor-widget-text-editor:not(.elementor-drop-cap-view-default) .elementor-drop-cap{margin-top:8px}.elementor-widget-text-editor:not(.elementor-drop-cap-view-default) .elementor-drop-cap-letter{width:1em;height:1em}.elementor-widget-text-editor .elementor-drop-cap{float:left;text-align:center;line-height:1;font-size:50px}.elementor-widget-text-editor .elementor-drop-cap-letter{display:inline-block}<\/style>\t\t\t\t<p><strong>Pachuca, Hgo. 1 de marzo de 2023.-<\/strong>En sesi\u00f3n ordinaria de la LXV Legislatura del Congreso de Hidalgo fue instalado el Segundo Periodo Ordinario del Segundo A\u00f1o del Ejercicio Constitucional, que estar\u00e1 en funciones a partir de este primero de marzo hasta el 31 de julio.<\/p><p>La presidenta de la mesa directiva, Adelfa Z\u00fa\u00f1iga Fuentes, cit\u00f3 a las y los integrantes del Pleno para la sesi\u00f3n ordinaria del pr\u00f3ximo lunes 6 de marzo, en la cual atender\u00e1n las iniciativas enviadas por el gobernador de Hidalgo, Julio Menchaca Salazar, referente a la expedici\u00f3n de la Ley Org\u00e1nica de la Administraci\u00f3n P\u00fablica, as\u00ed como la reforma y adici\u00f3n al art\u00edculo tercero de la Constituci\u00f3n Pol\u00edtica de la entidad.<\/p>\t\t\t\t\t\t<\/div>\n\t\t\t\t<\/div>\n\t\t\t\t\t<\/div>\n\t\t<\/div>\n\t\t\t\t\t\t\t<\/div>\n\t\t<\/section>\n\t\t\t\t\t\t\t<\/div>\n\t\t","protected":false},"excerpt":{"rendered":"<p>Pachuca, Hgo. 1 de marzo de 2023.-En sesi\u00f3n ordinaria de la LXV Legislatura del Congreso de Hidalgo fue instalado el Segundo Periodo Ordinario del Segundo A\u00f1o del Ejercicio Constitucional, que estar\u00e1 en funciones a partir de este primero de marzo hasta el 31 de julio. La presidenta de la mesa directiva, Adelfa Z\u00fa\u00f1iga Fuentes, cit\u00f3 [&hellip;]<\/p>\n","protected":false},"author":1,"featured_media":2990,"comment_status":"closed","ping_status":"closed","sticky":false,"template":"","format":"standard","meta":[],"categories":[7],"tags":[],"_links":{"self":[{"href":"https:\/\/www.diarionoti7.com.mx\/index.php?rest_route=\/wp\/v2\/posts\/2988"}],"collection":[{"href":"https:\/\/www.diarionoti7.com.mx\/index.php?rest_route=\/wp\/v2\/posts"}],"about":[{"href":"https:\/\/www.diarionoti7.com.mx\/index.php?rest_route=\/wp\/v2\/types\/post"}],"author":[{"embeddable":true,"href":"https:\/\/www.diarionoti7.com.mx\/index.php?rest_route=\/wp\/v2\/users\/1"}],"replies":[{"embeddable":true,"href":"https:\/\/www.diarionoti7.com.mx\/index.php?rest_route=%2Fwp%2Fv2%2Fcomments&post=2988"}],"version-history":[{"count":4,"href":"https:\/\/www.diarionoti7.com.mx\/index.php?rest_route=\/wp\/v2\/posts\/2988\/revisions"}],"predecessor-version":[{"id":2993,"href":"https:\/\/www.diarionoti7.com.mx\/index.php?rest_route=\/wp\/v2\/posts\/2988\/revisions\/2993"}],"wp:featuredmedia":[{"embeddable":true,"href":"https:\/\/www.diarionoti7.com.mx\/index.php?rest_route=\/wp\/v2\/media\/2990"}],"wp:attachment":[{"href":"https:\/\/www.diarionoti7.com.mx\/index.php?rest_route=%2Fwp%2Fv2%2Fmedia&parent=2988"}],"wp:term":[{"taxonomy":"category","embeddable":true,"href":"https:\/\/www.diarionoti7.com.mx\/index.php?rest_route=%2Fwp%2Fv2%2Fcategories&post=2988"},{"taxonomy":"post_tag","embeddable":true,"href":"https:\/\/www.diarionoti7.com.mx\/index.php?rest_route=%2Fwp%2Fv2%2Ftags&post=2988"}],"curies":[{"name":"wp","href":"https:\/\/api.w.org\/{rel}","templated":true}]}}