{"id":2970,"date":"2023-03-02T16:33:46","date_gmt":"2023-03-02T16:33:46","guid":{"rendered":"https:\/\/www.diarionoti7.com.mx\/?p=2970"},"modified":"2023-03-02T16:34:49","modified_gmt":"2023-03-02T16:34:49","slug":"hidalgo-es-un-ejemplo-de-trabajo-colaborativo-para-la-mejora-continua-de-la-educacion","status":"publish","type":"post","link":"https:\/\/www.diarionoti7.com.mx\/?p=2970","title":{"rendered":"Hidalgo es un Ejemplo de Trabajo Colaborativo Para la Mejora Continua de la Educaci\u00f3n"},"content":{"rendered":"\t\t<div data-elementor-type=\"wp-post\" data-elementor-id=\"2970\" class=\"elementor elementor-2970\">\n\t\t\t\t\t\t\t\t\t<section class=\"elementor-section elementor-top-section elementor-element elementor-element-51c23a4c elementor-section-boxed elementor-section-height-default elementor-section-height-default\" data-id=\"51c23a4c\" data-element_type=\"section\">\n\t\t\t\t\t\t<div class=\"elementor-container elementor-column-gap-default\">\n\t\t\t\t\t<div class=\"elementor-column elementor-col-100 elementor-top-column elementor-element elementor-element-7d2e0b6e\" data-id=\"7d2e0b6e\" data-element_type=\"column\">\n\t\t\t<div class=\"elementor-widget-wrap elementor-element-populated\">\n\t\t\t\t\t\t\t\t<div class=\"elementor-element elementor-element-2f2290cd elementor-widget elementor-widget-text-editor\" data-id=\"2f2290cd\" data-element_type=\"widget\" data-widget_type=\"text-editor.default\">\n\t\t\t\t<div class=\"elementor-widget-container\">\n\t\t\t<style>\/*! elementor - v3.10.2 - 29-01-2023 *\/\n.elementor-widget-text-editor.elementor-drop-cap-view-stacked .elementor-drop-cap{background-color:#818a91;color:#fff}.elementor-widget-text-editor.elementor-drop-cap-view-framed .elementor-drop-cap{color:#818a91;border:3px solid;background-color:transparent}.elementor-widget-text-editor:not(.elementor-drop-cap-view-default) .elementor-drop-cap{margin-top:8px}.elementor-widget-text-editor:not(.elementor-drop-cap-view-default) .elementor-drop-cap-letter{width:1em;height:1em}.elementor-widget-text-editor .elementor-drop-cap{float:left;text-align:center;line-height:1;font-size:50px}.elementor-widget-text-editor .elementor-drop-cap-letter{display:inline-block}<\/style>\t\t\t\t<p><strong>*Avanzan los trabajos derivados del convenio de colaboraci\u00f3n entre SEPH y Mejoredu<\/strong><\/p><p><strong>Pachuca, Hgo. 1 de marzo de 2023.-<\/strong>\u201cHidalgo es un ejemplo de trabajo colaborativo para la mejora continua de la educaci\u00f3n\u201d, afirm\u00f3 el comisionado de la junta directiva de la Comisi\u00f3n Nacional para la Mejora Continua de la Educaci\u00f3n (Mejoredu), Florentino Castro L\u00f3pez, durante los trabajos derivados del convenio de colaboraci\u00f3n entre el organismo y la Secretar\u00eda de Educaci\u00f3n P\u00fablica de Hidalgo (SEPH).<\/p><p>Castro L\u00f3pez agradeci\u00f3 el apoyo del gobernador Julio Menchaca Salazar y del secretario de Educaci\u00f3n de la entidad, Natividad Castrej\u00f3n Valdez, en quienes dijo ha encontrado grandes aliados.<\/p><p>La mejor forma de trabajar por la educaci\u00f3n es hacerlo de manera conjunta con las autoridades educativas estatales y federales, indic\u00f3 el funcionario federal.<\/p><p>X\u00f3chitl Garc\u00eda Curiel, subsecretaria de Planeaci\u00f3n y Evaluaci\u00f3n de la SEPH, indic\u00f3 que Hidalgo garantiza el derecho a una educaci\u00f3n de calidad, competitiva, equitativa e incluyente.<\/p><p>En su intervenci\u00f3n el director general de Evaluaci\u00f3n de la SEPH, Arturo Calder\u00f3n Hern\u00e1ndez, expuso que dentro del programa sectorial de educaci\u00f3n de la entidad se trabajar\u00e1, entre otras cosas, en promover valores humanistas desde la pr\u00e1ctica educativa, favorecer la permanencia, el egreso oportuno, rehabilitar, dar mantenimiento a la infraestructura educativa, mejorar el mobiliario y el equipamiento tecnol\u00f3gico.<\/p><p>Representantes de ambas instituciones acordaron que la Unidad de Evaluaci\u00f3n Diagn\u00f3stica de Mejoredu apoyar\u00e1 a la SEPH en el dise\u00f1o de instrumentos de evaluaci\u00f3n diagn\u00f3stica y formativa; conjuntamente trabajar\u00e1n en la construcci\u00f3n de estrategias para la recuperaci\u00f3n del aprendizaje y en el tema de educaci\u00f3n y salud socioemocional.<\/p><p>Adem\u00e1s, establecieron que la Unidad de Vinculaci\u00f3n e Integralidad del Aprendizaje pondr\u00e1 a disposici\u00f3n de la SEPH un acompa\u00f1amiento para alinear los esfuerzos en materia de formaci\u00f3n docente y construir su programa en esa materia.<\/p><p>El pasado 9 de febrero el gobernador de Hidalgo, Julio Menchaca Salazar, fue testigo de honor de la firma del convenio, que fortalece el intercambio de informaci\u00f3n entre Mejoredu y SEPH con la finalidad de transformar el sistema educativo en la entidad.<\/p><p>El mandatario hidalguense dijo, en esa ocasi\u00f3n, que el convenio aprovechar\u00e1 la experiencia del Gobierno de M\u00e9xico para beneficiar a la entidad con instrumentos de actualizaci\u00f3n.<\/p>\t\t\t\t\t\t<\/div>\n\t\t\t\t<\/div>\n\t\t\t\t\t<\/div>\n\t\t<\/div>\n\t\t\t\t\t\t\t<\/div>\n\t\t<\/section>\n\t\t\t\t\t\t\t<\/div>\n\t\t","protected":false},"excerpt":{"rendered":"<p>*Avanzan los trabajos derivados del convenio de colaboraci\u00f3n entre SEPH y Mejoredu Pachuca, Hgo. 1 de marzo de 2023.-\u201cHidalgo es un ejemplo de trabajo colaborativo para la mejora continua de la educaci\u00f3n\u201d, afirm\u00f3 el comisionado de la junta directiva de la Comisi\u00f3n Nacional para la Mejora Continua de la Educaci\u00f3n (Mejoredu), Florentino Castro L\u00f3pez, durante [&hellip;]<\/p>\n","protected":false},"author":1,"featured_media":2972,"comment_status":"closed","ping_status":"closed","sticky":false,"template":"","format":"standard","meta":[],"categories":[4],"tags":[],"_links":{"self":[{"href":"https:\/\/www.diarionoti7.com.mx\/index.php?rest_route=\/wp\/v2\/posts\/2970"}],"collection":[{"href":"https:\/\/www.diarionoti7.com.mx\/index.php?rest_route=\/wp\/v2\/posts"}],"about":[{"href":"https:\/\/www.diarionoti7.com.mx\/index.php?rest_route=\/wp\/v2\/types\/post"}],"author":[{"embeddable":true,"href":"https:\/\/www.diarionoti7.com.mx\/index.php?rest_route=\/wp\/v2\/users\/1"}],"replies":[{"embeddable":true,"href":"https:\/\/www.diarionoti7.com.mx\/index.php?rest_route=%2Fwp%2Fv2%2Fcomments&post=2970"}],"version-history":[{"count":4,"href":"https:\/\/www.diarionoti7.com.mx\/index.php?rest_route=\/wp\/v2\/posts\/2970\/revisions"}],"predecessor-version":[{"id":2975,"href":"https:\/\/www.diarionoti7.com.mx\/index.php?rest_route=\/wp\/v2\/posts\/2970\/revisions\/2975"}],"wp:featuredmedia":[{"embeddable":true,"href":"https:\/\/www.diarionoti7.com.mx\/index.php?rest_route=\/wp\/v2\/media\/2972"}],"wp:attachment":[{"href":"https:\/\/www.diarionoti7.com.mx\/index.php?rest_route=%2Fwp%2Fv2%2Fmedia&parent=2970"}],"wp:term":[{"taxonomy":"category","embeddable":true,"href":"https:\/\/www.diarionoti7.com.mx\/index.php?rest_route=%2Fwp%2Fv2%2Fcategories&post=2970"},{"taxonomy":"post_tag","embeddable":true,"href":"https:\/\/www.diarionoti7.com.mx\/index.php?rest_route=%2Fwp%2Fv2%2Ftags&post=2970"}],"curies":[{"name":"wp","href":"https:\/\/api.w.org\/{rel}","templated":true}]}}