{"id":2958,"date":"2023-03-02T16:31:32","date_gmt":"2023-03-02T16:31:32","guid":{"rendered":"https:\/\/www.diarionoti7.com.mx\/?p=2958"},"modified":"2023-03-02T16:32:24","modified_gmt":"2023-03-02T16:32:24","slug":"mejorasi-nuevo-credito-de-infonavit-canek-vazquez","status":"publish","type":"post","link":"https:\/\/www.diarionoti7.com.mx\/?p=2958","title":{"rendered":"Mejoras\u00ed, Nuevo Cr\u00e9dito de Infonavit: Canek V\u00e1zquez"},"content":{"rendered":"\t\t<div data-elementor-type=\"wp-post\" data-elementor-id=\"2958\" class=\"elementor elementor-2958\">\n\t\t\t\t\t\t\t\t\t<section class=\"elementor-section elementor-top-section elementor-element elementor-element-51c23a4c elementor-section-boxed elementor-section-height-default elementor-section-height-default\" data-id=\"51c23a4c\" data-element_type=\"section\">\n\t\t\t\t\t\t<div class=\"elementor-container elementor-column-gap-default\">\n\t\t\t\t\t<div class=\"elementor-column elementor-col-100 elementor-top-column elementor-element elementor-element-7d2e0b6e\" data-id=\"7d2e0b6e\" data-element_type=\"column\">\n\t\t\t<div class=\"elementor-widget-wrap elementor-element-populated\">\n\t\t\t\t\t\t\t\t<div class=\"elementor-element elementor-element-2f2290cd elementor-widget elementor-widget-text-editor\" data-id=\"2f2290cd\" data-element_type=\"widget\" data-widget_type=\"text-editor.default\">\n\t\t\t\t<div class=\"elementor-widget-container\">\n\t\t\t<style>\/*! elementor - v3.10.2 - 29-01-2023 *\/\n.elementor-widget-text-editor.elementor-drop-cap-view-stacked .elementor-drop-cap{background-color:#818a91;color:#fff}.elementor-widget-text-editor.elementor-drop-cap-view-framed .elementor-drop-cap{color:#818a91;border:3px solid;background-color:transparent}.elementor-widget-text-editor:not(.elementor-drop-cap-view-default) .elementor-drop-cap{margin-top:8px}.elementor-widget-text-editor:not(.elementor-drop-cap-view-default) .elementor-drop-cap-letter{width:1em;height:1em}.elementor-widget-text-editor .elementor-drop-cap{float:left;text-align:center;line-height:1;font-size:50px}.elementor-widget-text-editor .elementor-drop-cap-letter{display:inline-block}<\/style>\t\t\t\t<p><strong>&#8211;\u00a0 Dirigido a personas que actualmente no cotizan en la seguridad social y que cuentan con ahorros en su Subcuenta de Vivienda<\/strong><\/p><p><strong>*M\u00e1s de 180 mil hidalguenses podr\u00edan acceder a este cr\u00e9dito<\/strong><\/p><p><strong>*Hasta 139 mil pesos para mejora o remodelaci\u00f3n de vivienda<\/strong><\/p><p><strong>Pachuca, Hgo. 1 de marzo de 2023.-<\/strong> En beneficio de las personas que no cotizan actualmente en la seguridad social, Infonavit present\u00f3 un nuevo cr\u00e9dito para mejora de vivienda, as\u00ed lo inform\u00f3 el Delegado del Infonavit en Hidalgo, Canek V\u00e1zquez, quien tambi\u00e9n hizo referencia al anuncio oficial del Director General del Instituto, Carlos Mart\u00ednez Vel\u00e1zquez, se\u00f1alando que este nuevo cr\u00e9dito es un avance en materia de justicia laboral e inclusi\u00f3n financiera, para la poblaci\u00f3n que por distintas razones no cotizan en alguna instituci\u00f3n.\u00a0<\/p><p>Canek V\u00e1zquez explic\u00f3 que \u201ceste nuevo producto crediticio, beneficiar\u00e1 a las personas que lo soliciten con montos que van desde los 4 mil 856 pesos a los 139 mil pesos, con una tasa de inter\u00e9s desde un 0 a un 4%, contando con un plazo para liquidarlo de hasta 5 a\u00f1os\u201d.<\/p><p>El Delegado explic\u00f3 que \u201csi la persona que adquiere este cr\u00e9dito vuelve a emplearse formalmente, el empleador aplicar\u00e1 las retenciones correspondientes para pagar el cr\u00e9dito y las aportaciones se abonar\u00e1n a capital, adem\u00e1s, al contratar el cr\u00e9dito, las personas contar\u00e1n con seguro de defunci\u00f3n e incapacidad total permanente\u201d.<\/p><p>El representante del Infonavit detall\u00f3 que para acceder a MejOraS\u00ed se requiere contar en la Subcuenta de Vivienda un monto m\u00ednimo de 5 mil 400 pesos, estar registrada o registrado en una Afore, autorizar la consulta al Bur\u00f3 de Cr\u00e9dito, llenar un cuestionario socioecon\u00f3mico, la vivienda en la cual se har\u00e1n las mejoras debe ser habitada por el derechohabiente, ya sea que est\u00e9 a su nombre o reconocida ante el Registro P\u00fablico de la Propiedad o que se acredite la leg\u00edtima tenencia y tener m\u00e1ximo 60 a\u00f1os de edad\u201d.<\/p><p>Finalmente, Canek V\u00e1zquez destac\u00f3 que \u201cMejOraS\u00ed es un nuevo producto que responde a las necesidades reales de la gente y que ampl\u00eda las posibilidades para formar un patrimonio\u201d, agreg\u00f3 que \u201cen Hidalgo hay m\u00e1s de 181 mil personas que podr\u00edan solicitar este financiamiento, por lo que se invita las personas interesadas en este nuevo producto de cr\u00e9dito a que accedan a Mi Cuenta Infonavit (micuenta.infonavit.org.mx) para iniciar su tr\u00e1mite y posteriormente dirigirse al Centro de Servicio (CESI) m\u00e1s cercano para concluirlo\u201d.<\/p>\t\t\t\t\t\t<\/div>\n\t\t\t\t<\/div>\n\t\t\t\t\t<\/div>\n\t\t<\/div>\n\t\t\t\t\t\t\t<\/div>\n\t\t<\/section>\n\t\t\t\t\t\t\t<\/div>\n\t\t","protected":false},"excerpt":{"rendered":"<p>&#8211;\u00a0 Dirigido a personas que actualmente no cotizan en la seguridad social y que cuentan con ahorros en su Subcuenta de Vivienda *M\u00e1s de 180 mil hidalguenses podr\u00edan acceder a este cr\u00e9dito *Hasta 139 mil pesos para mejora o remodelaci\u00f3n de vivienda Pachuca, Hgo. 1 de marzo de 2023.- En beneficio de las personas que [&hellip;]<\/p>\n","protected":false},"author":1,"featured_media":2960,"comment_status":"closed","ping_status":"closed","sticky":false,"template":"","format":"standard","meta":[],"categories":[6],"tags":[],"_links":{"self":[{"href":"https:\/\/www.diarionoti7.com.mx\/index.php?rest_route=\/wp\/v2\/posts\/2958"}],"collection":[{"href":"https:\/\/www.diarionoti7.com.mx\/index.php?rest_route=\/wp\/v2\/posts"}],"about":[{"href":"https:\/\/www.diarionoti7.com.mx\/index.php?rest_route=\/wp\/v2\/types\/post"}],"author":[{"embeddable":true,"href":"https:\/\/www.diarionoti7.com.mx\/index.php?rest_route=\/wp\/v2\/users\/1"}],"replies":[{"embeddable":true,"href":"https:\/\/www.diarionoti7.com.mx\/index.php?rest_route=%2Fwp%2Fv2%2Fcomments&post=2958"}],"version-history":[{"count":4,"href":"https:\/\/www.diarionoti7.com.mx\/index.php?rest_route=\/wp\/v2\/posts\/2958\/revisions"}],"predecessor-version":[{"id":2963,"href":"https:\/\/www.diarionoti7.com.mx\/index.php?rest_route=\/wp\/v2\/posts\/2958\/revisions\/2963"}],"wp:featuredmedia":[{"embeddable":true,"href":"https:\/\/www.diarionoti7.com.mx\/index.php?rest_route=\/wp\/v2\/media\/2960"}],"wp:attachment":[{"href":"https:\/\/www.diarionoti7.com.mx\/index.php?rest_route=%2Fwp%2Fv2%2Fmedia&parent=2958"}],"wp:term":[{"taxonomy":"category","embeddable":true,"href":"https:\/\/www.diarionoti7.com.mx\/index.php?rest_route=%2Fwp%2Fv2%2Fcategories&post=2958"},{"taxonomy":"post_tag","embeddable":true,"href":"https:\/\/www.diarionoti7.com.mx\/index.php?rest_route=%2Fwp%2Fv2%2Ftags&post=2958"}],"curies":[{"name":"wp","href":"https:\/\/api.w.org\/{rel}","templated":true}]}}