{"id":2952,"date":"2023-03-02T16:30:20","date_gmt":"2023-03-02T16:30:20","guid":{"rendered":"https:\/\/www.diarionoti7.com.mx\/?p=2952"},"modified":"2023-03-02T16:31:00","modified_gmt":"2023-03-02T16:31:00","slug":"concanaco-servytur-mexico-avala-cualquier-iniciativa-encaminada-a-mejorar-el-crecimiento-personal-y-profesional-de-los-trabajadores","status":"publish","type":"post","link":"https:\/\/www.diarionoti7.com.mx\/?p=2952","title":{"rendered":"CONCANACO SERVYTUR M\u00e9xico Avala Cualquier Iniciativa Encaminada a Mejorar el Crecimiento Personal y Profesional De Los Trabajadores"},"content":{"rendered":"\t\t<div data-elementor-type=\"wp-post\" data-elementor-id=\"2952\" class=\"elementor elementor-2952\">\n\t\t\t\t\t\t\t\t\t<section class=\"elementor-section elementor-top-section elementor-element elementor-element-51c23a4c elementor-section-boxed elementor-section-height-default elementor-section-height-default\" data-id=\"51c23a4c\" data-element_type=\"section\">\n\t\t\t\t\t\t<div class=\"elementor-container elementor-column-gap-default\">\n\t\t\t\t\t<div class=\"elementor-column elementor-col-100 elementor-top-column elementor-element elementor-element-7d2e0b6e\" data-id=\"7d2e0b6e\" data-element_type=\"column\">\n\t\t\t<div class=\"elementor-widget-wrap elementor-element-populated\">\n\t\t\t\t\t\t\t\t<div class=\"elementor-element elementor-element-2f2290cd elementor-widget elementor-widget-text-editor\" data-id=\"2f2290cd\" data-element_type=\"widget\" data-widget_type=\"text-editor.default\">\n\t\t\t\t<div class=\"elementor-widget-container\">\n\t\t\t<style>\/*! elementor - v3.10.2 - 29-01-2023 *\/\n.elementor-widget-text-editor.elementor-drop-cap-view-stacked .elementor-drop-cap{background-color:#818a91;color:#fff}.elementor-widget-text-editor.elementor-drop-cap-view-framed .elementor-drop-cap{color:#818a91;border:3px solid;background-color:transparent}.elementor-widget-text-editor:not(.elementor-drop-cap-view-default) .elementor-drop-cap{margin-top:8px}.elementor-widget-text-editor:not(.elementor-drop-cap-view-default) .elementor-drop-cap-letter{width:1em;height:1em}.elementor-widget-text-editor .elementor-drop-cap{float:left;text-align:center;line-height:1;font-size:50px}.elementor-widget-text-editor .elementor-drop-cap-letter{display:inline-block}<\/style>\t\t\t\t<p><strong>*La Confederaci\u00f3n promueve la conquista y el respeto de los derechos laborales, con planeaci\u00f3n y por el bien del crecimiento de M\u00e9xico<\/strong><\/p><p><strong>Ciudad de M\u00e9xico, 1 de marzo de 2023.-<\/strong>La Confederaci\u00f3n de C\u00e1maras Nacionales de Comercio, Servicios y Turismo (CONCANACO SERVYTUR M\u00e9xico) avala cualquier iniciativa encaminada a mejorar el crecimiento personal y profesional de los trabajadores, siempre que se planee adecuadamente y est\u00e9 en consonancia con el desarrollo econ\u00f3mico del pa\u00eds.<\/p><p>El organismo c\u00fapula analizar\u00e1 en profundidad la propuesta del Partido Verde presentada en el Senado de la Rep\u00fablica para reformar la Ley Federal del Trabajo y ampliar de 15 a 30 d\u00edas el monto m\u00ednimo del aguinaldo. El proyecto busca modificar el art\u00edculo 87 de la Ley Federal del Trabajo (LFT) para establecer un pago m\u00ednimo de 30 d\u00edas para esta prestaci\u00f3n laboral.<\/p><p>La Confederaci\u00f3n se manifiesta a favor de la dignificaci\u00f3n de la calidad de vida de los trabajadores; prueba de este compromiso es que el organismo c\u00fapula, en conjunto con el IMSS, ha impulsado el programa ELSSA (Entornos Laborales Seguros y Saludables) en el sector Comercio, Servicios y Turismo, que persigue precisamente el bienestar en entornos laborales; por mencionar solo un ejemplo de las muchas iniciativas que lleva a cabo.<\/p><p>Esta y cualquier otra iniciativa debe tener en cuenta, adem\u00e1s, a la empresa mexicana como motor de la econom\u00eda de M\u00e9xico, como, desde el r\u00e9gimen formal, generadora de empleo y creadora de riqueza, as\u00ed como sus posibilidades y el esfuerzo realizado para superar la peor crisis recordada por el pa\u00eds en los \u00faltimos a\u00f1os, la pandemia por Covid \u2013 19.<\/p><p>\u201cMuchas de las empresas, generadoras en M\u00e9xico de empleo y riqueza, todav\u00eda se encuentran en plena reactivaci\u00f3n tras la crisis causada por la pandemia por Covid \u2013 19, obst\u00e1culo al que se suma la informalidad. Necesitamos iniciativas acompa\u00f1adas de est\u00edmulos que puedan revertir esta situaci\u00f3n y que ayuden al fortalecimiento de las empresas, las cu\u00e1les son las generadoras de empleo y bienestar social para nuestro pa\u00eds\u201d, record\u00f3 el presidente de la CONCANACO SERVYTUR M\u00e9xico, H\u00e9ctor Tejada Shaar.<\/p><p>As\u00ed, dicha iniciativa debe acompa\u00f1arse, especialmente en el caso de micros, peque\u00f1as y medianas firmas, de est\u00edmulos fiscales, capaces de aliviar la carga contributiva de las empresas formales, sobre las que se sostiene el bienestar de los trabajadores -y que enfrentan la competencia desleal de la informalidad, donde la vulnerabilidad de empleados y colaboradores es manifiesta-.<\/p><p>\u201cEstamos por supuesto abiertos a discutir cualquier modificaci\u00f3n legislativa que sea en beneficio tanto de las personas trabajadoras como de las empresas, motor de la econom\u00eda de M\u00e9xico, todos estamos en el mismo bando por el crecimiento econ\u00f3mico de M\u00e9xico\u201d, se\u00f1al\u00f3 Tejada Shaar. \u201dNo obstante se requiere anticipaci\u00f3n y planeaci\u00f3n, as\u00ed como la consulta a los organismos empresariales\u201d.<\/p><p>La CONCANACO SERVYTUR M\u00e9xico es el organismo c\u00fapula que representa a m\u00e1s de 4.5 millones de empresas del sector de Comercio, Servicios y Turismo, responsable del 60 por ciento del PIB y de la creaci\u00f3n de seis de cada 10 empleos formales.<\/p>\t\t\t\t\t\t<\/div>\n\t\t\t\t<\/div>\n\t\t\t\t\t<\/div>\n\t\t<\/div>\n\t\t\t\t\t\t\t<\/div>\n\t\t<\/section>\n\t\t\t\t\t\t\t<\/div>\n\t\t","protected":false},"excerpt":{"rendered":"<p>*La Confederaci\u00f3n promueve la conquista y el respeto de los derechos laborales, con planeaci\u00f3n y por el bien del crecimiento de M\u00e9xico Ciudad de M\u00e9xico, 1 de marzo de 2023.-La Confederaci\u00f3n de C\u00e1maras Nacionales de Comercio, Servicios y Turismo (CONCANACO SERVYTUR M\u00e9xico) avala cualquier iniciativa encaminada a mejorar el crecimiento personal y profesional de los [&hellip;]<\/p>\n","protected":false},"author":1,"featured_media":2954,"comment_status":"closed","ping_status":"closed","sticky":false,"template":"","format":"standard","meta":[],"categories":[6],"tags":[],"_links":{"self":[{"href":"https:\/\/www.diarionoti7.com.mx\/index.php?rest_route=\/wp\/v2\/posts\/2952"}],"collection":[{"href":"https:\/\/www.diarionoti7.com.mx\/index.php?rest_route=\/wp\/v2\/posts"}],"about":[{"href":"https:\/\/www.diarionoti7.com.mx\/index.php?rest_route=\/wp\/v2\/types\/post"}],"author":[{"embeddable":true,"href":"https:\/\/www.diarionoti7.com.mx\/index.php?rest_route=\/wp\/v2\/users\/1"}],"replies":[{"embeddable":true,"href":"https:\/\/www.diarionoti7.com.mx\/index.php?rest_route=%2Fwp%2Fv2%2Fcomments&post=2952"}],"version-history":[{"count":4,"href":"https:\/\/www.diarionoti7.com.mx\/index.php?rest_route=\/wp\/v2\/posts\/2952\/revisions"}],"predecessor-version":[{"id":2957,"href":"https:\/\/www.diarionoti7.com.mx\/index.php?rest_route=\/wp\/v2\/posts\/2952\/revisions\/2957"}],"wp:featuredmedia":[{"embeddable":true,"href":"https:\/\/www.diarionoti7.com.mx\/index.php?rest_route=\/wp\/v2\/media\/2954"}],"wp:attachment":[{"href":"https:\/\/www.diarionoti7.com.mx\/index.php?rest_route=%2Fwp%2Fv2%2Fmedia&parent=2952"}],"wp:term":[{"taxonomy":"category","embeddable":true,"href":"https:\/\/www.diarionoti7.com.mx\/index.php?rest_route=%2Fwp%2Fv2%2Fcategories&post=2952"},{"taxonomy":"post_tag","embeddable":true,"href":"https:\/\/www.diarionoti7.com.mx\/index.php?rest_route=%2Fwp%2Fv2%2Ftags&post=2952"}],"curies":[{"name":"wp","href":"https:\/\/api.w.org\/{rel}","templated":true}]}}